{"id":28032,"date":"2015-03-10T08:19:59","date_gmt":"2015-03-10T07:19:59","guid":{"rendered":"http:\/\/www.slatina.hr\/?p=28032"},"modified":"2015-03-10T08:19:59","modified_gmt":"2015-03-10T07:19:59","slug":"predavanje-na-inicijativu-savjeta-mladih-grada-slatine-nove-droge","status":"publish","type":"post","link":"https:\/\/www.slatina.hr\/portal\/predavanje-na-inicijativu-savjeta-mladih-grada-slatine-nove-droge\/","title":{"rendered":"Predavanje na inicijativu Savjeta mladih Grada Slatine \u2013 \u201cNove droge\u201d"},"content":{"rendered":"<p>Na poziv \u010dlanova Savjeta mladih\u00a0Grada Slatine, danas je u holu Srednje \u0161kole Marka Maruli\u0107a za u\u010denike 2. razreda gimnazije i ekonomskih usmjerenja organizirano predavanje o tzv. \u201cnovim drogama\u201d popularno nazvanim \u201clegalicama\u201d. Predavanje je odr\u017eao dr. Miroslav Venus, ravnatelj Zavoda za javno zdravstvo Sv. Rok Viroviti\u010dko-podravske \u017eupanije.<br \/>\nPod pojmom \u201enove droge\u201c podrazumijevaju se kemijske supstance koje se nalaze u sastojcima brojnih komercijalnih proizvoda poput soli za kupanje, osvje\u017eiva\u010da zraka i sl., \u00a0a koji se zloupotrebljavaju naj\u010de\u0161\u0107e udisanjem odnosno putem mije\u0161anja sa cigaretama i nekim drugim sredstvima.<br \/>\nNeposredni povod za ovo predavanje je tragi\u010dan doga\u0111aj od prije nekoliko dana u Zagrebu kada je 15-godi\u0161njak preminuo od, pretpostavlja se, posljedica udisanja osvje\u017eiva\u010da prostora kojeg je pomije\u0161ao sa cigaretom.<br \/>\nCilj predavanja je ukazati i upozoriti vr\u0161njake tragi\u010dno preminulog mladog \u010dovjeka da potencijalna konzumacija takvih proizvoda nije nikakva bezazlena igra, koja mo\u017ee zavr\u0161iti vrlo tragi\u010dno \u010dak i fatalno.<br \/>\nGlavni izvor tzv. \u201elegalnih droga\u201c je internet i tzv. Smart shopovi, kojih na svu sre\u0107u na podru\u010dju Grada Slatine i na\u0161e \u017eupanije jo\u0161 uvijek nema.<br \/>\nDr. Venus nagla\u0161ava da su istra\u017eivanja pokazala da vrlo mali broj adolescenata odmah zapo\u010dinje sa konzumacijom \u201clegalnih\u201d ili ilegalnih te\u0161kih droga. Prva faza naj\u010de\u0161\u0107e po\u010dinje s cigaretama koje su za njih tako\u0111er ilegalno sredstvo ovisnosti budu\u0107i da su maloljetni pa se kasnije prelazi na te\u017ee vrste droga. (www.radioslatina.hr)<\/p>\n","protected":false},"excerpt":{"rendered":"<p>Na poziv \u010dlanova Savjeta mladih\u00a0Grada Slatine, danas je u holu Srednje \u0161kole Marka Maruli\u0107a za u\u010denike 2. razreda gimnazije i ekonomskih usmjerenja organizirano predavanje o<span class=\"excerpt-hellip\"> [\u2026]<\/span><\/p>\n","protected":false},"author":1,"featured_media":28034,"comment_status":"closed","ping_status":"closed","sticky":false,"template":"","format":"standard","meta":{"ngg_post_thumbnail":0,"footnotes":""},"categories":[136],"tags":[],"class_list":["post-28032","post","type-post","status-publish","format-standard","has-post-thumbnail","hentry","category-grad-slatina"],"_links":{"self":[{"href":"https:\/\/www.slatina.hr\/portal\/wp-json\/wp\/v2\/posts\/28032","targetHints":{"allow":["GET"]}}],"collection":[{"href":"https:\/\/www.slatina.hr\/portal\/wp-json\/wp\/v2\/posts"}],"about":[{"href":"https:\/\/www.slatina.hr\/portal\/wp-json\/wp\/v2\/types\/post"}],"author":[{"embeddable":true,"href":"https:\/\/www.slatina.hr\/portal\/wp-json\/wp\/v2\/users\/1"}],"replies":[{"embeddable":true,"href":"https:\/\/www.slatina.hr\/portal\/wp-json\/wp\/v2\/comments?post=28032"}],"version-history":[{"count":0,"href":"https:\/\/www.slatina.hr\/portal\/wp-json\/wp\/v2\/posts\/28032\/revisions"}],"wp:featuredmedia":[{"embeddable":true,"href":"https:\/\/www.slatina.hr\/portal\/wp-json\/wp\/v2\/media\/28034"}],"wp:attachment":[{"href":"https:\/\/www.slatina.hr\/portal\/wp-json\/wp\/v2\/media?parent=28032"}],"wp:term":[{"taxonomy":"category","embeddable":true,"href":"https:\/\/www.slatina.hr\/portal\/wp-json\/wp\/v2\/categories?post=28032"},{"taxonomy":"post_tag","embeddable":true,"href":"https:\/\/www.slatina.hr\/portal\/wp-json\/wp\/v2\/tags?post=28032"}],"curies":[{"name":"wp","href":"https:\/\/api.w.org\/{rel}","templated":true}]}}