{"id":24376,"date":"2015-01-02T14:16:53","date_gmt":"2015-01-02T13:16:53","guid":{"rendered":"http:\/\/www.slatina.hr\/?p=24376"},"modified":"2015-01-02T14:16:53","modified_gmt":"2015-01-02T13:16:53","slug":"zupan-tolusic-posjetio-lauru-poslek-prvo-dijete-iz-vpz-rodeno-u-2015-godini","status":"publish","type":"post","link":"https:\/\/www.slatina.hr\/portal\/zupan-tolusic-posjetio-lauru-poslek-prvo-dijete-iz-vpz-rodeno-u-2015-godini\/","title":{"rendered":"\u017dupan Tolu\u0161i\u0107 posjetio Lauru Poslek, prvo dijete iz VP\u017d ro\u0111eno u 2015. godini"},"content":{"rendered":"<p>Prvu bebu s podru\u010dja Viroviti\u010dko-podravske \u017eupanije ro\u0111enu na rodili\u0161tu Op\u0107e bolnice Virovitica u 2015. godini, Lauru Poslek, ve\u0107 tradicionalno su posjetili i darovali \u017eupan Tomislav Tolu\u0161i\u0107 i zamjenik \u017eupana Zdravko Dijakovi\u0107. Djevoj\u010dica Laura ro\u0111ena u 18.22 sata 1. sije\u010dnja, duga 49 cm i te\u0161ka 2880 grama. Mami Moniki Poslek iz \u0160pi\u0161i\u0107 Bukovice i njenoj djevoj\u010dici, uz \u017eupana i do\u017eupana, poklone su donijeli i svako dobro po\u017eeljeli pro\u010delnica ureda \u017eupana Jasna Abramovi\u0107 te na\u010delnik op\u0107ine \u0160pi\u0161i\u0107 Bukovica Hrvoje Miler sa suradnicima.<\/p>\n<p>Na odjelu su ugledne goste do\u010dekali Voditelj Odjela za ginekologiju i porodni\u0161tvo Jadranko \u0160egregur, sanacijska upraviteljica OB Virovitica Marijana \u017divko i pomo\u0107nica upraviteljice za sestrinstvo Marija Felende\u0161 te osoblje odjela. (vpz.hr)<\/p>\n<p><a href=\"http:\/\/www.slatina.hr\/wp-content\/uploads\/2015\/01\/gg_watermarked_85ad2f910aaae6b230df1f385f66bf35_RT_80.jpg\"><img loading=\"lazy\" decoding=\"async\" class=\"alignnone wp-image-24379 size-large\" src=\"http:\/\/www.slatina.hr\/wp-content\/uploads\/2015\/01\/gg_watermarked_85ad2f910aaae6b230df1f385f66bf35_RT_80-600x400.jpg\" alt=\"gg_watermarked_85ad2f910aaae6b230df1f385f66bf35_RT_80\" width=\"600\" height=\"400\" \/><\/a><\/p>\n","protected":false},"excerpt":{"rendered":"<p>Prvu bebu s podru\u010dja Viroviti\u010dko-podravske \u017eupanije ro\u0111enu na rodili\u0161tu Op\u0107e bolnice Virovitica u 2015. godini, Lauru Poslek, ve\u0107 tradicionalno su posjetili i darovali \u017eupan Tomislav<span class=\"excerpt-hellip\"> [\u2026]<\/span><\/p>\n","protected":false},"author":1,"featured_media":24378,"comment_status":"closed","ping_status":"closed","sticky":false,"template":"","format":"standard","meta":{"ngg_post_thumbnail":0,"footnotes":""},"categories":[138],"tags":[],"class_list":["post-24376","post","type-post","status-publish","format-standard","has-post-thumbnail","hentry","category-zupanija-i-opcine"],"_links":{"self":[{"href":"https:\/\/www.slatina.hr\/portal\/wp-json\/wp\/v2\/posts\/24376","targetHints":{"allow":["GET"]}}],"collection":[{"href":"https:\/\/www.slatina.hr\/portal\/wp-json\/wp\/v2\/posts"}],"about":[{"href":"https:\/\/www.slatina.hr\/portal\/wp-json\/wp\/v2\/types\/post"}],"author":[{"embeddable":true,"href":"https:\/\/www.slatina.hr\/portal\/wp-json\/wp\/v2\/users\/1"}],"replies":[{"embeddable":true,"href":"https:\/\/www.slatina.hr\/portal\/wp-json\/wp\/v2\/comments?post=24376"}],"version-history":[{"count":0,"href":"https:\/\/www.slatina.hr\/portal\/wp-json\/wp\/v2\/posts\/24376\/revisions"}],"wp:featuredmedia":[{"embeddable":true,"href":"https:\/\/www.slatina.hr\/portal\/wp-json\/wp\/v2\/media\/24378"}],"wp:attachment":[{"href":"https:\/\/www.slatina.hr\/portal\/wp-json\/wp\/v2\/media?parent=24376"}],"wp:term":[{"taxonomy":"category","embeddable":true,"href":"https:\/\/www.slatina.hr\/portal\/wp-json\/wp\/v2\/categories?post=24376"},{"taxonomy":"post_tag","embeddable":true,"href":"https:\/\/www.slatina.hr\/portal\/wp-json\/wp\/v2\/tags?post=24376"}],"curies":[{"name":"wp","href":"https:\/\/api.w.org\/{rel}","templated":true}]}}