{"id":2155,"date":"2013-04-26T15:47:35","date_gmt":"2013-04-26T13:47:35","guid":{"rendered":"http:\/\/www.slatina.hr\/?p=2155"},"modified":"2013-04-26T15:47:35","modified_gmt":"2013-04-26T13:47:35","slug":"pocela-gradnja-kapele-svete-ane-u-donjim-meljanima","status":"publish","type":"post","link":"https:\/\/www.slatina.hr\/portal\/pocela-gradnja-kapele-svete-ane-u-donjim-meljanima\/","title":{"rendered":"Po\u010dela gradnja kapele svete Ane u Donjim Meljanima"},"content":{"rendered":"<p>Va\u017ean segment u \u017eivotu gra\u0111ana Slatine i prigradskih naselja je i vjerski \u017eivot kojem Grad Slatina pridaje veliku va\u017enost. Tim povodom gradona\u010delnik grada Slatine Ivan Ro\u0161ta\u0161 sa svojim suradnicima u gradskoj vije\u0107nici primio je \u017eupnika \u017dupe bla\u017eenog Ivana Merza, Nikolu Ju\u0161i\u0107a s kojim je razgovarao o projektu gradnje budu\u0107e \u017eupne crkve, te o pomo\u0107i oko organizacije obilje\u017eavanja blagdana bl. Ivana Merza kada \u0107e se ujedno simboli\u010dno po\u010deti s gradnjom nove \u017eupne crkve. Podsjetimo gradona\u010delnik Ro\u0161ta\u0161 ve\u0107 je donio rje\u0161enje o osloba\u0111anju od obveze pla\u0107anja naknade za priklju\u010denje na komunalne vodne gra\u0111evine za javnu vodoopskrbu i javnu odvodnju budu\u0107e \u017eupne crkve bla\u017eenog Ivana Merza. Grad je uklju\u010den i u gradnju kapele sv. Ane u Donjim Meljanima za koju je darovao zemlji\u0161te, te oslobodio od pla\u0107anja komunalnih doprinosa. Grad je u proteklo vrijeme redovito pomagao svim vjerskim zajednicama, tako je izme\u0111u ostalog i Srpskoj pravoslavnoj crkvenoj op\u0107ini Slatina dodijelio financijsku pomo\u0107 za obnovu krovi\u0161ta na parohijskom domu u Slatini, a kr\u0161\u0107anskoj adventisti\u010dkoj crkvi Slatina ve\u0107 niz godina dodjeljuje financijska sredstva za sufinanciranje Me\u0111unarodnog dje\u010djeg festivala duhovne glazbe &#8211; Slatina fest. (slatina.hr)<\/p>\nngg_shortcode_0_placeholder\n","protected":false},"excerpt":{"rendered":"<p>Va\u017ean segment u \u017eivotu gra\u0111ana Slatine i prigradskih naselja je i vjerski \u017eivot kojem Grad Slatina pridaje veliku va\u017enost. Tim povodom gradona\u010delnik grada Slatine Ivan<span class=\"excerpt-hellip\"> [\u2026]<\/span><\/p>\n","protected":false},"author":1,"featured_media":2157,"comment_status":"closed","ping_status":"closed","sticky":false,"template":"","format":"standard","meta":{"ngg_post_thumbnail":0,"footnotes":""},"categories":[136],"tags":[],"class_list":["post-2155","post","type-post","status-publish","format-standard","has-post-thumbnail","hentry","category-grad-slatina"],"_links":{"self":[{"href":"https:\/\/www.slatina.hr\/portal\/wp-json\/wp\/v2\/posts\/2155","targetHints":{"allow":["GET"]}}],"collection":[{"href":"https:\/\/www.slatina.hr\/portal\/wp-json\/wp\/v2\/posts"}],"about":[{"href":"https:\/\/www.slatina.hr\/portal\/wp-json\/wp\/v2\/types\/post"}],"author":[{"embeddable":true,"href":"https:\/\/www.slatina.hr\/portal\/wp-json\/wp\/v2\/users\/1"}],"replies":[{"embeddable":true,"href":"https:\/\/www.slatina.hr\/portal\/wp-json\/wp\/v2\/comments?post=2155"}],"version-history":[{"count":0,"href":"https:\/\/www.slatina.hr\/portal\/wp-json\/wp\/v2\/posts\/2155\/revisions"}],"wp:featuredmedia":[{"embeddable":true,"href":"https:\/\/www.slatina.hr\/portal\/wp-json\/wp\/v2\/media\/2157"}],"wp:attachment":[{"href":"https:\/\/www.slatina.hr\/portal\/wp-json\/wp\/v2\/media?parent=2155"}],"wp:term":[{"taxonomy":"category","embeddable":true,"href":"https:\/\/www.slatina.hr\/portal\/wp-json\/wp\/v2\/categories?post=2155"},{"taxonomy":"post_tag","embeddable":true,"href":"https:\/\/www.slatina.hr\/portal\/wp-json\/wp\/v2\/tags?post=2155"}],"curies":[{"name":"wp","href":"https:\/\/api.w.org\/{rel}","templated":true}]}}