{"id":20969,"date":"2014-11-27T06:44:56","date_gmt":"2014-11-27T05:44:56","guid":{"rendered":"http:\/\/www.slatina.hr\/?p=20969"},"modified":"2014-11-27T06:44:56","modified_gmt":"2014-11-27T05:44:56","slug":"obiljezena-obljetnica-pogibije-perice-sabe","status":"publish","type":"post","link":"https:\/\/www.slatina.hr\/portal\/obiljezena-obljetnica-pogibije-perice-sabe\/","title":{"rendered":"Obilje\u017eena obljetnica pogibije Perice Sabe"},"content":{"rendered":"<p>U organizaciji Mjesnog odbora i Nogometnog kluba Kozice obilje\u017eena je obljetnica pogibije hrvatskog branitelja, pripadnika 136. slatinske brigade, Perice Sabe. Nakon \u0161to su upaljene svije\u0107e na mjestu stradavanja u \u010cojlugu, zapo\u010deo je memorijalni maraton do Kozica a sudionici su zapalili svije\u0107e i na grobu u Kozicama te kod spomen plo\u010de na Mjesnom domu. Po dolasku na odredi\u0161te u Mjesni dom Kozice sudionicima maratona zahvalili su se Dario Medved, predsjednik kozi\u010dkog Mjesnog Odbora, Marija Mara\u010di\u0107, predsjednica Udruge roditelja poginulih branitelja Slatine i Orahovice, Ivan Vu\u010dinac, izaslanik slatinskog gradona\u010delnika, te Pavo Tutenov, predsjednik udruge Glasnici Istine \u2013 hrvatski maratonci \u010diji su \u010dlanovi istr\u010dali memorijalnu utrku. Zahvalnice sudionicima uru\u010dila je Anica Sabo, majka poginulog Perice Sabe. (icv.hr)<\/p>\n<p><!-- default-view.php -->\n<div\n\tclass=\"ngg-galleryoverview default-view\n\t ngg-ajax-pagination-none\t\"\n\tid=\"ngg-gallery-a9c296433344f8b3e07f0e141d0d3c77-1\"\n\tdata-nextgen-gallery-id=\"763\"\n\tdata-gallery-id=\"763\"\n\t\tdata-gallery-name=\"12-3-2025 grad masla\u010dak 1\"\n\t>\n\n\t\t<!-- Thumbnails -->\n\t\t\t\t<div id=\"ngg-image-0\" class=\"ngg-gallery-thumbnail-box\n\t\t\t\t\t\t\t\t\t\t\t\"\n\t\t\t>\n\t\t\t\t\t\t<div class=\"ngg-gallery-thumbnail\">\n\t\t<a href=\"https:\/\/www.slatina.hr\/portal\/wp-content\/gallery\/12-3-2025-grad-maslacak-1\/IMG_7962_1024x683.JPG?t=1741783284\"\n\t\t\ttitle=\"\"\n\t\t\tdata-src=\"https:\/\/www.slatina.hr\/portal\/wp-content\/gallery\/12-3-2025-grad-maslacak-1\/IMG_7962_1024x683.JPG?t=1741783284\"\n\t\t\tdata-thumbnail=\"https:\/\/www.slatina.hr\/portal\/wp-content\/gallery\/12-3-2025-grad-maslacak-1\/thumbs\/thumbs_IMG_7962_1024x683.JPG?t=1741783284\"\n\t\t\tdata-image-id=\"12054\"\n\t\t\tdata-image-name=\"IMG_7962_1024x683.JPG\"\n\t\t\tdata-title=\"IMG_7962_1024x683\"\n\t\t\tdata-description=\"\"\n\t\t\tdata-image-slug=\"img_7962_1024x683\"\n\t\t\t\t\t\t\t\t\t\t\t\t\t\t\t\t\t\t\t\tclass=\"ngg-fancybox\" rel=\"a9c296433344f8b3e07f0e141d0d3c77\">\n\t\t\t\t\t\t\t\t<img\n\t\t\t\t\ttitle=\"IMG_7962_1024x683\"\n\t\t\t\t\talt=\"IMG_7962_1024x683\"\n\t\t\t\t\tsrc=\"https:\/\/www.slatina.hr\/portal\/wp-content\/gallery\/12-3-2025-grad-maslacak-1\/thumbs\/thumbs_IMG_7962_1024x683.JPG?t=1741783284\"\n\t\t\t\t\twidth=\"240\"\n\t\t\t\t\theight=\"160\"\n\t\t\t\t\tstyle=\"max-width:100%;\"\n\t\t\t\t\/>\n\t\t\t<\/a>\n\t\t<\/div>\n\t\t\t\t\t\t\t<\/div>\n\t\t\t\n\t\t\t\t<div id=\"ngg-image-1\" class=\"ngg-gallery-thumbnail-box\n\t\t\t\t\t\t\t\t\t\t\t\"\n\t\t\t>\n\t\t\t\t\t\t<div class=\"ngg-gallery-thumbnail\">\n\t\t<a href=\"https:\/\/www.slatina.hr\/portal\/wp-content\/gallery\/12-3-2025-grad-maslacak-1\/IMG_7951_1024x683.JPG?t=1741783284\"\n\t\t\ttitle=\"\"\n\t\t\tdata-src=\"https:\/\/www.slatina.hr\/portal\/wp-content\/gallery\/12-3-2025-grad-maslacak-1\/IMG_7951_1024x683.JPG?t=1741783284\"\n\t\t\tdata-thumbnail=\"https:\/\/www.slatina.hr\/portal\/wp-content\/gallery\/12-3-2025-grad-maslacak-1\/thumbs\/thumbs_IMG_7951_1024x683.JPG?t=1741783284\"\n\t\t\tdata-image-id=\"12055\"\n\t\t\tdata-image-name=\"IMG_7951_1024x683.JPG\"\n\t\t\tdata-title=\"IMG_7951_1024x683\"\n\t\t\tdata-description=\"\"\n\t\t\tdata-image-slug=\"img_7951_1024x683\"\n\t\t\t\t\t\t\t\t\t\t\t\t\t\t\t\t\t\t\t\tclass=\"ngg-fancybox\" rel=\"a9c296433344f8b3e07f0e141d0d3c77\">\n\t\t\t\t\t\t\t\t<img\n\t\t\t\t\ttitle=\"IMG_7951_1024x683\"\n\t\t\t\t\talt=\"IMG_7951_1024x683\"\n\t\t\t\t\tsrc=\"https:\/\/www.slatina.hr\/portal\/wp-content\/gallery\/12-3-2025-grad-maslacak-1\/thumbs\/thumbs_IMG_7951_1024x683.JPG?t=1741783284\"\n\t\t\t\t\twidth=\"240\"\n\t\t\t\t\theight=\"160\"\n\t\t\t\t\tstyle=\"max-width:100%;\"\n\t\t\t\t\/>\n\t\t\t<\/a>\n\t\t<\/div>\n\t\t\t\t\t\t\t<\/div>\n\t\t\t\n\t\t\t\t<div id=\"ngg-image-2\" class=\"ngg-gallery-thumbnail-box\n\t\t\t\t\t\t\t\t\t\t\t\"\n\t\t\t>\n\t\t\t\t\t\t<div class=\"ngg-gallery-thumbnail\">\n\t\t<a href=\"https:\/\/www.slatina.hr\/portal\/wp-content\/gallery\/12-3-2025-grad-maslacak-1\/IMG_7955_1024x683.JPG?t=1741783284\"\n\t\t\ttitle=\"\"\n\t\t\tdata-src=\"https:\/\/www.slatina.hr\/portal\/wp-content\/gallery\/12-3-2025-grad-maslacak-1\/IMG_7955_1024x683.JPG?t=1741783284\"\n\t\t\tdata-thumbnail=\"https:\/\/www.slatina.hr\/portal\/wp-content\/gallery\/12-3-2025-grad-maslacak-1\/thumbs\/thumbs_IMG_7955_1024x683.JPG?t=1741783284\"\n\t\t\tdata-image-id=\"12056\"\n\t\t\tdata-image-name=\"IMG_7955_1024x683.JPG\"\n\t\t\tdata-title=\"IMG_7955_1024x683\"\n\t\t\tdata-description=\"\"\n\t\t\tdata-image-slug=\"img_7955_1024x683\"\n\t\t\t\t\t\t\t\t\t\t\t\t\t\t\t\t\t\t\t\tclass=\"ngg-fancybox\" rel=\"a9c296433344f8b3e07f0e141d0d3c77\">\n\t\t\t\t\t\t\t\t<img\n\t\t\t\t\ttitle=\"IMG_7955_1024x683\"\n\t\t\t\t\talt=\"IMG_7955_1024x683\"\n\t\t\t\t\tsrc=\"https:\/\/www.slatina.hr\/portal\/wp-content\/gallery\/12-3-2025-grad-maslacak-1\/thumbs\/thumbs_IMG_7955_1024x683.JPG?t=1741783284\"\n\t\t\t\t\twidth=\"240\"\n\t\t\t\t\theight=\"160\"\n\t\t\t\t\tstyle=\"max-width:100%;\"\n\t\t\t\t\/>\n\t\t\t<\/a>\n\t\t<\/div>\n\t\t\t\t\t\t\t<\/div>\n\t\t\t\n\t\t\t\t<div id=\"ngg-image-3\" class=\"ngg-gallery-thumbnail-box\n\t\t\t\t\t\t\t\t\t\t\t\"\n\t\t\t>\n\t\t\t\t\t\t<div class=\"ngg-gallery-thumbnail\">\n\t\t<a href=\"https:\/\/www.slatina.hr\/portal\/wp-content\/gallery\/12-3-2025-grad-maslacak-1\/IMG_7956_1024x683.JPG?t=1741783284\"\n\t\t\ttitle=\"\"\n\t\t\tdata-src=\"https:\/\/www.slatina.hr\/portal\/wp-content\/gallery\/12-3-2025-grad-maslacak-1\/IMG_7956_1024x683.JPG?t=1741783284\"\n\t\t\tdata-thumbnail=\"https:\/\/www.slatina.hr\/portal\/wp-content\/gallery\/12-3-2025-grad-maslacak-1\/thumbs\/thumbs_IMG_7956_1024x683.JPG?t=1741783284\"\n\t\t\tdata-image-id=\"12057\"\n\t\t\tdata-image-name=\"IMG_7956_1024x683.JPG\"\n\t\t\tdata-title=\"IMG_7956_1024x683\"\n\t\t\tdata-description=\"\"\n\t\t\tdata-image-slug=\"img_7956_1024x683-1\"\n\t\t\t\t\t\t\t\t\t\t\t\t\t\t\t\t\t\t\t\tclass=\"ngg-fancybox\" rel=\"a9c296433344f8b3e07f0e141d0d3c77\">\n\t\t\t\t\t\t\t\t<img\n\t\t\t\t\ttitle=\"IMG_7956_1024x683\"\n\t\t\t\t\talt=\"IMG_7956_1024x683\"\n\t\t\t\t\tsrc=\"https:\/\/www.slatina.hr\/portal\/wp-content\/gallery\/12-3-2025-grad-maslacak-1\/thumbs\/thumbs_IMG_7956_1024x683.JPG?t=1741783284\"\n\t\t\t\t\twidth=\"240\"\n\t\t\t\t\theight=\"160\"\n\t\t\t\t\tstyle=\"max-width:100%;\"\n\t\t\t\t\/>\n\t\t\t<\/a>\n\t\t<\/div>\n\t\t\t\t\t\t\t<\/div>\n\t\t\t\n\t\t\t\t<div id=\"ngg-image-4\" class=\"ngg-gallery-thumbnail-box\n\t\t\t\t\t\t\t\t\t\t\t\"\n\t\t\t>\n\t\t\t\t\t\t<div class=\"ngg-gallery-thumbnail\">\n\t\t<a href=\"https:\/\/www.slatina.hr\/portal\/wp-content\/gallery\/12-3-2025-grad-maslacak-1\/IMG_7961_1024x683.JPG?t=1741783284\"\n\t\t\ttitle=\"\"\n\t\t\tdata-src=\"https:\/\/www.slatina.hr\/portal\/wp-content\/gallery\/12-3-2025-grad-maslacak-1\/IMG_7961_1024x683.JPG?t=1741783284\"\n\t\t\tdata-thumbnail=\"https:\/\/www.slatina.hr\/portal\/wp-content\/gallery\/12-3-2025-grad-maslacak-1\/thumbs\/thumbs_IMG_7961_1024x683.JPG?t=1741783284\"\n\t\t\tdata-image-id=\"12058\"\n\t\t\tdata-image-name=\"IMG_7961_1024x683.JPG\"\n\t\t\tdata-title=\"IMG_7961_1024x683\"\n\t\t\tdata-description=\"\"\n\t\t\tdata-image-slug=\"img_7961_1024x683\"\n\t\t\t\t\t\t\t\t\t\t\t\t\t\t\t\t\t\t\t\tclass=\"ngg-fancybox\" rel=\"a9c296433344f8b3e07f0e141d0d3c77\">\n\t\t\t\t\t\t\t\t<img\n\t\t\t\t\ttitle=\"IMG_7961_1024x683\"\n\t\t\t\t\talt=\"IMG_7961_1024x683\"\n\t\t\t\t\tsrc=\"https:\/\/www.slatina.hr\/portal\/wp-content\/gallery\/12-3-2025-grad-maslacak-1\/thumbs\/thumbs_IMG_7961_1024x683.JPG?t=1741783284\"\n\t\t\t\t\twidth=\"240\"\n\t\t\t\t\theight=\"160\"\n\t\t\t\t\tstyle=\"max-width:100%;\"\n\t\t\t\t\/>\n\t\t\t<\/a>\n\t\t<\/div>\n\t\t\t\t\t\t\t<\/div>\n\t\t\t\n\t\t\t\t<div id=\"ngg-image-5\" class=\"ngg-gallery-thumbnail-box\n\t\t\t\t\t\t\t\t\t\t\t\"\n\t\t\t>\n\t\t\t\t\t\t<div class=\"ngg-gallery-thumbnail\">\n\t\t<a href=\"https:\/\/www.slatina.hr\/portal\/wp-content\/gallery\/12-3-2025-grad-maslacak-1\/IMG_7947_1024x683.JPG?t=1741783285\"\n\t\t\ttitle=\"\"\n\t\t\tdata-src=\"https:\/\/www.slatina.hr\/portal\/wp-content\/gallery\/12-3-2025-grad-maslacak-1\/IMG_7947_1024x683.JPG?t=1741783285\"\n\t\t\tdata-thumbnail=\"https:\/\/www.slatina.hr\/portal\/wp-content\/gallery\/12-3-2025-grad-maslacak-1\/thumbs\/thumbs_IMG_7947_1024x683.JPG?t=1741783285\"\n\t\t\tdata-image-id=\"12059\"\n\t\t\tdata-image-name=\"IMG_7947_1024x683.JPG\"\n\t\t\tdata-title=\"IMG_7947_1024x683\"\n\t\t\tdata-description=\"\"\n\t\t\tdata-image-slug=\"img_7947_1024x683\"\n\t\t\t\t\t\t\t\t\t\t\t\t\t\t\t\t\t\t\t\tclass=\"ngg-fancybox\" rel=\"a9c296433344f8b3e07f0e141d0d3c77\">\n\t\t\t\t\t\t\t\t<img\n\t\t\t\t\ttitle=\"IMG_7947_1024x683\"\n\t\t\t\t\talt=\"IMG_7947_1024x683\"\n\t\t\t\t\tsrc=\"https:\/\/www.slatina.hr\/portal\/wp-content\/gallery\/12-3-2025-grad-maslacak-1\/thumbs\/thumbs_IMG_7947_1024x683.JPG?t=1741783285\"\n\t\t\t\t\twidth=\"240\"\n\t\t\t\t\theight=\"160\"\n\t\t\t\t\tstyle=\"max-width:100%;\"\n\t\t\t\t\/>\n\t\t\t<\/a>\n\t\t<\/div>\n\t\t\t\t\t\t\t<\/div>\n\t\t\t\n\t\t\t\t<div id=\"ngg-image-6\" class=\"ngg-gallery-thumbnail-box\n\t\t\t\t\t\t\t\t\t\t\t\"\n\t\t\t>\n\t\t\t\t\t\t<div class=\"ngg-gallery-thumbnail\">\n\t\t<a href=\"https:\/\/www.slatina.hr\/portal\/wp-content\/gallery\/12-3-2025-grad-maslacak-1\/IMG_7944_1024x683.JPG?t=1741783286\"\n\t\t\ttitle=\"\"\n\t\t\tdata-src=\"https:\/\/www.slatina.hr\/portal\/wp-content\/gallery\/12-3-2025-grad-maslacak-1\/IMG_7944_1024x683.JPG?t=1741783286\"\n\t\t\tdata-thumbnail=\"https:\/\/www.slatina.hr\/portal\/wp-content\/gallery\/12-3-2025-grad-maslacak-1\/thumbs\/thumbs_IMG_7944_1024x683.JPG?t=1741783286\"\n\t\t\tdata-image-id=\"12060\"\n\t\t\tdata-image-name=\"IMG_7944_1024x683.JPG\"\n\t\t\tdata-title=\"IMG_7944_1024x683\"\n\t\t\tdata-description=\"\"\n\t\t\tdata-image-slug=\"img_7944_1024x683\"\n\t\t\t\t\t\t\t\t\t\t\t\t\t\t\t\t\t\t\t\tclass=\"ngg-fancybox\" rel=\"a9c296433344f8b3e07f0e141d0d3c77\">\n\t\t\t\t\t\t\t\t<img\n\t\t\t\t\ttitle=\"IMG_7944_1024x683\"\n\t\t\t\t\talt=\"IMG_7944_1024x683\"\n\t\t\t\t\tsrc=\"https:\/\/www.slatina.hr\/portal\/wp-content\/gallery\/12-3-2025-grad-maslacak-1\/thumbs\/thumbs_IMG_7944_1024x683.JPG?t=1741783286\"\n\t\t\t\t\twidth=\"240\"\n\t\t\t\t\theight=\"160\"\n\t\t\t\t\tstyle=\"max-width:100%;\"\n\t\t\t\t\/>\n\t\t\t<\/a>\n\t\t<\/div>\n\t\t\t\t\t\t\t<\/div>\n\t\t\t\n\t\t\t\t<div id=\"ngg-image-7\" class=\"ngg-gallery-thumbnail-box\n\t\t\t\t\t\t\t\t\t\t\t\"\n\t\t\t>\n\t\t\t\t\t\t<div class=\"ngg-gallery-thumbnail\">\n\t\t<a href=\"https:\/\/www.slatina.hr\/portal\/wp-content\/gallery\/12-3-2025-grad-maslacak-1\/viber_slika_2025-03-12_12-14-01-468_1024x576.jpg?t=1741783287\"\n\t\t\ttitle=\"\"\n\t\t\tdata-src=\"https:\/\/www.slatina.hr\/portal\/wp-content\/gallery\/12-3-2025-grad-maslacak-1\/viber_slika_2025-03-12_12-14-01-468_1024x576.jpg?t=1741783287\"\n\t\t\tdata-thumbnail=\"https:\/\/www.slatina.hr\/portal\/wp-content\/gallery\/12-3-2025-grad-maslacak-1\/thumbs\/thumbs_viber_slika_2025-03-12_12-14-01-468_1024x576.jpg?t=1741783287\"\n\t\t\tdata-image-id=\"12061\"\n\t\t\tdata-image-name=\"viber_slika_2025-03-12_12-14-01-468_1024x576.jpg\"\n\t\t\tdata-title=\"viber_slika_2025-03-12_12-14-01-468_1024x576\"\n\t\t\tdata-description=\"\"\n\t\t\tdata-image-slug=\"viber_slika_2025-03-12_12-14-01-468_1024x576-1\"\n\t\t\t\t\t\t\t\t\t\t\t\t\t\t\t\t\t\t\t\tclass=\"ngg-fancybox\" rel=\"a9c296433344f8b3e07f0e141d0d3c77\">\n\t\t\t\t\t\t\t\t<img\n\t\t\t\t\ttitle=\"viber_slika_2025-03-12_12-14-01-468_1024x576\"\n\t\t\t\t\talt=\"viber_slika_2025-03-12_12-14-01-468_1024x576\"\n\t\t\t\t\tsrc=\"https:\/\/www.slatina.hr\/portal\/wp-content\/gallery\/12-3-2025-grad-maslacak-1\/thumbs\/thumbs_viber_slika_2025-03-12_12-14-01-468_1024x576.jpg?t=1741783287\"\n\t\t\t\t\twidth=\"240\"\n\t\t\t\t\theight=\"160\"\n\t\t\t\t\tstyle=\"max-width:100%;\"\n\t\t\t\t\/>\n\t\t\t<\/a>\n\t\t<\/div>\n\t\t\t\t\t\t\t<\/div>\n\t\t\t\n\t\n\t<br style=\"clear: both\" \/>\n\n\t\n\t\t<!-- Pagination -->\n\t\t<div class='ngg-clear'><\/div>\t<\/div>\n<\/p>\n","protected":false},"excerpt":{"rendered":"<p>U organizaciji Mjesnog odbora i Nogometnog kluba Kozice obilje\u017eena je obljetnica pogibije hrvatskog branitelja, pripadnika 136. slatinske brigade, Perice Sabe. Nakon \u0161to su upaljene svije\u0107e<span class=\"excerpt-hellip\"> [\u2026]<\/span><\/p>\n","protected":false},"author":1,"featured_media":20971,"comment_status":"closed","ping_status":"closed","sticky":false,"template":"","format":"standard","meta":{"ngg_post_thumbnail":0,"footnotes":""},"categories":[139],"tags":[],"class_list":["post-20969","post","type-post","status-publish","format-standard","has-post-thumbnail","hentry","category-sport-kultura-i-udruge"],"_links":{"self":[{"href":"https:\/\/www.slatina.hr\/portal\/wp-json\/wp\/v2\/posts\/20969","targetHints":{"allow":["GET"]}}],"collection":[{"href":"https:\/\/www.slatina.hr\/portal\/wp-json\/wp\/v2\/posts"}],"about":[{"href":"https:\/\/www.slatina.hr\/portal\/wp-json\/wp\/v2\/types\/post"}],"author":[{"embeddable":true,"href":"https:\/\/www.slatina.hr\/portal\/wp-json\/wp\/v2\/users\/1"}],"replies":[{"embeddable":true,"href":"https:\/\/www.slatina.hr\/portal\/wp-json\/wp\/v2\/comments?post=20969"}],"version-history":[{"count":0,"href":"https:\/\/www.slatina.hr\/portal\/wp-json\/wp\/v2\/posts\/20969\/revisions"}],"wp:featuredmedia":[{"embeddable":true,"href":"https:\/\/www.slatina.hr\/portal\/wp-json\/wp\/v2\/media\/20971"}],"wp:attachment":[{"href":"https:\/\/www.slatina.hr\/portal\/wp-json\/wp\/v2\/media?parent=20969"}],"wp:term":[{"taxonomy":"category","embeddable":true,"href":"https:\/\/www.slatina.hr\/portal\/wp-json\/wp\/v2\/categories?post=20969"},{"taxonomy":"post_tag","embeddable":true,"href":"https:\/\/www.slatina.hr\/portal\/wp-json\/wp\/v2\/tags?post=20969"}],"curies":[{"name":"wp","href":"https:\/\/api.w.org\/{rel}","templated":true}]}}