{"id":19176,"date":"2014-10-26T19:22:58","date_gmt":"2014-10-26T17:22:58","guid":{"rendered":"http:\/\/www.slatina.hr\/?p=19176"},"modified":"2014-10-26T19:22:58","modified_gmt":"2014-10-26T17:22:58","slug":"odrzana-druga-memorijalna-utrka-slatina-hum-vocin","status":"publish","type":"post","link":"https:\/\/www.slatina.hr\/portal\/odrzana-druga-memorijalna-utrka-slatina-hum-vocin\/","title":{"rendered":"Odr\u017eana druga Memorijalna utrka Slatina \u2013 Hum \u2013 Vo\u0107in"},"content":{"rendered":"<p>U povodu proslave obljetnice osnutka 136. slatinske brigade odr\u017eana je druga Memorijalna utrka Slatina \u2013 Hum \u2013 Vo\u0107in. Start je bio u Parka 136. brigade gdje su sudionici kod Spomen obilje\u017eja odali po\u010dast \u017ertvama Domovinskog rata, a cilj u Vo\u0107inu. Dvadesetak natjecatelja sa slatinskog podru\u010dja, te Slavonskog Broda, Josipova i Osijeka, sa starta je otpratio Mato Buba\u0161, predsjednik Hvidre Slatine, dok ih je na cilju do\u010dekao Predrag Fili\u0107, na\u010delnik op\u0107ine Vo\u0107in, i Darko Bo\u017ei\u010dkovi\u0107, predsjednik Udruge dragovoljaca i veterana Domovinskog rata ogranak Vo\u0107in. Nakon zavr\u0161etka utrke u prostoru slatinske Hvidre zahvalnice sudionicima dodijelili su Ivan Ro\u0161ta\u0161, gradona\u010delnik Grada Slatine, i Ivan Medved, predsjednik Nadzornog odbora Hvidre Slatina. Organizatori utrke bili su Hvidra Slatina i udruga Glasnici istine \u2013 hrvatski maratonci. (icv.hr)<\/p>\n<p><!-- default-view.php -->\n<div\n\tclass=\"ngg-galleryoverview default-view\n\t ngg-ajax-pagination-none\t\"\n\tid=\"ngg-gallery-2d77ef4c6dcdc9442502b843ea76b8e2-1\"\n\tdata-nextgen-gallery-id=\"722\"\n\tdata-gallery-id=\"722\"\n\t\tdata-gallery-name=\"6-9-2024 dan grada vijenci\"\n\t>\n\n\t\t<!-- Thumbnails -->\n\t\t\t\t<div id=\"ngg-image-0\" class=\"ngg-gallery-thumbnail-box\n\t\t\t\t\t\t\t\t\t\t\t\"\n\t\t\t>\n\t\t\t\t\t\t<div class=\"ngg-gallery-thumbnail\">\n\t\t<a href=\"https:\/\/www.slatina.hr\/portal\/wp-content\/gallery\/6-9-2024-dan-grada-vijenci\/IMG-b332c17bb8817949855c022fa680da62-V_1024x629.jpg?t=1725629784\"\n\t\t\ttitle=\"\"\n\t\t\tdata-src=\"https:\/\/www.slatina.hr\/portal\/wp-content\/gallery\/6-9-2024-dan-grada-vijenci\/IMG-b332c17bb8817949855c022fa680da62-V_1024x629.jpg?t=1725629784\"\n\t\t\tdata-thumbnail=\"https:\/\/www.slatina.hr\/portal\/wp-content\/gallery\/6-9-2024-dan-grada-vijenci\/thumbs\/thumbs_IMG-b332c17bb8817949855c022fa680da62-V_1024x629.jpg?t=1725629784\"\n\t\t\tdata-image-id=\"11389\"\n\t\t\tdata-image-name=\"IMG-b332c17bb8817949855c022fa680da62-V_1024x629.jpg\"\n\t\t\tdata-title=\"IMG-b332c17bb8817949855c022fa680da62-V_1024x629\"\n\t\t\tdata-description=\"\"\n\t\t\tdata-image-slug=\"img-b332c17bb8817949855c022fa680da62-v_1024x629\"\n\t\t\t\t\t\t\t\t\t\t\t\t\t\t\t\t\t\t\t\tclass=\"ngg-fancybox\" rel=\"2d77ef4c6dcdc9442502b843ea76b8e2\">\n\t\t\t\t\t\t\t\t<img\n\t\t\t\t\ttitle=\"IMG-b332c17bb8817949855c022fa680da62-V_1024x629\"\n\t\t\t\t\talt=\"IMG-b332c17bb8817949855c022fa680da62-V_1024x629\"\n\t\t\t\t\tsrc=\"https:\/\/www.slatina.hr\/portal\/wp-content\/gallery\/6-9-2024-dan-grada-vijenci\/thumbs\/thumbs_IMG-b332c17bb8817949855c022fa680da62-V_1024x629.jpg?t=1725629784\"\n\t\t\t\t\twidth=\"240\"\n\t\t\t\t\theight=\"160\"\n\t\t\t\t\tstyle=\"max-width:100%;\"\n\t\t\t\t\/>\n\t\t\t<\/a>\n\t\t<\/div>\n\t\t\t\t\t\t\t<\/div>\n\t\t\t\n\t\t\t\t<div id=\"ngg-image-1\" class=\"ngg-gallery-thumbnail-box\n\t\t\t\t\t\t\t\t\t\t\t\"\n\t\t\t>\n\t\t\t\t\t\t<div class=\"ngg-gallery-thumbnail\">\n\t\t<a href=\"https:\/\/www.slatina.hr\/portal\/wp-content\/gallery\/6-9-2024-dan-grada-vijenci\/IMG-d5bfa62d9b6aa7c7f1f12b64441ee6ab-V_1024x612.jpg?t=1725629784\"\n\t\t\ttitle=\"\"\n\t\t\tdata-src=\"https:\/\/www.slatina.hr\/portal\/wp-content\/gallery\/6-9-2024-dan-grada-vijenci\/IMG-d5bfa62d9b6aa7c7f1f12b64441ee6ab-V_1024x612.jpg?t=1725629784\"\n\t\t\tdata-thumbnail=\"https:\/\/www.slatina.hr\/portal\/wp-content\/gallery\/6-9-2024-dan-grada-vijenci\/thumbs\/thumbs_IMG-d5bfa62d9b6aa7c7f1f12b64441ee6ab-V_1024x612.jpg?t=1725629784\"\n\t\t\tdata-image-id=\"11390\"\n\t\t\tdata-image-name=\"IMG-d5bfa62d9b6aa7c7f1f12b64441ee6ab-V_1024x612.jpg\"\n\t\t\tdata-title=\"IMG-d5bfa62d9b6aa7c7f1f12b64441ee6ab-V_1024x612\"\n\t\t\tdata-description=\"\"\n\t\t\tdata-image-slug=\"img-d5bfa62d9b6aa7c7f1f12b64441ee6ab-v_1024x612\"\n\t\t\t\t\t\t\t\t\t\t\t\t\t\t\t\t\t\t\t\tclass=\"ngg-fancybox\" rel=\"2d77ef4c6dcdc9442502b843ea76b8e2\">\n\t\t\t\t\t\t\t\t<img\n\t\t\t\t\ttitle=\"IMG-d5bfa62d9b6aa7c7f1f12b64441ee6ab-V_1024x612\"\n\t\t\t\t\talt=\"IMG-d5bfa62d9b6aa7c7f1f12b64441ee6ab-V_1024x612\"\n\t\t\t\t\tsrc=\"https:\/\/www.slatina.hr\/portal\/wp-content\/gallery\/6-9-2024-dan-grada-vijenci\/thumbs\/thumbs_IMG-d5bfa62d9b6aa7c7f1f12b64441ee6ab-V_1024x612.jpg?t=1725629784\"\n\t\t\t\t\twidth=\"240\"\n\t\t\t\t\theight=\"160\"\n\t\t\t\t\tstyle=\"max-width:100%;\"\n\t\t\t\t\/>\n\t\t\t<\/a>\n\t\t<\/div>\n\t\t\t\t\t\t\t<\/div>\n\t\t\t\n\t\t\t\t<div id=\"ngg-image-2\" class=\"ngg-gallery-thumbnail-box\n\t\t\t\t\t\t\t\t\t\t\t\"\n\t\t\t>\n\t\t\t\t\t\t<div class=\"ngg-gallery-thumbnail\">\n\t\t<a href=\"https:\/\/www.slatina.hr\/portal\/wp-content\/gallery\/6-9-2024-dan-grada-vijenci\/IMG-bd6bfd4bcb76fcb0624f2a2b9918bc4e-V_1024x591.jpg?t=1725629784\"\n\t\t\ttitle=\"\"\n\t\t\tdata-src=\"https:\/\/www.slatina.hr\/portal\/wp-content\/gallery\/6-9-2024-dan-grada-vijenci\/IMG-bd6bfd4bcb76fcb0624f2a2b9918bc4e-V_1024x591.jpg?t=1725629784\"\n\t\t\tdata-thumbnail=\"https:\/\/www.slatina.hr\/portal\/wp-content\/gallery\/6-9-2024-dan-grada-vijenci\/thumbs\/thumbs_IMG-bd6bfd4bcb76fcb0624f2a2b9918bc4e-V_1024x591.jpg?t=1725629784\"\n\t\t\tdata-image-id=\"11391\"\n\t\t\tdata-image-name=\"IMG-bd6bfd4bcb76fcb0624f2a2b9918bc4e-V_1024x591.jpg\"\n\t\t\tdata-title=\"IMG-bd6bfd4bcb76fcb0624f2a2b9918bc4e-V_1024x591\"\n\t\t\tdata-description=\"\"\n\t\t\tdata-image-slug=\"img-bd6bfd4bcb76fcb0624f2a2b9918bc4e-v_1024x591\"\n\t\t\t\t\t\t\t\t\t\t\t\t\t\t\t\t\t\t\t\tclass=\"ngg-fancybox\" rel=\"2d77ef4c6dcdc9442502b843ea76b8e2\">\n\t\t\t\t\t\t\t\t<img\n\t\t\t\t\ttitle=\"IMG-bd6bfd4bcb76fcb0624f2a2b9918bc4e-V_1024x591\"\n\t\t\t\t\talt=\"IMG-bd6bfd4bcb76fcb0624f2a2b9918bc4e-V_1024x591\"\n\t\t\t\t\tsrc=\"https:\/\/www.slatina.hr\/portal\/wp-content\/gallery\/6-9-2024-dan-grada-vijenci\/thumbs\/thumbs_IMG-bd6bfd4bcb76fcb0624f2a2b9918bc4e-V_1024x591.jpg?t=1725629784\"\n\t\t\t\t\twidth=\"240\"\n\t\t\t\t\theight=\"160\"\n\t\t\t\t\tstyle=\"max-width:100%;\"\n\t\t\t\t\/>\n\t\t\t<\/a>\n\t\t<\/div>\n\t\t\t\t\t\t\t<\/div>\n\t\t\t\n\t\t\t\t<div id=\"ngg-image-3\" class=\"ngg-gallery-thumbnail-box\n\t\t\t\t\t\t\t\t\t\t\t\"\n\t\t\t>\n\t\t\t\t\t\t<div class=\"ngg-gallery-thumbnail\">\n\t\t<a href=\"https:\/\/www.slatina.hr\/portal\/wp-content\/gallery\/6-9-2024-dan-grada-vijenci\/IMG-bab4a29a0fa87f6892eb01e6367e943c-V_1024x598.jpg?t=1725629784\"\n\t\t\ttitle=\"\"\n\t\t\tdata-src=\"https:\/\/www.slatina.hr\/portal\/wp-content\/gallery\/6-9-2024-dan-grada-vijenci\/IMG-bab4a29a0fa87f6892eb01e6367e943c-V_1024x598.jpg?t=1725629784\"\n\t\t\tdata-thumbnail=\"https:\/\/www.slatina.hr\/portal\/wp-content\/gallery\/6-9-2024-dan-grada-vijenci\/thumbs\/thumbs_IMG-bab4a29a0fa87f6892eb01e6367e943c-V_1024x598.jpg?t=1725629784\"\n\t\t\tdata-image-id=\"11392\"\n\t\t\tdata-image-name=\"IMG-bab4a29a0fa87f6892eb01e6367e943c-V_1024x598.jpg\"\n\t\t\tdata-title=\"IMG-bab4a29a0fa87f6892eb01e6367e943c-V_1024x598\"\n\t\t\tdata-description=\"\"\n\t\t\tdata-image-slug=\"img-bab4a29a0fa87f6892eb01e6367e943c-v_1024x598\"\n\t\t\t\t\t\t\t\t\t\t\t\t\t\t\t\t\t\t\t\tclass=\"ngg-fancybox\" rel=\"2d77ef4c6dcdc9442502b843ea76b8e2\">\n\t\t\t\t\t\t\t\t<img\n\t\t\t\t\ttitle=\"IMG-bab4a29a0fa87f6892eb01e6367e943c-V_1024x598\"\n\t\t\t\t\talt=\"IMG-bab4a29a0fa87f6892eb01e6367e943c-V_1024x598\"\n\t\t\t\t\tsrc=\"https:\/\/www.slatina.hr\/portal\/wp-content\/gallery\/6-9-2024-dan-grada-vijenci\/thumbs\/thumbs_IMG-bab4a29a0fa87f6892eb01e6367e943c-V_1024x598.jpg?t=1725629784\"\n\t\t\t\t\twidth=\"240\"\n\t\t\t\t\theight=\"160\"\n\t\t\t\t\tstyle=\"max-width:100%;\"\n\t\t\t\t\/>\n\t\t\t<\/a>\n\t\t<\/div>\n\t\t\t\t\t\t\t<\/div>\n\t\t\t\n\t\t\t\t<div id=\"ngg-image-4\" class=\"ngg-gallery-thumbnail-box\n\t\t\t\t\t\t\t\t\t\t\t\"\n\t\t\t>\n\t\t\t\t\t\t<div class=\"ngg-gallery-thumbnail\">\n\t\t<a href=\"https:\/\/www.slatina.hr\/portal\/wp-content\/gallery\/6-9-2024-dan-grada-vijenci\/IMG-a1fa0bce4c8cc693271c427121574d3d-V_1024x632.jpg?t=1725629784\"\n\t\t\ttitle=\"\"\n\t\t\tdata-src=\"https:\/\/www.slatina.hr\/portal\/wp-content\/gallery\/6-9-2024-dan-grada-vijenci\/IMG-a1fa0bce4c8cc693271c427121574d3d-V_1024x632.jpg?t=1725629784\"\n\t\t\tdata-thumbnail=\"https:\/\/www.slatina.hr\/portal\/wp-content\/gallery\/6-9-2024-dan-grada-vijenci\/thumbs\/thumbs_IMG-a1fa0bce4c8cc693271c427121574d3d-V_1024x632.jpg?t=1725629784\"\n\t\t\tdata-image-id=\"11393\"\n\t\t\tdata-image-name=\"IMG-a1fa0bce4c8cc693271c427121574d3d-V_1024x632.jpg\"\n\t\t\tdata-title=\"IMG-a1fa0bce4c8cc693271c427121574d3d-V_1024x632\"\n\t\t\tdata-description=\"\"\n\t\t\tdata-image-slug=\"img-a1fa0bce4c8cc693271c427121574d3d-v_1024x632\"\n\t\t\t\t\t\t\t\t\t\t\t\t\t\t\t\t\t\t\t\tclass=\"ngg-fancybox\" rel=\"2d77ef4c6dcdc9442502b843ea76b8e2\">\n\t\t\t\t\t\t\t\t<img\n\t\t\t\t\ttitle=\"IMG-a1fa0bce4c8cc693271c427121574d3d-V_1024x632\"\n\t\t\t\t\talt=\"IMG-a1fa0bce4c8cc693271c427121574d3d-V_1024x632\"\n\t\t\t\t\tsrc=\"https:\/\/www.slatina.hr\/portal\/wp-content\/gallery\/6-9-2024-dan-grada-vijenci\/thumbs\/thumbs_IMG-a1fa0bce4c8cc693271c427121574d3d-V_1024x632.jpg?t=1725629784\"\n\t\t\t\t\twidth=\"240\"\n\t\t\t\t\theight=\"160\"\n\t\t\t\t\tstyle=\"max-width:100%;\"\n\t\t\t\t\/>\n\t\t\t<\/a>\n\t\t<\/div>\n\t\t\t\t\t\t\t<\/div>\n\t\t\t\n\t\t\t\t<div id=\"ngg-image-5\" class=\"ngg-gallery-thumbnail-box\n\t\t\t\t\t\t\t\t\t\t\t\"\n\t\t\t>\n\t\t\t\t\t\t<div class=\"ngg-gallery-thumbnail\">\n\t\t<a href=\"https:\/\/www.slatina.hr\/portal\/wp-content\/gallery\/6-9-2024-dan-grada-vijenci\/IMG-e3349864d44cdea5101092e6fced280c-V_1024x616.jpg?t=1725629784\"\n\t\t\ttitle=\"\"\n\t\t\tdata-src=\"https:\/\/www.slatina.hr\/portal\/wp-content\/gallery\/6-9-2024-dan-grada-vijenci\/IMG-e3349864d44cdea5101092e6fced280c-V_1024x616.jpg?t=1725629784\"\n\t\t\tdata-thumbnail=\"https:\/\/www.slatina.hr\/portal\/wp-content\/gallery\/6-9-2024-dan-grada-vijenci\/thumbs\/thumbs_IMG-e3349864d44cdea5101092e6fced280c-V_1024x616.jpg?t=1725629784\"\n\t\t\tdata-image-id=\"11394\"\n\t\t\tdata-image-name=\"IMG-e3349864d44cdea5101092e6fced280c-V_1024x616.jpg\"\n\t\t\tdata-title=\"IMG-e3349864d44cdea5101092e6fced280c-V_1024x616\"\n\t\t\tdata-description=\"\"\n\t\t\tdata-image-slug=\"img-e3349864d44cdea5101092e6fced280c-v_1024x616\"\n\t\t\t\t\t\t\t\t\t\t\t\t\t\t\t\t\t\t\t\tclass=\"ngg-fancybox\" rel=\"2d77ef4c6dcdc9442502b843ea76b8e2\">\n\t\t\t\t\t\t\t\t<img\n\t\t\t\t\ttitle=\"IMG-e3349864d44cdea5101092e6fced280c-V_1024x616\"\n\t\t\t\t\talt=\"IMG-e3349864d44cdea5101092e6fced280c-V_1024x616\"\n\t\t\t\t\tsrc=\"https:\/\/www.slatina.hr\/portal\/wp-content\/gallery\/6-9-2024-dan-grada-vijenci\/thumbs\/thumbs_IMG-e3349864d44cdea5101092e6fced280c-V_1024x616.jpg?t=1725629784\"\n\t\t\t\t\twidth=\"240\"\n\t\t\t\t\theight=\"160\"\n\t\t\t\t\tstyle=\"max-width:100%;\"\n\t\t\t\t\/>\n\t\t\t<\/a>\n\t\t<\/div>\n\t\t\t\t\t\t\t<\/div>\n\t\t\t\n\t\t\t\t<div id=\"ngg-image-6\" class=\"ngg-gallery-thumbnail-box\n\t\t\t\t\t\t\t\t\t\t\t\"\n\t\t\t>\n\t\t\t\t\t\t<div class=\"ngg-gallery-thumbnail\">\n\t\t<a href=\"https:\/\/www.slatina.hr\/portal\/wp-content\/gallery\/6-9-2024-dan-grada-vijenci\/IMG-ee4f085de786696a8e51ce461ec66c28-V_1024x623.jpg?t=1725629788\"\n\t\t\ttitle=\"\"\n\t\t\tdata-src=\"https:\/\/www.slatina.hr\/portal\/wp-content\/gallery\/6-9-2024-dan-grada-vijenci\/IMG-ee4f085de786696a8e51ce461ec66c28-V_1024x623.jpg?t=1725629788\"\n\t\t\tdata-thumbnail=\"https:\/\/www.slatina.hr\/portal\/wp-content\/gallery\/6-9-2024-dan-grada-vijenci\/thumbs\/thumbs_IMG-ee4f085de786696a8e51ce461ec66c28-V_1024x623.jpg?t=1725629788\"\n\t\t\tdata-image-id=\"11395\"\n\t\t\tdata-image-name=\"IMG-ee4f085de786696a8e51ce461ec66c28-V_1024x623.jpg\"\n\t\t\tdata-title=\"IMG-ee4f085de786696a8e51ce461ec66c28-V_1024x623\"\n\t\t\tdata-description=\"\"\n\t\t\tdata-image-slug=\"img-ee4f085de786696a8e51ce461ec66c28-v_1024x623\"\n\t\t\t\t\t\t\t\t\t\t\t\t\t\t\t\t\t\t\t\tclass=\"ngg-fancybox\" rel=\"2d77ef4c6dcdc9442502b843ea76b8e2\">\n\t\t\t\t\t\t\t\t<img\n\t\t\t\t\ttitle=\"IMG-ee4f085de786696a8e51ce461ec66c28-V_1024x623\"\n\t\t\t\t\talt=\"IMG-ee4f085de786696a8e51ce461ec66c28-V_1024x623\"\n\t\t\t\t\tsrc=\"https:\/\/www.slatina.hr\/portal\/wp-content\/gallery\/6-9-2024-dan-grada-vijenci\/thumbs\/thumbs_IMG-ee4f085de786696a8e51ce461ec66c28-V_1024x623.jpg?t=1725629788\"\n\t\t\t\t\twidth=\"240\"\n\t\t\t\t\theight=\"160\"\n\t\t\t\t\tstyle=\"max-width:100%;\"\n\t\t\t\t\/>\n\t\t\t<\/a>\n\t\t<\/div>\n\t\t\t\t\t\t\t<\/div>\n\t\t\t\n\t\t\t\t<div id=\"ngg-image-7\" class=\"ngg-gallery-thumbnail-box\n\t\t\t\t\t\t\t\t\t\t\t\"\n\t\t\t>\n\t\t\t\t\t\t<div class=\"ngg-gallery-thumbnail\">\n\t\t<a href=\"https:\/\/www.slatina.hr\/portal\/wp-content\/gallery\/6-9-2024-dan-grada-vijenci\/IMG-0a68519f03c99d2af7a5588d85958462-V_1024x609.jpg?t=1725629788\"\n\t\t\ttitle=\"\"\n\t\t\tdata-src=\"https:\/\/www.slatina.hr\/portal\/wp-content\/gallery\/6-9-2024-dan-grada-vijenci\/IMG-0a68519f03c99d2af7a5588d85958462-V_1024x609.jpg?t=1725629788\"\n\t\t\tdata-thumbnail=\"https:\/\/www.slatina.hr\/portal\/wp-content\/gallery\/6-9-2024-dan-grada-vijenci\/thumbs\/thumbs_IMG-0a68519f03c99d2af7a5588d85958462-V_1024x609.jpg?t=1725629788\"\n\t\t\tdata-image-id=\"11396\"\n\t\t\tdata-image-name=\"IMG-0a68519f03c99d2af7a5588d85958462-V_1024x609.jpg\"\n\t\t\tdata-title=\"IMG-0a68519f03c99d2af7a5588d85958462-V_1024x609\"\n\t\t\tdata-description=\"\"\n\t\t\tdata-image-slug=\"img-0a68519f03c99d2af7a5588d85958462-v_1024x609\"\n\t\t\t\t\t\t\t\t\t\t\t\t\t\t\t\t\t\t\t\tclass=\"ngg-fancybox\" rel=\"2d77ef4c6dcdc9442502b843ea76b8e2\">\n\t\t\t\t\t\t\t\t<img\n\t\t\t\t\ttitle=\"IMG-0a68519f03c99d2af7a5588d85958462-V_1024x609\"\n\t\t\t\t\talt=\"IMG-0a68519f03c99d2af7a5588d85958462-V_1024x609\"\n\t\t\t\t\tsrc=\"https:\/\/www.slatina.hr\/portal\/wp-content\/gallery\/6-9-2024-dan-grada-vijenci\/thumbs\/thumbs_IMG-0a68519f03c99d2af7a5588d85958462-V_1024x609.jpg?t=1725629788\"\n\t\t\t\t\twidth=\"240\"\n\t\t\t\t\theight=\"160\"\n\t\t\t\t\tstyle=\"max-width:100%;\"\n\t\t\t\t\/>\n\t\t\t<\/a>\n\t\t<\/div>\n\t\t\t\t\t\t\t<\/div>\n\t\t\t\n\t\t\t\t<div id=\"ngg-image-8\" class=\"ngg-gallery-thumbnail-box\n\t\t\t\t\t\t\t\t\t\t\t\"\n\t\t\t>\n\t\t\t\t\t\t<div class=\"ngg-gallery-thumbnail\">\n\t\t<a href=\"https:\/\/www.slatina.hr\/portal\/wp-content\/gallery\/6-9-2024-dan-grada-vijenci\/IMG-1a17e2d9a8fcbcbf65102ce1bfa34f2d-V_1024x609.jpg?t=1725629788\"\n\t\t\ttitle=\"\"\n\t\t\tdata-src=\"https:\/\/www.slatina.hr\/portal\/wp-content\/gallery\/6-9-2024-dan-grada-vijenci\/IMG-1a17e2d9a8fcbcbf65102ce1bfa34f2d-V_1024x609.jpg?t=1725629788\"\n\t\t\tdata-thumbnail=\"https:\/\/www.slatina.hr\/portal\/wp-content\/gallery\/6-9-2024-dan-grada-vijenci\/thumbs\/thumbs_IMG-1a17e2d9a8fcbcbf65102ce1bfa34f2d-V_1024x609.jpg?t=1725629788\"\n\t\t\tdata-image-id=\"11397\"\n\t\t\tdata-image-name=\"IMG-1a17e2d9a8fcbcbf65102ce1bfa34f2d-V_1024x609.jpg\"\n\t\t\tdata-title=\"IMG-1a17e2d9a8fcbcbf65102ce1bfa34f2d-V_1024x609\"\n\t\t\tdata-description=\"\"\n\t\t\tdata-image-slug=\"img-1a17e2d9a8fcbcbf65102ce1bfa34f2d-v_1024x609\"\n\t\t\t\t\t\t\t\t\t\t\t\t\t\t\t\t\t\t\t\tclass=\"ngg-fancybox\" rel=\"2d77ef4c6dcdc9442502b843ea76b8e2\">\n\t\t\t\t\t\t\t\t<img\n\t\t\t\t\ttitle=\"IMG-1a17e2d9a8fcbcbf65102ce1bfa34f2d-V_1024x609\"\n\t\t\t\t\talt=\"IMG-1a17e2d9a8fcbcbf65102ce1bfa34f2d-V_1024x609\"\n\t\t\t\t\tsrc=\"https:\/\/www.slatina.hr\/portal\/wp-content\/gallery\/6-9-2024-dan-grada-vijenci\/thumbs\/thumbs_IMG-1a17e2d9a8fcbcbf65102ce1bfa34f2d-V_1024x609.jpg?t=1725629788\"\n\t\t\t\t\twidth=\"240\"\n\t\t\t\t\theight=\"160\"\n\t\t\t\t\tstyle=\"max-width:100%;\"\n\t\t\t\t\/>\n\t\t\t<\/a>\n\t\t<\/div>\n\t\t\t\t\t\t\t<\/div>\n\t\t\t\n\t\t\t\t<div id=\"ngg-image-9\" class=\"ngg-gallery-thumbnail-box\n\t\t\t\t\t\t\t\t\t\t\t\"\n\t\t\t>\n\t\t\t\t\t\t<div class=\"ngg-gallery-thumbnail\">\n\t\t<a href=\"https:\/\/www.slatina.hr\/portal\/wp-content\/gallery\/6-9-2024-dan-grada-vijenci\/IMG-1a4b3e72ec1b67185b6e2b481d1d8020-V_1024x623.jpg?t=1725629788\"\n\t\t\ttitle=\"\"\n\t\t\tdata-src=\"https:\/\/www.slatina.hr\/portal\/wp-content\/gallery\/6-9-2024-dan-grada-vijenci\/IMG-1a4b3e72ec1b67185b6e2b481d1d8020-V_1024x623.jpg?t=1725629788\"\n\t\t\tdata-thumbnail=\"https:\/\/www.slatina.hr\/portal\/wp-content\/gallery\/6-9-2024-dan-grada-vijenci\/thumbs\/thumbs_IMG-1a4b3e72ec1b67185b6e2b481d1d8020-V_1024x623.jpg?t=1725629788\"\n\t\t\tdata-image-id=\"11398\"\n\t\t\tdata-image-name=\"IMG-1a4b3e72ec1b67185b6e2b481d1d8020-V_1024x623.jpg\"\n\t\t\tdata-title=\"IMG-1a4b3e72ec1b67185b6e2b481d1d8020-V_1024x623\"\n\t\t\tdata-description=\"\"\n\t\t\tdata-image-slug=\"img-1a4b3e72ec1b67185b6e2b481d1d8020-v_1024x623\"\n\t\t\t\t\t\t\t\t\t\t\t\t\t\t\t\t\t\t\t\tclass=\"ngg-fancybox\" rel=\"2d77ef4c6dcdc9442502b843ea76b8e2\">\n\t\t\t\t\t\t\t\t<img\n\t\t\t\t\ttitle=\"IMG-1a4b3e72ec1b67185b6e2b481d1d8020-V_1024x623\"\n\t\t\t\t\talt=\"IMG-1a4b3e72ec1b67185b6e2b481d1d8020-V_1024x623\"\n\t\t\t\t\tsrc=\"https:\/\/www.slatina.hr\/portal\/wp-content\/gallery\/6-9-2024-dan-grada-vijenci\/thumbs\/thumbs_IMG-1a4b3e72ec1b67185b6e2b481d1d8020-V_1024x623.jpg?t=1725629788\"\n\t\t\t\t\twidth=\"240\"\n\t\t\t\t\theight=\"160\"\n\t\t\t\t\tstyle=\"max-width:100%;\"\n\t\t\t\t\/>\n\t\t\t<\/a>\n\t\t<\/div>\n\t\t\t\t\t\t\t<\/div>\n\t\t\t\n\t\t\t\t<div id=\"ngg-image-10\" class=\"ngg-gallery-thumbnail-box\n\t\t\t\t\t\t\t\t\t\t\t\"\n\t\t\t>\n\t\t\t\t\t\t<div class=\"ngg-gallery-thumbnail\">\n\t\t<a href=\"https:\/\/www.slatina.hr\/portal\/wp-content\/gallery\/6-9-2024-dan-grada-vijenci\/IMG-fee0f27c93ba78271adda93e77aa4956-V_1024x630.jpg?t=1725629788\"\n\t\t\ttitle=\"\"\n\t\t\tdata-src=\"https:\/\/www.slatina.hr\/portal\/wp-content\/gallery\/6-9-2024-dan-grada-vijenci\/IMG-fee0f27c93ba78271adda93e77aa4956-V_1024x630.jpg?t=1725629788\"\n\t\t\tdata-thumbnail=\"https:\/\/www.slatina.hr\/portal\/wp-content\/gallery\/6-9-2024-dan-grada-vijenci\/thumbs\/thumbs_IMG-fee0f27c93ba78271adda93e77aa4956-V_1024x630.jpg?t=1725629788\"\n\t\t\tdata-image-id=\"11399\"\n\t\t\tdata-image-name=\"IMG-fee0f27c93ba78271adda93e77aa4956-V_1024x630.jpg\"\n\t\t\tdata-title=\"IMG-fee0f27c93ba78271adda93e77aa4956-V_1024x630\"\n\t\t\tdata-description=\"\"\n\t\t\tdata-image-slug=\"img-fee0f27c93ba78271adda93e77aa4956-v_1024x630\"\n\t\t\t\t\t\t\t\t\t\t\t\t\t\t\t\t\t\t\t\tclass=\"ngg-fancybox\" rel=\"2d77ef4c6dcdc9442502b843ea76b8e2\">\n\t\t\t\t\t\t\t\t<img\n\t\t\t\t\ttitle=\"IMG-fee0f27c93ba78271adda93e77aa4956-V_1024x630\"\n\t\t\t\t\talt=\"IMG-fee0f27c93ba78271adda93e77aa4956-V_1024x630\"\n\t\t\t\t\tsrc=\"https:\/\/www.slatina.hr\/portal\/wp-content\/gallery\/6-9-2024-dan-grada-vijenci\/thumbs\/thumbs_IMG-fee0f27c93ba78271adda93e77aa4956-V_1024x630.jpg?t=1725629788\"\n\t\t\t\t\twidth=\"240\"\n\t\t\t\t\theight=\"160\"\n\t\t\t\t\tstyle=\"max-width:100%;\"\n\t\t\t\t\/>\n\t\t\t<\/a>\n\t\t<\/div>\n\t\t\t\t\t\t\t<\/div>\n\t\t\t\n\t\t\t\t<div id=\"ngg-image-11\" class=\"ngg-gallery-thumbnail-box\n\t\t\t\t\t\t\t\t\t\t\t\"\n\t\t\t>\n\t\t\t\t\t\t<div class=\"ngg-gallery-thumbnail\">\n\t\t<a href=\"https:\/\/www.slatina.hr\/portal\/wp-content\/gallery\/6-9-2024-dan-grada-vijenci\/IMG-2c5e6f98999a95d5d4baf9a3572c0f05-V_1024x609.jpg?t=1725629788\"\n\t\t\ttitle=\"\"\n\t\t\tdata-src=\"https:\/\/www.slatina.hr\/portal\/wp-content\/gallery\/6-9-2024-dan-grada-vijenci\/IMG-2c5e6f98999a95d5d4baf9a3572c0f05-V_1024x609.jpg?t=1725629788\"\n\t\t\tdata-thumbnail=\"https:\/\/www.slatina.hr\/portal\/wp-content\/gallery\/6-9-2024-dan-grada-vijenci\/thumbs\/thumbs_IMG-2c5e6f98999a95d5d4baf9a3572c0f05-V_1024x609.jpg?t=1725629788\"\n\t\t\tdata-image-id=\"11400\"\n\t\t\tdata-image-name=\"IMG-2c5e6f98999a95d5d4baf9a3572c0f05-V_1024x609.jpg\"\n\t\t\tdata-title=\"IMG-2c5e6f98999a95d5d4baf9a3572c0f05-V_1024x609\"\n\t\t\tdata-description=\"\"\n\t\t\tdata-image-slug=\"img-2c5e6f98999a95d5d4baf9a3572c0f05-v_1024x609\"\n\t\t\t\t\t\t\t\t\t\t\t\t\t\t\t\t\t\t\t\tclass=\"ngg-fancybox\" rel=\"2d77ef4c6dcdc9442502b843ea76b8e2\">\n\t\t\t\t\t\t\t\t<img\n\t\t\t\t\ttitle=\"IMG-2c5e6f98999a95d5d4baf9a3572c0f05-V_1024x609\"\n\t\t\t\t\talt=\"IMG-2c5e6f98999a95d5d4baf9a3572c0f05-V_1024x609\"\n\t\t\t\t\tsrc=\"https:\/\/www.slatina.hr\/portal\/wp-content\/gallery\/6-9-2024-dan-grada-vijenci\/thumbs\/thumbs_IMG-2c5e6f98999a95d5d4baf9a3572c0f05-V_1024x609.jpg?t=1725629788\"\n\t\t\t\t\twidth=\"240\"\n\t\t\t\t\theight=\"160\"\n\t\t\t\t\tstyle=\"max-width:100%;\"\n\t\t\t\t\/>\n\t\t\t<\/a>\n\t\t<\/div>\n\t\t\t\t\t\t\t<\/div>\n\t\t\t\n\t\t\t\t<div id=\"ngg-image-12\" class=\"ngg-gallery-thumbnail-box\n\t\t\t\t\t\t\t\t\t\t\t\"\n\t\t\t>\n\t\t\t\t\t\t<div class=\"ngg-gallery-thumbnail\">\n\t\t<a href=\"https:\/\/www.slatina.hr\/portal\/wp-content\/gallery\/6-9-2024-dan-grada-vijenci\/IMG-3a01da6c61c30539235cfe01f1ced53d-V_1024x621.jpg?t=1725629789\"\n\t\t\ttitle=\"\"\n\t\t\tdata-src=\"https:\/\/www.slatina.hr\/portal\/wp-content\/gallery\/6-9-2024-dan-grada-vijenci\/IMG-3a01da6c61c30539235cfe01f1ced53d-V_1024x621.jpg?t=1725629789\"\n\t\t\tdata-thumbnail=\"https:\/\/www.slatina.hr\/portal\/wp-content\/gallery\/6-9-2024-dan-grada-vijenci\/thumbs\/thumbs_IMG-3a01da6c61c30539235cfe01f1ced53d-V_1024x621.jpg?t=1725629789\"\n\t\t\tdata-image-id=\"11401\"\n\t\t\tdata-image-name=\"IMG-3a01da6c61c30539235cfe01f1ced53d-V_1024x621.jpg\"\n\t\t\tdata-title=\"IMG-3a01da6c61c30539235cfe01f1ced53d-V_1024x621\"\n\t\t\tdata-description=\"\"\n\t\t\tdata-image-slug=\"img-3a01da6c61c30539235cfe01f1ced53d-v_1024x621\"\n\t\t\t\t\t\t\t\t\t\t\t\t\t\t\t\t\t\t\t\tclass=\"ngg-fancybox\" rel=\"2d77ef4c6dcdc9442502b843ea76b8e2\">\n\t\t\t\t\t\t\t\t<img\n\t\t\t\t\ttitle=\"IMG-3a01da6c61c30539235cfe01f1ced53d-V_1024x621\"\n\t\t\t\t\talt=\"IMG-3a01da6c61c30539235cfe01f1ced53d-V_1024x621\"\n\t\t\t\t\tsrc=\"https:\/\/www.slatina.hr\/portal\/wp-content\/gallery\/6-9-2024-dan-grada-vijenci\/thumbs\/thumbs_IMG-3a01da6c61c30539235cfe01f1ced53d-V_1024x621.jpg?t=1725629789\"\n\t\t\t\t\twidth=\"240\"\n\t\t\t\t\theight=\"160\"\n\t\t\t\t\tstyle=\"max-width:100%;\"\n\t\t\t\t\/>\n\t\t\t<\/a>\n\t\t<\/div>\n\t\t\t\t\t\t\t<\/div>\n\t\t\t\n\t\t\t\t<div id=\"ngg-image-13\" class=\"ngg-gallery-thumbnail-box\n\t\t\t\t\t\t\t\t\t\t\t\"\n\t\t\t>\n\t\t\t\t\t\t<div class=\"ngg-gallery-thumbnail\">\n\t\t<a href=\"https:\/\/www.slatina.hr\/portal\/wp-content\/gallery\/6-9-2024-dan-grada-vijenci\/IMG-3e3b8bc06c4ba25c9e71b59e67aad2bb-V_1024x602.jpg?t=1725629789\"\n\t\t\ttitle=\"\"\n\t\t\tdata-src=\"https:\/\/www.slatina.hr\/portal\/wp-content\/gallery\/6-9-2024-dan-grada-vijenci\/IMG-3e3b8bc06c4ba25c9e71b59e67aad2bb-V_1024x602.jpg?t=1725629789\"\n\t\t\tdata-thumbnail=\"https:\/\/www.slatina.hr\/portal\/wp-content\/gallery\/6-9-2024-dan-grada-vijenci\/thumbs\/thumbs_IMG-3e3b8bc06c4ba25c9e71b59e67aad2bb-V_1024x602.jpg?t=1725629789\"\n\t\t\tdata-image-id=\"11402\"\n\t\t\tdata-image-name=\"IMG-3e3b8bc06c4ba25c9e71b59e67aad2bb-V_1024x602.jpg\"\n\t\t\tdata-title=\"IMG-3e3b8bc06c4ba25c9e71b59e67aad2bb-V_1024x602\"\n\t\t\tdata-description=\"\"\n\t\t\tdata-image-slug=\"img-3e3b8bc06c4ba25c9e71b59e67aad2bb-v_1024x602\"\n\t\t\t\t\t\t\t\t\t\t\t\t\t\t\t\t\t\t\t\tclass=\"ngg-fancybox\" rel=\"2d77ef4c6dcdc9442502b843ea76b8e2\">\n\t\t\t\t\t\t\t\t<img\n\t\t\t\t\ttitle=\"IMG-3e3b8bc06c4ba25c9e71b59e67aad2bb-V_1024x602\"\n\t\t\t\t\talt=\"IMG-3e3b8bc06c4ba25c9e71b59e67aad2bb-V_1024x602\"\n\t\t\t\t\tsrc=\"https:\/\/www.slatina.hr\/portal\/wp-content\/gallery\/6-9-2024-dan-grada-vijenci\/thumbs\/thumbs_IMG-3e3b8bc06c4ba25c9e71b59e67aad2bb-V_1024x602.jpg?t=1725629789\"\n\t\t\t\t\twidth=\"240\"\n\t\t\t\t\theight=\"160\"\n\t\t\t\t\tstyle=\"max-width:100%;\"\n\t\t\t\t\/>\n\t\t\t<\/a>\n\t\t<\/div>\n\t\t\t\t\t\t\t<\/div>\n\t\t\t\n\t\t\t\t<div id=\"ngg-image-14\" class=\"ngg-gallery-thumbnail-box\n\t\t\t\t\t\t\t\t\t\t\t\"\n\t\t\t>\n\t\t\t\t\t\t<div class=\"ngg-gallery-thumbnail\">\n\t\t<a href=\"https:\/\/www.slatina.hr\/portal\/wp-content\/gallery\/6-9-2024-dan-grada-vijenci\/IMG-5d9c4a7b0a4c4d4d1e8767892ff1eecd-V_1024x609.jpg?t=1725629790\"\n\t\t\ttitle=\"\"\n\t\t\tdata-src=\"https:\/\/www.slatina.hr\/portal\/wp-content\/gallery\/6-9-2024-dan-grada-vijenci\/IMG-5d9c4a7b0a4c4d4d1e8767892ff1eecd-V_1024x609.jpg?t=1725629790\"\n\t\t\tdata-thumbnail=\"https:\/\/www.slatina.hr\/portal\/wp-content\/gallery\/6-9-2024-dan-grada-vijenci\/thumbs\/thumbs_IMG-5d9c4a7b0a4c4d4d1e8767892ff1eecd-V_1024x609.jpg?t=1725629790\"\n\t\t\tdata-image-id=\"11403\"\n\t\t\tdata-image-name=\"IMG-5d9c4a7b0a4c4d4d1e8767892ff1eecd-V_1024x609.jpg\"\n\t\t\tdata-title=\"IMG-5d9c4a7b0a4c4d4d1e8767892ff1eecd-V_1024x609\"\n\t\t\tdata-description=\"\"\n\t\t\tdata-image-slug=\"img-5d9c4a7b0a4c4d4d1e8767892ff1eecd-v_1024x609\"\n\t\t\t\t\t\t\t\t\t\t\t\t\t\t\t\t\t\t\t\tclass=\"ngg-fancybox\" rel=\"2d77ef4c6dcdc9442502b843ea76b8e2\">\n\t\t\t\t\t\t\t\t<img\n\t\t\t\t\ttitle=\"IMG-5d9c4a7b0a4c4d4d1e8767892ff1eecd-V_1024x609\"\n\t\t\t\t\talt=\"IMG-5d9c4a7b0a4c4d4d1e8767892ff1eecd-V_1024x609\"\n\t\t\t\t\tsrc=\"https:\/\/www.slatina.hr\/portal\/wp-content\/gallery\/6-9-2024-dan-grada-vijenci\/thumbs\/thumbs_IMG-5d9c4a7b0a4c4d4d1e8767892ff1eecd-V_1024x609.jpg?t=1725629790\"\n\t\t\t\t\twidth=\"240\"\n\t\t\t\t\theight=\"160\"\n\t\t\t\t\tstyle=\"max-width:100%;\"\n\t\t\t\t\/>\n\t\t\t<\/a>\n\t\t<\/div>\n\t\t\t\t\t\t\t<\/div>\n\t\t\t\n\t\t\t\t<div id=\"ngg-image-15\" class=\"ngg-gallery-thumbnail-box\n\t\t\t\t\t\t\t\t\t\t\t\"\n\t\t\t>\n\t\t\t\t\t\t<div class=\"ngg-gallery-thumbnail\">\n\t\t<a href=\"https:\/\/www.slatina.hr\/portal\/wp-content\/gallery\/6-9-2024-dan-grada-vijenci\/IMG-6a59a65cfc8faafdb2762347728e9aba-V_1024x587.jpg?t=1725629791\"\n\t\t\ttitle=\"\"\n\t\t\tdata-src=\"https:\/\/www.slatina.hr\/portal\/wp-content\/gallery\/6-9-2024-dan-grada-vijenci\/IMG-6a59a65cfc8faafdb2762347728e9aba-V_1024x587.jpg?t=1725629791\"\n\t\t\tdata-thumbnail=\"https:\/\/www.slatina.hr\/portal\/wp-content\/gallery\/6-9-2024-dan-grada-vijenci\/thumbs\/thumbs_IMG-6a59a65cfc8faafdb2762347728e9aba-V_1024x587.jpg?t=1725629791\"\n\t\t\tdata-image-id=\"11404\"\n\t\t\tdata-image-name=\"IMG-6a59a65cfc8faafdb2762347728e9aba-V_1024x587.jpg\"\n\t\t\tdata-title=\"IMG-6a59a65cfc8faafdb2762347728e9aba-V_1024x587\"\n\t\t\tdata-description=\"\"\n\t\t\tdata-image-slug=\"img-6a59a65cfc8faafdb2762347728e9aba-v_1024x587\"\n\t\t\t\t\t\t\t\t\t\t\t\t\t\t\t\t\t\t\t\tclass=\"ngg-fancybox\" rel=\"2d77ef4c6dcdc9442502b843ea76b8e2\">\n\t\t\t\t\t\t\t\t<img\n\t\t\t\t\ttitle=\"IMG-6a59a65cfc8faafdb2762347728e9aba-V_1024x587\"\n\t\t\t\t\talt=\"IMG-6a59a65cfc8faafdb2762347728e9aba-V_1024x587\"\n\t\t\t\t\tsrc=\"https:\/\/www.slatina.hr\/portal\/wp-content\/gallery\/6-9-2024-dan-grada-vijenci\/thumbs\/thumbs_IMG-6a59a65cfc8faafdb2762347728e9aba-V_1024x587.jpg?t=1725629791\"\n\t\t\t\t\twidth=\"240\"\n\t\t\t\t\theight=\"160\"\n\t\t\t\t\tstyle=\"max-width:100%;\"\n\t\t\t\t\/>\n\t\t\t<\/a>\n\t\t<\/div>\n\t\t\t\t\t\t\t<\/div>\n\t\t\t\n\t\t\t\t<div id=\"ngg-image-16\" class=\"ngg-gallery-thumbnail-box\n\t\t\t\t\t\t\t\t\t\t\t\"\n\t\t\t>\n\t\t\t\t\t\t<div class=\"ngg-gallery-thumbnail\">\n\t\t<a href=\"https:\/\/www.slatina.hr\/portal\/wp-content\/gallery\/6-9-2024-dan-grada-vijenci\/IMG-6d6ccf427d4131902dd0f5ee241e98e5-V_1024x614.jpg?t=1725629791\"\n\t\t\ttitle=\"\"\n\t\t\tdata-src=\"https:\/\/www.slatina.hr\/portal\/wp-content\/gallery\/6-9-2024-dan-grada-vijenci\/IMG-6d6ccf427d4131902dd0f5ee241e98e5-V_1024x614.jpg?t=1725629791\"\n\t\t\tdata-thumbnail=\"https:\/\/www.slatina.hr\/portal\/wp-content\/gallery\/6-9-2024-dan-grada-vijenci\/thumbs\/thumbs_IMG-6d6ccf427d4131902dd0f5ee241e98e5-V_1024x614.jpg?t=1725629791\"\n\t\t\tdata-image-id=\"11405\"\n\t\t\tdata-image-name=\"IMG-6d6ccf427d4131902dd0f5ee241e98e5-V_1024x614.jpg\"\n\t\t\tdata-title=\"IMG-6d6ccf427d4131902dd0f5ee241e98e5-V_1024x614\"\n\t\t\tdata-description=\"\"\n\t\t\tdata-image-slug=\"img-6d6ccf427d4131902dd0f5ee241e98e5-v_1024x614\"\n\t\t\t\t\t\t\t\t\t\t\t\t\t\t\t\t\t\t\t\tclass=\"ngg-fancybox\" rel=\"2d77ef4c6dcdc9442502b843ea76b8e2\">\n\t\t\t\t\t\t\t\t<img\n\t\t\t\t\ttitle=\"IMG-6d6ccf427d4131902dd0f5ee241e98e5-V_1024x614\"\n\t\t\t\t\talt=\"IMG-6d6ccf427d4131902dd0f5ee241e98e5-V_1024x614\"\n\t\t\t\t\tsrc=\"https:\/\/www.slatina.hr\/portal\/wp-content\/gallery\/6-9-2024-dan-grada-vijenci\/thumbs\/thumbs_IMG-6d6ccf427d4131902dd0f5ee241e98e5-V_1024x614.jpg?t=1725629791\"\n\t\t\t\t\twidth=\"240\"\n\t\t\t\t\theight=\"160\"\n\t\t\t\t\tstyle=\"max-width:100%;\"\n\t\t\t\t\/>\n\t\t\t<\/a>\n\t\t<\/div>\n\t\t\t\t\t\t\t<\/div>\n\t\t\t\n\t\t\t\t<div id=\"ngg-image-17\" class=\"ngg-gallery-thumbnail-box\n\t\t\t\t\t\t\t\t\t\t\t\"\n\t\t\t>\n\t\t\t\t\t\t<div class=\"ngg-gallery-thumbnail\">\n\t\t<a href=\"https:\/\/www.slatina.hr\/portal\/wp-content\/gallery\/6-9-2024-dan-grada-vijenci\/IMG-6fb49c2666ebb835ed9e96cff1225104-V_1024x612.jpg?t=1725629791\"\n\t\t\ttitle=\"\"\n\t\t\tdata-src=\"https:\/\/www.slatina.hr\/portal\/wp-content\/gallery\/6-9-2024-dan-grada-vijenci\/IMG-6fb49c2666ebb835ed9e96cff1225104-V_1024x612.jpg?t=1725629791\"\n\t\t\tdata-thumbnail=\"https:\/\/www.slatina.hr\/portal\/wp-content\/gallery\/6-9-2024-dan-grada-vijenci\/thumbs\/thumbs_IMG-6fb49c2666ebb835ed9e96cff1225104-V_1024x612.jpg?t=1725629791\"\n\t\t\tdata-image-id=\"11406\"\n\t\t\tdata-image-name=\"IMG-6fb49c2666ebb835ed9e96cff1225104-V_1024x612.jpg\"\n\t\t\tdata-title=\"IMG-6fb49c2666ebb835ed9e96cff1225104-V_1024x612\"\n\t\t\tdata-description=\"\"\n\t\t\tdata-image-slug=\"img-6fb49c2666ebb835ed9e96cff1225104-v_1024x612\"\n\t\t\t\t\t\t\t\t\t\t\t\t\t\t\t\t\t\t\t\tclass=\"ngg-fancybox\" rel=\"2d77ef4c6dcdc9442502b843ea76b8e2\">\n\t\t\t\t\t\t\t\t<img\n\t\t\t\t\ttitle=\"IMG-6fb49c2666ebb835ed9e96cff1225104-V_1024x612\"\n\t\t\t\t\talt=\"IMG-6fb49c2666ebb835ed9e96cff1225104-V_1024x612\"\n\t\t\t\t\tsrc=\"https:\/\/www.slatina.hr\/portal\/wp-content\/gallery\/6-9-2024-dan-grada-vijenci\/thumbs\/thumbs_IMG-6fb49c2666ebb835ed9e96cff1225104-V_1024x612.jpg?t=1725629791\"\n\t\t\t\t\twidth=\"240\"\n\t\t\t\t\theight=\"160\"\n\t\t\t\t\tstyle=\"max-width:100%;\"\n\t\t\t\t\/>\n\t\t\t<\/a>\n\t\t<\/div>\n\t\t\t\t\t\t\t<\/div>\n\t\t\t\n\t\t\t\t<div id=\"ngg-image-18\" class=\"ngg-gallery-thumbnail-box\n\t\t\t\t\t\t\t\t\t\t\t\"\n\t\t\t>\n\t\t\t\t\t\t<div class=\"ngg-gallery-thumbnail\">\n\t\t<a href=\"https:\/\/www.slatina.hr\/portal\/wp-content\/gallery\/6-9-2024-dan-grada-vijenci\/IMG-27b14510fec4e84a733f2980fb21ef5c-V_1024x596.jpg?t=1725629792\"\n\t\t\ttitle=\"\"\n\t\t\tdata-src=\"https:\/\/www.slatina.hr\/portal\/wp-content\/gallery\/6-9-2024-dan-grada-vijenci\/IMG-27b14510fec4e84a733f2980fb21ef5c-V_1024x596.jpg?t=1725629792\"\n\t\t\tdata-thumbnail=\"https:\/\/www.slatina.hr\/portal\/wp-content\/gallery\/6-9-2024-dan-grada-vijenci\/thumbs\/thumbs_IMG-27b14510fec4e84a733f2980fb21ef5c-V_1024x596.jpg?t=1725629792\"\n\t\t\tdata-image-id=\"11407\"\n\t\t\tdata-image-name=\"IMG-27b14510fec4e84a733f2980fb21ef5c-V_1024x596.jpg\"\n\t\t\tdata-title=\"IMG-27b14510fec4e84a733f2980fb21ef5c-V_1024x596\"\n\t\t\tdata-description=\"\"\n\t\t\tdata-image-slug=\"img-27b14510fec4e84a733f2980fb21ef5c-v_1024x596\"\n\t\t\t\t\t\t\t\t\t\t\t\t\t\t\t\t\t\t\t\tclass=\"ngg-fancybox\" rel=\"2d77ef4c6dcdc9442502b843ea76b8e2\">\n\t\t\t\t\t\t\t\t<img\n\t\t\t\t\ttitle=\"IMG-27b14510fec4e84a733f2980fb21ef5c-V_1024x596\"\n\t\t\t\t\talt=\"IMG-27b14510fec4e84a733f2980fb21ef5c-V_1024x596\"\n\t\t\t\t\tsrc=\"https:\/\/www.slatina.hr\/portal\/wp-content\/gallery\/6-9-2024-dan-grada-vijenci\/thumbs\/thumbs_IMG-27b14510fec4e84a733f2980fb21ef5c-V_1024x596.jpg?t=1725629792\"\n\t\t\t\t\twidth=\"240\"\n\t\t\t\t\theight=\"160\"\n\t\t\t\t\tstyle=\"max-width:100%;\"\n\t\t\t\t\/>\n\t\t\t<\/a>\n\t\t<\/div>\n\t\t\t\t\t\t\t<\/div>\n\t\t\t\n\t\t\t\t<div id=\"ngg-image-19\" class=\"ngg-gallery-thumbnail-box\n\t\t\t\t\t\t\t\t\t\t\t\"\n\t\t\t>\n\t\t\t\t\t\t<div class=\"ngg-gallery-thumbnail\">\n\t\t<a href=\"https:\/\/www.slatina.hr\/portal\/wp-content\/gallery\/6-9-2024-dan-grada-vijenci\/IMG-40ebf9fdaec3a08e4bac0fa0e29fafb3-V_1024x634.jpg?t=1725629792\"\n\t\t\ttitle=\"\"\n\t\t\tdata-src=\"https:\/\/www.slatina.hr\/portal\/wp-content\/gallery\/6-9-2024-dan-grada-vijenci\/IMG-40ebf9fdaec3a08e4bac0fa0e29fafb3-V_1024x634.jpg?t=1725629792\"\n\t\t\tdata-thumbnail=\"https:\/\/www.slatina.hr\/portal\/wp-content\/gallery\/6-9-2024-dan-grada-vijenci\/thumbs\/thumbs_IMG-40ebf9fdaec3a08e4bac0fa0e29fafb3-V_1024x634.jpg?t=1725629792\"\n\t\t\tdata-image-id=\"11408\"\n\t\t\tdata-image-name=\"IMG-40ebf9fdaec3a08e4bac0fa0e29fafb3-V_1024x634.jpg\"\n\t\t\tdata-title=\"IMG-40ebf9fdaec3a08e4bac0fa0e29fafb3-V_1024x634\"\n\t\t\tdata-description=\"\"\n\t\t\tdata-image-slug=\"img-40ebf9fdaec3a08e4bac0fa0e29fafb3-v_1024x634\"\n\t\t\t\t\t\t\t\t\t\t\t\t\t\t\t\t\t\t\t\tclass=\"ngg-fancybox\" rel=\"2d77ef4c6dcdc9442502b843ea76b8e2\">\n\t\t\t\t\t\t\t\t<img\n\t\t\t\t\ttitle=\"IMG-40ebf9fdaec3a08e4bac0fa0e29fafb3-V_1024x634\"\n\t\t\t\t\talt=\"IMG-40ebf9fdaec3a08e4bac0fa0e29fafb3-V_1024x634\"\n\t\t\t\t\tsrc=\"https:\/\/www.slatina.hr\/portal\/wp-content\/gallery\/6-9-2024-dan-grada-vijenci\/thumbs\/thumbs_IMG-40ebf9fdaec3a08e4bac0fa0e29fafb3-V_1024x634.jpg?t=1725629792\"\n\t\t\t\t\twidth=\"240\"\n\t\t\t\t\theight=\"160\"\n\t\t\t\t\tstyle=\"max-width:100%;\"\n\t\t\t\t\/>\n\t\t\t<\/a>\n\t\t<\/div>\n\t\t\t\t\t\t\t<\/div>\n\t\t\t\n\t\n\t<br style=\"clear: both\" \/>\n\n\t\n\t\t<!-- Pagination -->\n\t\t<div class='ngg-navigation'><span class='current'>1<\/span>\n<a class='page-numbers' data-pageid='2' href='https:\/\/www.slatina.hr\/portal\/odrzana-druga-memorijalna-utrka-slatina-hum-vocin\/nggallery\/page\/2'>2<\/a>\n<a class='prev' href='https:\/\/www.slatina.hr\/portal\/odrzana-druga-memorijalna-utrka-slatina-hum-vocin\/nggallery\/page\/2' data-pageid=\"2\">&#9658;<\/a><\/div>\t<\/div>\n<\/p>\n","protected":false},"excerpt":{"rendered":"<p>U povodu proslave obljetnice osnutka 136. slatinske brigade odr\u017eana je druga Memorijalna utrka Slatina \u2013 Hum \u2013 Vo\u0107in. Start je bio u Parka 136. brigade<span class=\"excerpt-hellip\"> [\u2026]<\/span><\/p>\n","protected":false},"author":1,"featured_media":19198,"comment_status":"closed","ping_status":"closed","sticky":false,"template":"","format":"standard","meta":{"ngg_post_thumbnail":0,"footnotes":""},"categories":[139],"tags":[],"class_list":["post-19176","post","type-post","status-publish","format-standard","has-post-thumbnail","hentry","category-sport-kultura-i-udruge"],"_links":{"self":[{"href":"https:\/\/www.slatina.hr\/portal\/wp-json\/wp\/v2\/posts\/19176","targetHints":{"allow":["GET"]}}],"collection":[{"href":"https:\/\/www.slatina.hr\/portal\/wp-json\/wp\/v2\/posts"}],"about":[{"href":"https:\/\/www.slatina.hr\/portal\/wp-json\/wp\/v2\/types\/post"}],"author":[{"embeddable":true,"href":"https:\/\/www.slatina.hr\/portal\/wp-json\/wp\/v2\/users\/1"}],"replies":[{"embeddable":true,"href":"https:\/\/www.slatina.hr\/portal\/wp-json\/wp\/v2\/comments?post=19176"}],"version-history":[{"count":0,"href":"https:\/\/www.slatina.hr\/portal\/wp-json\/wp\/v2\/posts\/19176\/revisions"}],"wp:featuredmedia":[{"embeddable":true,"href":"https:\/\/www.slatina.hr\/portal\/wp-json\/wp\/v2\/media\/19198"}],"wp:attachment":[{"href":"https:\/\/www.slatina.hr\/portal\/wp-json\/wp\/v2\/media?parent=19176"}],"wp:term":[{"taxonomy":"category","embeddable":true,"href":"https:\/\/www.slatina.hr\/portal\/wp-json\/wp\/v2\/categories?post=19176"},{"taxonomy":"post_tag","embeddable":true,"href":"https:\/\/www.slatina.hr\/portal\/wp-json\/wp\/v2\/tags?post=19176"}],"curies":[{"name":"wp","href":"https:\/\/api.w.org\/{rel}","templated":true}]}}