{"id":15633,"date":"2014-09-15T09:53:33","date_gmt":"2014-09-15T07:53:33","guid":{"rendered":"http:\/\/www.slatina.hr\/?p=15633"},"modified":"2014-09-15T09:53:33","modified_gmt":"2014-09-15T07:53:33","slug":"odrzana-zavrsna-konferencija-projekta-ict4scf","status":"publish","type":"post","link":"https:\/\/www.slatina.hr\/portal\/odrzana-zavrsna-konferencija-projekta-ict4scf\/","title":{"rendered":"Odr\u017eana zavr\u0161na konferencija projekta ICT4SCF"},"content":{"rendered":"<p>U zagreba\u010dkoj Osnovnoj \u0161koli Ivana Gran\u0111e odr\u017eana je zavr\u0161na konferencija projekta Informati\u010dka znanja za uspje\u0161nu i kreativnu budu\u0107nost (ICT4SCF) \u010diji je nositelj Osnovna \u0161kola Eugena Kumi\u010di\u0107a iz Slatine. Projekt je financiran sredstvima Europske unije na Komponenti IV-Razvoj ljudskih potencijala pri Daljnjem razvoju i provedbi hrvatskog kvalifikacijskog okvira u vrijednosti od 204.000 eura. Projekt je gotovo 95 posto sufinancirala Europska unija dok su preostali iznos sufinancirali osniva\u010di, \u0161to je u slu\u010daju slatinske \u0161kole Viroviti\u010dko-podravska \u017eupanija. Konferenciji su prisustvovali ravnateljica \u0161kole Bo\u017eica Majhen, voditeljica projekta Melita Schmitz, pro\u010delnica \u017eupanijskog Upravnog odjela za prosvjetu, kulturu, \u0161port i tehni\u010dku kulturu Vesna \u0160erepac. Projekt zavr\u0161ava 19. rujna, a jedna od posljednjih aktivnosti bit \u0107e &#8221;Dan otvorenih vrata&#8221; koji \u0107e se odr\u017eati u utorak, 16. rujna, u informati\u010dkoj u\u010dionici \u0161kole od 16 sati. (icv.hr)<\/p>\n","protected":false},"excerpt":{"rendered":"<p>U zagreba\u010dkoj Osnovnoj \u0161koli Ivana Gran\u0111e odr\u017eana je zavr\u0161na konferencija projekta Informati\u010dka znanja za uspje\u0161nu i kreativnu budu\u0107nost (ICT4SCF) \u010diji je nositelj Osnovna \u0161kola Eugena<span class=\"excerpt-hellip\"> [\u2026]<\/span><\/p>\n","protected":false},"author":1,"featured_media":15635,"comment_status":"closed","ping_status":"closed","sticky":false,"template":"","format":"standard","meta":{"ngg_post_thumbnail":0,"footnotes":""},"categories":[136],"tags":[],"class_list":["post-15633","post","type-post","status-publish","format-standard","has-post-thumbnail","hentry","category-grad-slatina"],"_links":{"self":[{"href":"https:\/\/www.slatina.hr\/portal\/wp-json\/wp\/v2\/posts\/15633","targetHints":{"allow":["GET"]}}],"collection":[{"href":"https:\/\/www.slatina.hr\/portal\/wp-json\/wp\/v2\/posts"}],"about":[{"href":"https:\/\/www.slatina.hr\/portal\/wp-json\/wp\/v2\/types\/post"}],"author":[{"embeddable":true,"href":"https:\/\/www.slatina.hr\/portal\/wp-json\/wp\/v2\/users\/1"}],"replies":[{"embeddable":true,"href":"https:\/\/www.slatina.hr\/portal\/wp-json\/wp\/v2\/comments?post=15633"}],"version-history":[{"count":0,"href":"https:\/\/www.slatina.hr\/portal\/wp-json\/wp\/v2\/posts\/15633\/revisions"}],"wp:featuredmedia":[{"embeddable":true,"href":"https:\/\/www.slatina.hr\/portal\/wp-json\/wp\/v2\/media\/15635"}],"wp:attachment":[{"href":"https:\/\/www.slatina.hr\/portal\/wp-json\/wp\/v2\/media?parent=15633"}],"wp:term":[{"taxonomy":"category","embeddable":true,"href":"https:\/\/www.slatina.hr\/portal\/wp-json\/wp\/v2\/categories?post=15633"},{"taxonomy":"post_tag","embeddable":true,"href":"https:\/\/www.slatina.hr\/portal\/wp-json\/wp\/v2\/tags?post=15633"}],"curies":[{"name":"wp","href":"https:\/\/api.w.org\/{rel}","templated":true}]}}