{"id":15412,"date":"2014-09-09T10:28:51","date_gmt":"2014-09-09T08:28:51","guid":{"rendered":"http:\/\/www.slatina.hr\/?p=15412"},"modified":"2014-09-09T10:28:51","modified_gmt":"2014-09-09T08:28:51","slug":"posjet-gradonacelnika-ivana-rostasa-prijateljskom-gradu-sigetvaru","status":"publish","type":"post","link":"https:\/\/www.slatina.hr\/portal\/posjet-gradonacelnika-ivana-rostasa-prijateljskom-gradu-sigetvaru\/","title":{"rendered":"Posjet gradona\u010delnika Ivana Ro\u0161ta\u0161a prijateljskom gradu Sigetvaru"},"content":{"rendered":"<p>Izaslanstvo Grada Slatine predvo\u0111eno gradona\u010delnikom Ivanom Ro\u0161ta\u0161em posjetilo je prijateljski ma\u0111arski grad Sigetvar na poziv gradona\u010delnika Janosa Kolovicsa. Tijekom posjeta uprili\u010den je sastanak dvaju gradona\u010delnika na kojemu se razgovaralo o dosada\u0161njoj suradnji na podru\u010dju sporta, kulture te zajedni\u010dkim projektima IPA prekograni\u010dne suradnje Hrvatske i Ma\u0111arske. Osim toga, dogovoren je nastavak i pro\u0161irenje dosada\u0161nje suradnje dvaju prijateljskih gradova u narednom razdoblju. Slatinsko izaslanstvo nazo\u010dilo je i tradicionalnoj manifestaciji \u201eDani Zrinskih u Sigetu\u201c te polo\u017eilo vijenac na spomen-obilje\u017eje u Parku tursko-ma\u0111arskog prijateljstva. Uz gradona\u010delnika Ivana Ro\u0161ta\u0161a u posjetu Ma\u0111arskoj bili su Oliver Juki\u0107, Miran Jane\u010di\u0107 i Damir Drokan. (slatina.hr)<\/p>\n<p><!-- default-view.php -->\n<div\n\tclass=\"ngg-galleryoverview default-view\n\t ngg-ajax-pagination-none\t\"\n\tid=\"ngg-gallery-8003a0d1af33147d567787ae237fb09e-1\"\n\tdata-nextgen-gallery-id=\"647\"\n\tdata-gallery-id=\"647\"\n\t\tdata-gallery-name=\"19-2-2024 grad orezivanje drve\u0107a\"\n\t>\n\n\t\t<!-- Thumbnails -->\n\t\t\t\t<div id=\"ngg-image-0\" class=\"ngg-gallery-thumbnail-box\n\t\t\t\t\t\t\t\t\t\t\t\"\n\t\t\t>\n\t\t\t\t\t\t<div class=\"ngg-gallery-thumbnail\">\n\t\t<a href=\"https:\/\/www.slatina.hr\/portal\/wp-content\/gallery\/19-2-2024-grad-orezivanje-drveca\/20240219_105422_1024x576.jpg?t=1708346207\"\n\t\t\ttitle=\"\"\n\t\t\tdata-src=\"https:\/\/www.slatina.hr\/portal\/wp-content\/gallery\/19-2-2024-grad-orezivanje-drveca\/20240219_105422_1024x576.jpg?t=1708346207\"\n\t\t\tdata-thumbnail=\"https:\/\/www.slatina.hr\/portal\/wp-content\/gallery\/19-2-2024-grad-orezivanje-drveca\/thumbs\/thumbs_20240219_105422_1024x576.jpg?t=1708346207\"\n\t\t\tdata-image-id=\"10484\"\n\t\t\tdata-image-name=\"20240219_105422_1024x576.jpg\"\n\t\t\tdata-title=\"20240219_105422_1024x576\"\n\t\t\tdata-description=\"\"\n\t\t\tdata-image-slug=\"20240219_105422_1024x576\"\n\t\t\t\t\t\t\t\t\t\t\t\t\t\t\t\t\t\t\t\tclass=\"ngg-fancybox\" rel=\"8003a0d1af33147d567787ae237fb09e\">\n\t\t\t\t\t\t\t\t<img\n\t\t\t\t\ttitle=\"20240219_105422_1024x576\"\n\t\t\t\t\talt=\"20240219_105422_1024x576\"\n\t\t\t\t\tsrc=\"https:\/\/www.slatina.hr\/portal\/wp-content\/gallery\/19-2-2024-grad-orezivanje-drveca\/thumbs\/thumbs_20240219_105422_1024x576.jpg?t=1708346207\"\n\t\t\t\t\twidth=\"240\"\n\t\t\t\t\theight=\"160\"\n\t\t\t\t\tstyle=\"max-width:100%;\"\n\t\t\t\t\/>\n\t\t\t<\/a>\n\t\t<\/div>\n\t\t\t\t\t\t\t<\/div>\n\t\t\t\n\t\t\t\t<div id=\"ngg-image-1\" class=\"ngg-gallery-thumbnail-box\n\t\t\t\t\t\t\t\t\t\t\t\"\n\t\t\t>\n\t\t\t\t\t\t<div class=\"ngg-gallery-thumbnail\">\n\t\t<a href=\"https:\/\/www.slatina.hr\/portal\/wp-content\/gallery\/19-2-2024-grad-orezivanje-drveca\/20240219_105616_1024x576.jpg?t=1708346207\"\n\t\t\ttitle=\"\"\n\t\t\tdata-src=\"https:\/\/www.slatina.hr\/portal\/wp-content\/gallery\/19-2-2024-grad-orezivanje-drveca\/20240219_105616_1024x576.jpg?t=1708346207\"\n\t\t\tdata-thumbnail=\"https:\/\/www.slatina.hr\/portal\/wp-content\/gallery\/19-2-2024-grad-orezivanje-drveca\/thumbs\/thumbs_20240219_105616_1024x576.jpg?t=1708346207\"\n\t\t\tdata-image-id=\"10485\"\n\t\t\tdata-image-name=\"20240219_105616_1024x576.jpg\"\n\t\t\tdata-title=\"20240219_105616_1024x576\"\n\t\t\tdata-description=\"\"\n\t\t\tdata-image-slug=\"20240219_105616_1024x576\"\n\t\t\t\t\t\t\t\t\t\t\t\t\t\t\t\t\t\t\t\tclass=\"ngg-fancybox\" rel=\"8003a0d1af33147d567787ae237fb09e\">\n\t\t\t\t\t\t\t\t<img\n\t\t\t\t\ttitle=\"20240219_105616_1024x576\"\n\t\t\t\t\talt=\"20240219_105616_1024x576\"\n\t\t\t\t\tsrc=\"https:\/\/www.slatina.hr\/portal\/wp-content\/gallery\/19-2-2024-grad-orezivanje-drveca\/thumbs\/thumbs_20240219_105616_1024x576.jpg?t=1708346207\"\n\t\t\t\t\twidth=\"240\"\n\t\t\t\t\theight=\"160\"\n\t\t\t\t\tstyle=\"max-width:100%;\"\n\t\t\t\t\/>\n\t\t\t<\/a>\n\t\t<\/div>\n\t\t\t\t\t\t\t<\/div>\n\t\t\t\n\t\t\t\t<div id=\"ngg-image-2\" class=\"ngg-gallery-thumbnail-box\n\t\t\t\t\t\t\t\t\t\t\t\"\n\t\t\t>\n\t\t\t\t\t\t<div class=\"ngg-gallery-thumbnail\">\n\t\t<a href=\"https:\/\/www.slatina.hr\/portal\/wp-content\/gallery\/19-2-2024-grad-orezivanje-drveca\/20240219_105451_1024x576.jpg?t=1708346207\"\n\t\t\ttitle=\"\"\n\t\t\tdata-src=\"https:\/\/www.slatina.hr\/portal\/wp-content\/gallery\/19-2-2024-grad-orezivanje-drveca\/20240219_105451_1024x576.jpg?t=1708346207\"\n\t\t\tdata-thumbnail=\"https:\/\/www.slatina.hr\/portal\/wp-content\/gallery\/19-2-2024-grad-orezivanje-drveca\/thumbs\/thumbs_20240219_105451_1024x576.jpg?t=1708346207\"\n\t\t\tdata-image-id=\"10486\"\n\t\t\tdata-image-name=\"20240219_105451_1024x576.jpg\"\n\t\t\tdata-title=\"20240219_105451_1024x576\"\n\t\t\tdata-description=\"\"\n\t\t\tdata-image-slug=\"20240219_105451_1024x576\"\n\t\t\t\t\t\t\t\t\t\t\t\t\t\t\t\t\t\t\t\tclass=\"ngg-fancybox\" rel=\"8003a0d1af33147d567787ae237fb09e\">\n\t\t\t\t\t\t\t\t<img\n\t\t\t\t\ttitle=\"20240219_105451_1024x576\"\n\t\t\t\t\talt=\"20240219_105451_1024x576\"\n\t\t\t\t\tsrc=\"https:\/\/www.slatina.hr\/portal\/wp-content\/gallery\/19-2-2024-grad-orezivanje-drveca\/thumbs\/thumbs_20240219_105451_1024x576.jpg?t=1708346207\"\n\t\t\t\t\twidth=\"240\"\n\t\t\t\t\theight=\"160\"\n\t\t\t\t\tstyle=\"max-width:100%;\"\n\t\t\t\t\/>\n\t\t\t<\/a>\n\t\t<\/div>\n\t\t\t\t\t\t\t<\/div>\n\t\t\t\n\t\t\t\t<div id=\"ngg-image-3\" class=\"ngg-gallery-thumbnail-box\n\t\t\t\t\t\t\t\t\t\t\t\"\n\t\t\t>\n\t\t\t\t\t\t<div class=\"ngg-gallery-thumbnail\">\n\t\t<a href=\"https:\/\/www.slatina.hr\/portal\/wp-content\/gallery\/19-2-2024-grad-orezivanje-drveca\/20240219_105255_1024x576.jpg?t=1708346207\"\n\t\t\ttitle=\"\"\n\t\t\tdata-src=\"https:\/\/www.slatina.hr\/portal\/wp-content\/gallery\/19-2-2024-grad-orezivanje-drveca\/20240219_105255_1024x576.jpg?t=1708346207\"\n\t\t\tdata-thumbnail=\"https:\/\/www.slatina.hr\/portal\/wp-content\/gallery\/19-2-2024-grad-orezivanje-drveca\/thumbs\/thumbs_20240219_105255_1024x576.jpg?t=1708346207\"\n\t\t\tdata-image-id=\"10487\"\n\t\t\tdata-image-name=\"20240219_105255_1024x576.jpg\"\n\t\t\tdata-title=\"20240219_105255_1024x576\"\n\t\t\tdata-description=\"\"\n\t\t\tdata-image-slug=\"20240219_105255_1024x576\"\n\t\t\t\t\t\t\t\t\t\t\t\t\t\t\t\t\t\t\t\tclass=\"ngg-fancybox\" rel=\"8003a0d1af33147d567787ae237fb09e\">\n\t\t\t\t\t\t\t\t<img\n\t\t\t\t\ttitle=\"20240219_105255_1024x576\"\n\t\t\t\t\talt=\"20240219_105255_1024x576\"\n\t\t\t\t\tsrc=\"https:\/\/www.slatina.hr\/portal\/wp-content\/gallery\/19-2-2024-grad-orezivanje-drveca\/thumbs\/thumbs_20240219_105255_1024x576.jpg?t=1708346207\"\n\t\t\t\t\twidth=\"240\"\n\t\t\t\t\theight=\"160\"\n\t\t\t\t\tstyle=\"max-width:100%;\"\n\t\t\t\t\/>\n\t\t\t<\/a>\n\t\t<\/div>\n\t\t\t\t\t\t\t<\/div>\n\t\t\t\n\t\t\t\t<div id=\"ngg-image-4\" class=\"ngg-gallery-thumbnail-box\n\t\t\t\t\t\t\t\t\t\t\t\"\n\t\t\t>\n\t\t\t\t\t\t<div class=\"ngg-gallery-thumbnail\">\n\t\t<a href=\"https:\/\/www.slatina.hr\/portal\/wp-content\/gallery\/19-2-2024-grad-orezivanje-drveca\/20240219_105627_1024x576.jpg?t=1708346207\"\n\t\t\ttitle=\"\"\n\t\t\tdata-src=\"https:\/\/www.slatina.hr\/portal\/wp-content\/gallery\/19-2-2024-grad-orezivanje-drveca\/20240219_105627_1024x576.jpg?t=1708346207\"\n\t\t\tdata-thumbnail=\"https:\/\/www.slatina.hr\/portal\/wp-content\/gallery\/19-2-2024-grad-orezivanje-drveca\/thumbs\/thumbs_20240219_105627_1024x576.jpg?t=1708346207\"\n\t\t\tdata-image-id=\"10488\"\n\t\t\tdata-image-name=\"20240219_105627_1024x576.jpg\"\n\t\t\tdata-title=\"20240219_105627_1024x576\"\n\t\t\tdata-description=\"\"\n\t\t\tdata-image-slug=\"20240219_105627_1024x576\"\n\t\t\t\t\t\t\t\t\t\t\t\t\t\t\t\t\t\t\t\tclass=\"ngg-fancybox\" rel=\"8003a0d1af33147d567787ae237fb09e\">\n\t\t\t\t\t\t\t\t<img\n\t\t\t\t\ttitle=\"20240219_105627_1024x576\"\n\t\t\t\t\talt=\"20240219_105627_1024x576\"\n\t\t\t\t\tsrc=\"https:\/\/www.slatina.hr\/portal\/wp-content\/gallery\/19-2-2024-grad-orezivanje-drveca\/thumbs\/thumbs_20240219_105627_1024x576.jpg?t=1708346207\"\n\t\t\t\t\twidth=\"240\"\n\t\t\t\t\theight=\"160\"\n\t\t\t\t\tstyle=\"max-width:100%;\"\n\t\t\t\t\/>\n\t\t\t<\/a>\n\t\t<\/div>\n\t\t\t\t\t\t\t<\/div>\n\t\t\t\n\t\t\t\t<div id=\"ngg-image-5\" class=\"ngg-gallery-thumbnail-box\n\t\t\t\t\t\t\t\t\t\t\t\"\n\t\t\t>\n\t\t\t\t\t\t<div class=\"ngg-gallery-thumbnail\">\n\t\t<a href=\"https:\/\/www.slatina.hr\/portal\/wp-content\/gallery\/19-2-2024-grad-orezivanje-drveca\/20240219_105222_1024x576.jpg?t=1708346207\"\n\t\t\ttitle=\"\"\n\t\t\tdata-src=\"https:\/\/www.slatina.hr\/portal\/wp-content\/gallery\/19-2-2024-grad-orezivanje-drveca\/20240219_105222_1024x576.jpg?t=1708346207\"\n\t\t\tdata-thumbnail=\"https:\/\/www.slatina.hr\/portal\/wp-content\/gallery\/19-2-2024-grad-orezivanje-drveca\/thumbs\/thumbs_20240219_105222_1024x576.jpg?t=1708346207\"\n\t\t\tdata-image-id=\"10489\"\n\t\t\tdata-image-name=\"20240219_105222_1024x576.jpg\"\n\t\t\tdata-title=\"20240219_105222_1024x576\"\n\t\t\tdata-description=\"\"\n\t\t\tdata-image-slug=\"20240219_105222_1024x576\"\n\t\t\t\t\t\t\t\t\t\t\t\t\t\t\t\t\t\t\t\tclass=\"ngg-fancybox\" rel=\"8003a0d1af33147d567787ae237fb09e\">\n\t\t\t\t\t\t\t\t<img\n\t\t\t\t\ttitle=\"20240219_105222_1024x576\"\n\t\t\t\t\talt=\"20240219_105222_1024x576\"\n\t\t\t\t\tsrc=\"https:\/\/www.slatina.hr\/portal\/wp-content\/gallery\/19-2-2024-grad-orezivanje-drveca\/thumbs\/thumbs_20240219_105222_1024x576.jpg?t=1708346207\"\n\t\t\t\t\twidth=\"240\"\n\t\t\t\t\theight=\"160\"\n\t\t\t\t\tstyle=\"max-width:100%;\"\n\t\t\t\t\/>\n\t\t\t<\/a>\n\t\t<\/div>\n\t\t\t\t\t\t\t<\/div>\n\t\t\t\n\t\t\t\t<div id=\"ngg-image-6\" class=\"ngg-gallery-thumbnail-box\n\t\t\t\t\t\t\t\t\t\t\t\"\n\t\t\t>\n\t\t\t\t\t\t<div class=\"ngg-gallery-thumbnail\">\n\t\t<a href=\"https:\/\/www.slatina.hr\/portal\/wp-content\/gallery\/19-2-2024-grad-orezivanje-drveca\/20240219_105128_1024x576.jpg?t=1708346209\"\n\t\t\ttitle=\"\"\n\t\t\tdata-src=\"https:\/\/www.slatina.hr\/portal\/wp-content\/gallery\/19-2-2024-grad-orezivanje-drveca\/20240219_105128_1024x576.jpg?t=1708346209\"\n\t\t\tdata-thumbnail=\"https:\/\/www.slatina.hr\/portal\/wp-content\/gallery\/19-2-2024-grad-orezivanje-drveca\/thumbs\/thumbs_20240219_105128_1024x576.jpg?t=1708346209\"\n\t\t\tdata-image-id=\"10490\"\n\t\t\tdata-image-name=\"20240219_105128_1024x576.jpg\"\n\t\t\tdata-title=\"20240219_105128_1024x576\"\n\t\t\tdata-description=\"\"\n\t\t\tdata-image-slug=\"20240219_105128_1024x576\"\n\t\t\t\t\t\t\t\t\t\t\t\t\t\t\t\t\t\t\t\tclass=\"ngg-fancybox\" rel=\"8003a0d1af33147d567787ae237fb09e\">\n\t\t\t\t\t\t\t\t<img\n\t\t\t\t\ttitle=\"20240219_105128_1024x576\"\n\t\t\t\t\talt=\"20240219_105128_1024x576\"\n\t\t\t\t\tsrc=\"https:\/\/www.slatina.hr\/portal\/wp-content\/gallery\/19-2-2024-grad-orezivanje-drveca\/thumbs\/thumbs_20240219_105128_1024x576.jpg?t=1708346209\"\n\t\t\t\t\twidth=\"240\"\n\t\t\t\t\theight=\"160\"\n\t\t\t\t\tstyle=\"max-width:100%;\"\n\t\t\t\t\/>\n\t\t\t<\/a>\n\t\t<\/div>\n\t\t\t\t\t\t\t<\/div>\n\t\t\t\n\t\t\t\t<div id=\"ngg-image-7\" class=\"ngg-gallery-thumbnail-box\n\t\t\t\t\t\t\t\t\t\t\t\"\n\t\t\t>\n\t\t\t\t\t\t<div class=\"ngg-gallery-thumbnail\">\n\t\t<a href=\"https:\/\/www.slatina.hr\/portal\/wp-content\/gallery\/19-2-2024-grad-orezivanje-drveca\/20240219_105807_1024x576.jpg?t=1708346209\"\n\t\t\ttitle=\"\"\n\t\t\tdata-src=\"https:\/\/www.slatina.hr\/portal\/wp-content\/gallery\/19-2-2024-grad-orezivanje-drveca\/20240219_105807_1024x576.jpg?t=1708346209\"\n\t\t\tdata-thumbnail=\"https:\/\/www.slatina.hr\/portal\/wp-content\/gallery\/19-2-2024-grad-orezivanje-drveca\/thumbs\/thumbs_20240219_105807_1024x576.jpg?t=1708346209\"\n\t\t\tdata-image-id=\"10491\"\n\t\t\tdata-image-name=\"20240219_105807_1024x576.jpg\"\n\t\t\tdata-title=\"20240219_105807_1024x576\"\n\t\t\tdata-description=\"\"\n\t\t\tdata-image-slug=\"20240219_105807_1024x576\"\n\t\t\t\t\t\t\t\t\t\t\t\t\t\t\t\t\t\t\t\tclass=\"ngg-fancybox\" rel=\"8003a0d1af33147d567787ae237fb09e\">\n\t\t\t\t\t\t\t\t<img\n\t\t\t\t\ttitle=\"20240219_105807_1024x576\"\n\t\t\t\t\talt=\"20240219_105807_1024x576\"\n\t\t\t\t\tsrc=\"https:\/\/www.slatina.hr\/portal\/wp-content\/gallery\/19-2-2024-grad-orezivanje-drveca\/thumbs\/thumbs_20240219_105807_1024x576.jpg?t=1708346209\"\n\t\t\t\t\twidth=\"240\"\n\t\t\t\t\theight=\"160\"\n\t\t\t\t\tstyle=\"max-width:100%;\"\n\t\t\t\t\/>\n\t\t\t<\/a>\n\t\t<\/div>\n\t\t\t\t\t\t\t<\/div>\n\t\t\t\n\t\t\t\t<div id=\"ngg-image-8\" class=\"ngg-gallery-thumbnail-box\n\t\t\t\t\t\t\t\t\t\t\t\"\n\t\t\t>\n\t\t\t\t\t\t<div class=\"ngg-gallery-thumbnail\">\n\t\t<a href=\"https:\/\/www.slatina.hr\/portal\/wp-content\/gallery\/19-2-2024-grad-orezivanje-drveca\/20240219_105642_1024x576.jpg?t=1708346209\"\n\t\t\ttitle=\"\"\n\t\t\tdata-src=\"https:\/\/www.slatina.hr\/portal\/wp-content\/gallery\/19-2-2024-grad-orezivanje-drveca\/20240219_105642_1024x576.jpg?t=1708346209\"\n\t\t\tdata-thumbnail=\"https:\/\/www.slatina.hr\/portal\/wp-content\/gallery\/19-2-2024-grad-orezivanje-drveca\/thumbs\/thumbs_20240219_105642_1024x576.jpg?t=1708346209\"\n\t\t\tdata-image-id=\"10492\"\n\t\t\tdata-image-name=\"20240219_105642_1024x576.jpg\"\n\t\t\tdata-title=\"20240219_105642_1024x576\"\n\t\t\tdata-description=\"\"\n\t\t\tdata-image-slug=\"20240219_105642_1024x576\"\n\t\t\t\t\t\t\t\t\t\t\t\t\t\t\t\t\t\t\t\tclass=\"ngg-fancybox\" rel=\"8003a0d1af33147d567787ae237fb09e\">\n\t\t\t\t\t\t\t\t<img\n\t\t\t\t\ttitle=\"20240219_105642_1024x576\"\n\t\t\t\t\talt=\"20240219_105642_1024x576\"\n\t\t\t\t\tsrc=\"https:\/\/www.slatina.hr\/portal\/wp-content\/gallery\/19-2-2024-grad-orezivanje-drveca\/thumbs\/thumbs_20240219_105642_1024x576.jpg?t=1708346209\"\n\t\t\t\t\twidth=\"240\"\n\t\t\t\t\theight=\"160\"\n\t\t\t\t\tstyle=\"max-width:100%;\"\n\t\t\t\t\/>\n\t\t\t<\/a>\n\t\t<\/div>\n\t\t\t\t\t\t\t<\/div>\n\t\t\t\n\t\t\t\t<div id=\"ngg-image-9\" class=\"ngg-gallery-thumbnail-box\n\t\t\t\t\t\t\t\t\t\t\t\"\n\t\t\t>\n\t\t\t\t\t\t<div class=\"ngg-gallery-thumbnail\">\n\t\t<a href=\"https:\/\/www.slatina.hr\/portal\/wp-content\/gallery\/19-2-2024-grad-orezivanje-drveca\/20240219_105214_1024x576.jpg?t=1708346210\"\n\t\t\ttitle=\"\"\n\t\t\tdata-src=\"https:\/\/www.slatina.hr\/portal\/wp-content\/gallery\/19-2-2024-grad-orezivanje-drveca\/20240219_105214_1024x576.jpg?t=1708346210\"\n\t\t\tdata-thumbnail=\"https:\/\/www.slatina.hr\/portal\/wp-content\/gallery\/19-2-2024-grad-orezivanje-drveca\/thumbs\/thumbs_20240219_105214_1024x576.jpg?t=1708346210\"\n\t\t\tdata-image-id=\"10493\"\n\t\t\tdata-image-name=\"20240219_105214_1024x576.jpg\"\n\t\t\tdata-title=\"20240219_105214_1024x576\"\n\t\t\tdata-description=\"\"\n\t\t\tdata-image-slug=\"20240219_105214_1024x576\"\n\t\t\t\t\t\t\t\t\t\t\t\t\t\t\t\t\t\t\t\tclass=\"ngg-fancybox\" rel=\"8003a0d1af33147d567787ae237fb09e\">\n\t\t\t\t\t\t\t\t<img\n\t\t\t\t\ttitle=\"20240219_105214_1024x576\"\n\t\t\t\t\talt=\"20240219_105214_1024x576\"\n\t\t\t\t\tsrc=\"https:\/\/www.slatina.hr\/portal\/wp-content\/gallery\/19-2-2024-grad-orezivanje-drveca\/thumbs\/thumbs_20240219_105214_1024x576.jpg?t=1708346210\"\n\t\t\t\t\twidth=\"240\"\n\t\t\t\t\theight=\"160\"\n\t\t\t\t\tstyle=\"max-width:100%;\"\n\t\t\t\t\/>\n\t\t\t<\/a>\n\t\t<\/div>\n\t\t\t\t\t\t\t<\/div>\n\t\t\t\n\t\n\t<br style=\"clear: both\" \/>\n\n\t\n\t\t<!-- Pagination -->\n\t\t<div class='ngg-clear'><\/div>\t<\/div>\n<\/p>\n<p>&nbsp;<\/p>\n","protected":false},"excerpt":{"rendered":"<p>Izaslanstvo Grada Slatine predvo\u0111eno gradona\u010delnikom Ivanom Ro\u0161ta\u0161em posjetilo je prijateljski ma\u0111arski grad Sigetvar na poziv gradona\u010delnika Janosa Kolovicsa. Tijekom posjeta uprili\u010den je sastanak dvaju gradona\u010delnika<span class=\"excerpt-hellip\"> [\u2026]<\/span><\/p>\n","protected":false},"author":1,"featured_media":15428,"comment_status":"closed","ping_status":"closed","sticky":false,"template":"","format":"standard","meta":{"ngg_post_thumbnail":0,"footnotes":""},"categories":[136],"tags":[],"class_list":["post-15412","post","type-post","status-publish","format-standard","has-post-thumbnail","hentry","category-grad-slatina"],"_links":{"self":[{"href":"https:\/\/www.slatina.hr\/portal\/wp-json\/wp\/v2\/posts\/15412","targetHints":{"allow":["GET"]}}],"collection":[{"href":"https:\/\/www.slatina.hr\/portal\/wp-json\/wp\/v2\/posts"}],"about":[{"href":"https:\/\/www.slatina.hr\/portal\/wp-json\/wp\/v2\/types\/post"}],"author":[{"embeddable":true,"href":"https:\/\/www.slatina.hr\/portal\/wp-json\/wp\/v2\/users\/1"}],"replies":[{"embeddable":true,"href":"https:\/\/www.slatina.hr\/portal\/wp-json\/wp\/v2\/comments?post=15412"}],"version-history":[{"count":0,"href":"https:\/\/www.slatina.hr\/portal\/wp-json\/wp\/v2\/posts\/15412\/revisions"}],"wp:featuredmedia":[{"embeddable":true,"href":"https:\/\/www.slatina.hr\/portal\/wp-json\/wp\/v2\/media\/15428"}],"wp:attachment":[{"href":"https:\/\/www.slatina.hr\/portal\/wp-json\/wp\/v2\/media?parent=15412"}],"wp:term":[{"taxonomy":"category","embeddable":true,"href":"https:\/\/www.slatina.hr\/portal\/wp-json\/wp\/v2\/categories?post=15412"},{"taxonomy":"post_tag","embeddable":true,"href":"https:\/\/www.slatina.hr\/portal\/wp-json\/wp\/v2\/tags?post=15412"}],"curies":[{"name":"wp","href":"https:\/\/api.w.org\/{rel}","templated":true}]}}