{"id":13520,"date":"2014-08-29T22:00:10","date_gmt":"2014-08-29T21:00:10","guid":{"rendered":"http:\/\/www.slatina.hr\/?p=13520"},"modified":"2014-08-29T22:00:10","modified_gmt":"2014-08-29T21:00:10","slug":"cestitka-gradonacelnika-ivana-rostasa-i-predsjednika-gradskog-vijeca-grada-slatine-robertina-repica-2","status":"publish","type":"post","link":"https:\/\/www.slatina.hr\/portal\/cestitka-gradonacelnika-ivana-rostasa-i-predsjednika-gradskog-vijeca-grada-slatine-robertina-repica-2\/","title":{"rendered":"\u010cestitka gradona\u010delnika Ivana Ro\u0161ta\u0161a i predsjednika Gradskog vije\u0107a Grada Slatine Robertina Repi\u0107a"},"content":{"rendered":"<p>Gradona\u010delnik Ivan Ro\u0161ta\u0161 i predsjednik Gradskog vije\u0107a Grada Slatine Robertino Repi\u0107 uputili su \u010destitku gra\u0111anima u povodu proslave Dana grada Slatine u kojoj stoji:<\/p>\n<p>Po\u0161tovani sugra\u0111ani i \u017eitelji prigradskih naselja!<\/p>\n<p>Dan Grada i 717.obljetnicu prvog pisanog spomena imena Slatine obilje\u017eavamo uz bogati program kulturnih, glazbenih i sportskih manifestacija, dodjelu javnih priznanja, te ostvarene uvjete za dolazak investitora i realizaciju pripremljenih kapitalnih gospodarskih projekata koji postupno postaju vidljivi na na\u0161im poduzetni\u010dkim zonama. Puni smo optimizma i uvjereni da \u0107emo biti jo\u0161 bolji i uspje\u0161niji.<\/p>\n<p>Hvala Vam na potpori i doprinosu u dosada\u0161njem radu, a u prigodi obilje\u017eavanja Dana Grada 1. rujna upu\u0107ujemo svima iskrene \u010destitke.<\/p>\n<p>GRADONA\u010cELNIK<br \/>\nIvan Ro\u0161ta\u0161, prof.<\/p>\n<p>PREDSJEDNIK GRADSKOG VIJE\u0106A GRADA SLATINE<br \/>\nRobertino Repi\u0107, dipl.in\u017e.<\/p>\n","protected":false},"excerpt":{"rendered":"<p>Gradona\u010delnik Ivan Ro\u0161ta\u0161 i predsjednik Gradskog vije\u0107a Grada Slatine Robertino Repi\u0107 uputili su \u010destitku gra\u0111anima u povodu proslave Dana grada Slatine u kojoj stoji: Po\u0161tovani<span class=\"excerpt-hellip\"> [\u2026]<\/span><\/p>\n","protected":false},"author":1,"featured_media":13527,"comment_status":"closed","ping_status":"closed","sticky":false,"template":"","format":"standard","meta":{"ngg_post_thumbnail":0,"footnotes":""},"categories":[136],"tags":[],"class_list":["post-13520","post","type-post","status-publish","format-standard","has-post-thumbnail","hentry","category-grad-slatina"],"_links":{"self":[{"href":"https:\/\/www.slatina.hr\/portal\/wp-json\/wp\/v2\/posts\/13520","targetHints":{"allow":["GET"]}}],"collection":[{"href":"https:\/\/www.slatina.hr\/portal\/wp-json\/wp\/v2\/posts"}],"about":[{"href":"https:\/\/www.slatina.hr\/portal\/wp-json\/wp\/v2\/types\/post"}],"author":[{"embeddable":true,"href":"https:\/\/www.slatina.hr\/portal\/wp-json\/wp\/v2\/users\/1"}],"replies":[{"embeddable":true,"href":"https:\/\/www.slatina.hr\/portal\/wp-json\/wp\/v2\/comments?post=13520"}],"version-history":[{"count":0,"href":"https:\/\/www.slatina.hr\/portal\/wp-json\/wp\/v2\/posts\/13520\/revisions"}],"wp:featuredmedia":[{"embeddable":true,"href":"https:\/\/www.slatina.hr\/portal\/wp-json\/wp\/v2\/media\/13527"}],"wp:attachment":[{"href":"https:\/\/www.slatina.hr\/portal\/wp-json\/wp\/v2\/media?parent=13520"}],"wp:term":[{"taxonomy":"category","embeddable":true,"href":"https:\/\/www.slatina.hr\/portal\/wp-json\/wp\/v2\/categories?post=13520"},{"taxonomy":"post_tag","embeddable":true,"href":"https:\/\/www.slatina.hr\/portal\/wp-json\/wp\/v2\/tags?post=13520"}],"curies":[{"name":"wp","href":"https:\/\/api.w.org\/{rel}","templated":true}]}}