{"id":127588,"date":"2026-09-02T20:55:17","date_gmt":"2026-09-02T18:55:17","guid":{"rendered":"https:\/\/www.slatina.hr\/portal\/?p=127588"},"modified":"2026-09-02T20:55:17","modified_gmt":"2026-09-02T18:55:17","slug":"novi-sjaj-za-nk-mladost-bakic-potpisan-ugovor-za-rekonstrukciju-objekta-i-uredenje-terena-vrijedan-vise-od-600-tisuca-eura","status":"publish","type":"post","link":"https:\/\/www.slatina.hr\/portal\/novi-sjaj-za-nk-mladost-bakic-potpisan-ugovor-za-rekonstrukciju-objekta-i-uredenje-terena-vrijedan-vise-od-600-tisuca-eura\/","title":{"rendered":"Novi sjaj za NK Mladost Baki\u0107: Potpisan ugovor za rekonstrukciju objekta i ure\u0111enje terena vrijedan vi\u0161e od 600 tisu\u0107a eura"},"content":{"rendered":"<p>U Gradskoj upravi Grada Slatine u utorak, 1. rujna 2026. godine, sve\u010dano je potpisan ugovor o javnoj nabavi radova na rekonstrukciji i opremanju zgrade uz nogometno igrali\u0161te NK \u201eMladost\u201c Baki\u0107, \u010dime zapo\u010dinje zna\u010dajna investicija u lokalnu sportsku infrastrukturu. Uz radove na samom objektu, projekt obuhva\u0107a i ugradnju sustava za navodnjavanje, postavljanje nove rasvjete te ograde oko nogometnog terena.<\/p>\n<p>\u200bUgovor su slu\u017ebeno potpisali gradona\u010delnik Grada Slatine Tomo Tomi\u0107 i Mario Lackovi\u0107, direktor tvrtke VODOGRADNJA d.o.o. iz Vara\u017edina, kojoj su povjereni izvo\u0111a\u010dki radovi.<\/p>\n<p>\u200b\u200bUkupna vrijednost projekta iznosi 620.000,00 eura, pri \u010demu Ministarstvo turizma i sporta sufinancira investiciju s 270.000,00 eura, dok preostali dio osigurava Grad Slatina, a sam ugovor o radovima vrijedi 603.729,79 eura s PDV-om.<\/p>\n<p>\u200bPredvi\u0111eni rok za zavr\u0161etak svih radova je pet mjeseci od uvo\u0111enja izvo\u0111a\u010da u posao, a stru\u010dni nadzor nad projektom povjeren je slatinskoj tvrtki \u0160APONJA j.d.o.o.<\/p>\n<p>\u2013 Ovom investicijom nogometni klub u Baki\u0107u dobit \u0107e moderne i kvalitetne uvjete za rad i natjecanja, \u010dime Grad Slatina nastavlja ulaganje u sport te unapre\u0111enje dru\u0161tvenog \u017eivota na podru\u010dju grada, \u2013 istaknuo je gradona\u010delnik Tomi\u0107.<\/p>\n<p>(mf; Izvor: Grad Slatina)<\/p>\n<p><a href=\"https:\/\/www.radioslatina.hr\/novi-sjaj-za-nk-mladost-bakic-potpisan-ugovor-za-rekonstrukciju-objekta-i-uredenje-terena-vrijedan-vise-od-600-tisuca-eura\/logo1-2\/\" rel=\"attachment wp-att-457689 noopener\" target=\"_blank\"><img loading=\"lazy\" decoding=\"async\" class=\"alignnone size-full wp-image-457689\" src=\"https:\/\/www.radioslatina.hr\/wp-content\/uploads\/2026\/09\/logo1.png\" alt=\"\" width=\"410\" height=\"107\" title=\"\"><\/a>\u00a0<a href=\"https:\/\/www.radioslatina.hr\/novi-sjaj-za-nk-mladost-bakic-potpisan-ugovor-za-rekonstrukciju-objekta-i-uredenje-terena-vrijedan-vise-od-600-tisuca-eura\/logo2\/\" rel=\"attachment wp-att-457690 noopener\" target=\"_blank\"><img loading=\"lazy\" decoding=\"async\" class=\"alignnone size-full wp-image-457690\" src=\"https:\/\/www.radioslatina.hr\/wp-content\/uploads\/2026\/09\/logo2.png\" alt=\"\" width=\"277\" height=\"147\" title=\"\"><\/a><\/p>\n\n\t\t\t<style type='text\/css'>\n\t\t\t\t#sc_gallery-1 {\n\t\t\t\t\tmargin: auto;\n\t\t\t\t}\n\t\t\t\t#sc_gallery-1 .gallery-item {\n\t\t\t\t\tfloat: left;\n\t\t\t\t\ttext-align: center;\n\t\t\t\t\twidth: 24.99%;\n\t\t\t\t}\n\t\t\t\t#sc_gallery-1 img {\n\t\t\t\t\tborder: 2px solid #cfcfcf;\n\t\t\t\t}\n\t\t\t\t\/* see sc_gallery() in functions\/theme-shortcodes.php *\/\n\t\t\t<\/style>\n\t\t<div id='sc_gallery-1' class='gallery galleryid-127588 gallery-columns-4 gallery-size-thumbnail file element_classes gallery-default'><dl class='gallery-item'  data-title='WhatsApp Image 2026-09-02 at 14.02.05 (2)_800x558' data-description=''><div class='gallery-item-wrapper'>\n\t\t\t\t<dt class='gallery-icon landscape'>\n\t\t\t\t\t<a href=\"https:\/\/www.slatina.hr\/portal\/wp-content\/uploads\/2026\/09\/WhatsApp-Image-2026-09-02-at-14.02.05-2_800x558.jpeg\"><img loading=\"lazy\" decoding=\"async\" width=\"190\" height=\"130\" src=\"https:\/\/www.slatina.hr\/portal\/wp-content\/uploads\/2026\/09\/WhatsApp-Image-2026-09-02-at-14.02.05-2_800x558-190x130.jpeg\" class=\"attachment-thumbnail size-thumbnail\" alt=\"\" title=\"\"><\/a>\n\t\t\t\t<\/dt><\/div><\/dl><dl class='gallery-item'  data-title='WhatsApp Image 2026-09-02 at 14.02.05_800x600' data-description=''><div class='gallery-item-wrapper'>\n\t\t\t\t<dt class='gallery-icon landscape'>\n\t\t\t\t\t<a href=\"https:\/\/www.slatina.hr\/portal\/wp-content\/uploads\/2026\/09\/WhatsApp-Image-2026-09-02-at-14.02.05_800x600.jpeg\"><img loading=\"lazy\" decoding=\"async\" width=\"190\" height=\"130\" src=\"https:\/\/www.slatina.hr\/portal\/wp-content\/uploads\/2026\/09\/WhatsApp-Image-2026-09-02-at-14.02.05_800x600-190x130.jpeg\" class=\"attachment-thumbnail size-thumbnail\" alt=\"\" title=\"\"><\/a>\n\t\t\t\t<\/dt><\/div><\/dl><dl class='gallery-item'  data-title='WhatsApp Image 2026-09-02 at 14.02.06 (3)_800x600' data-description=''><div class='gallery-item-wrapper'>\n\t\t\t\t<dt class='gallery-icon landscape'>\n\t\t\t\t\t<a href=\"https:\/\/www.slatina.hr\/portal\/wp-content\/uploads\/2026\/09\/WhatsApp-Image-2026-09-02-at-14.02.06-3_800x600.jpeg\"><img loading=\"lazy\" decoding=\"async\" width=\"190\" height=\"130\" src=\"https:\/\/www.slatina.hr\/portal\/wp-content\/uploads\/2026\/09\/WhatsApp-Image-2026-09-02-at-14.02.06-3_800x600-190x130.jpeg\" class=\"attachment-thumbnail size-thumbnail\" alt=\"\" title=\"\"><\/a>\n\t\t\t\t<\/dt><\/div><\/dl><dl class='gallery-item'  data-title='WhatsApp Image 2026-09-02 at 14.02.06 (4)_800x408' data-description=''><div class='gallery-item-wrapper'>\n\t\t\t\t<dt class='gallery-icon landscape'>\n\t\t\t\t\t<a href=\"https:\/\/www.slatina.hr\/portal\/wp-content\/uploads\/2026\/09\/WhatsApp-Image-2026-09-02-at-14.02.06-4_800x408.jpeg\"><img loading=\"lazy\" decoding=\"async\" width=\"190\" height=\"130\" src=\"https:\/\/www.slatina.hr\/portal\/wp-content\/uploads\/2026\/09\/WhatsApp-Image-2026-09-02-at-14.02.06-4_800x408-190x130.jpeg\" class=\"attachment-thumbnail size-thumbnail\" alt=\"\" title=\"\"><\/a>\n\t\t\t\t<\/dt><\/div><\/dl><br style=\"clear: both\" \/>\n\t\t\t<\/div>\n\n","protected":false},"excerpt":{"rendered":"<p>U Gradskoj upravi Grada Slatine u utorak, 1. rujna 2026. godine, sve\u010dano je potpisan ugovor o javnoj nabavi radova na rekonstrukciji i opremanju zgrade uz<span class=\"excerpt-hellip\"> [\u2026]<\/span><\/p>\n","protected":false},"author":5,"featured_media":127593,"comment_status":"closed","ping_status":"closed","sticky":false,"template":"","format":"standard","meta":{"ngg_post_thumbnail":0,"footnotes":""},"categories":[136,137],"tags":[],"class_list":["post-127588","post","type-post","status-publish","format-standard","has-post-thumbnail","hentry","category-grad-slatina","category-naslovna"],"_links":{"self":[{"href":"https:\/\/www.slatina.hr\/portal\/wp-json\/wp\/v2\/posts\/127588","targetHints":{"allow":["GET"]}}],"collection":[{"href":"https:\/\/www.slatina.hr\/portal\/wp-json\/wp\/v2\/posts"}],"about":[{"href":"https:\/\/www.slatina.hr\/portal\/wp-json\/wp\/v2\/types\/post"}],"author":[{"embeddable":true,"href":"https:\/\/www.slatina.hr\/portal\/wp-json\/wp\/v2\/users\/5"}],"replies":[{"embeddable":true,"href":"https:\/\/www.slatina.hr\/portal\/wp-json\/wp\/v2\/comments?post=127588"}],"version-history":[{"count":1,"href":"https:\/\/www.slatina.hr\/portal\/wp-json\/wp\/v2\/posts\/127588\/revisions"}],"predecessor-version":[{"id":127594,"href":"https:\/\/www.slatina.hr\/portal\/wp-json\/wp\/v2\/posts\/127588\/revisions\/127594"}],"wp:featuredmedia":[{"embeddable":true,"href":"https:\/\/www.slatina.hr\/portal\/wp-json\/wp\/v2\/media\/127593"}],"wp:attachment":[{"href":"https:\/\/www.slatina.hr\/portal\/wp-json\/wp\/v2\/media?parent=127588"}],"wp:term":[{"taxonomy":"category","embeddable":true,"href":"https:\/\/www.slatina.hr\/portal\/wp-json\/wp\/v2\/categories?post=127588"},{"taxonomy":"post_tag","embeddable":true,"href":"https:\/\/www.slatina.hr\/portal\/wp-json\/wp\/v2\/tags?post=127588"}],"curies":[{"name":"wp","href":"https:\/\/api.w.org\/{rel}","templated":true}]}}