{"id":127583,"date":"2026-09-02T12:34:50","date_gmt":"2026-09-02T10:34:50","guid":{"rendered":"https:\/\/www.slatina.hr\/portal\/?p=127583"},"modified":"2026-09-02T12:34:50","modified_gmt":"2026-09-02T10:34:50","slug":"na-svecanoj-sjednici-slatinskog-gradskog-vijeca-laureatima-urucena-javna-priznanja-grada-slatine-3","status":"publish","type":"post","link":"https:\/\/www.slatina.hr\/portal\/na-svecanoj-sjednici-slatinskog-gradskog-vijeca-laureatima-urucena-javna-priznanja-grada-slatine-3\/","title":{"rendered":"Na sve\u010danoj sjednici slatinskog Gradskog vije\u0107a laureatima uru\u010dena javna priznanja Grada Slatine"},"content":{"rendered":"<p>Na sve\u010danoj sjednici slatinskog Gradskog vije\u0107a u prigodi obilje\u017eavanja Dana grada Slatine i 729. obljetnice prvoga pisanog spomena imena Slatine odr\u017eana je sve\u010danost na kojoj su zaslu\u017enima uru\u010dena javna priznanja Grada Slatine, a ove ih je godine dodijeljeno ukupno 14, osam zahvalnica, dvije srebrne i \u010detiri zlatne plakete.<\/p>\n<p>Ovogodi\u0161nji laureati su:<\/p>\n<p>Odlukom Gradskog vije\u0107a Zahvalnicom Grada Slatine nagra\u0111eni su:<\/p>\n<p><strong><a href=\"https:\/\/www.radioslatina.hr\/na-svecanoj-sjednici-slatinskog-gradskog-vijeca-laureatima-urucena-javna-priznanja-grada-slatine-3\/p1222065-copy-2\/\" rel=\"attachment wp-att-457656 noopener\" target=\"_blank\"><img loading=\"lazy\" decoding=\"async\" class=\"wp-image-457656 alignleft\" src=\"https:\/\/www.radioslatina.hr\/wp-content\/uploads\/2026\/09\/P1222065-Copy-1.jpg\" alt=\"\" width=\"300\" height=\"169\" title=\"\"><\/a>Ivan Dorinko<\/strong>, za vi\u0161egodi\u0161nji samoprijegoran rad u Udruzi umirovljenika Slatina.<\/p>\n<p>Gospodin Dorinko svojim je dugogodi\u0161njim i predanim djelovanjem dao zna\u010dajan doprinos radu i razvoju Udruge umirovljenika Slatina. Kao dugogodi\u0161nji \u010dlan Izvr\u0161nog odbora aktivno sudjeluje u organizaciji brojnih aktivnosti udruge, uklju\u010duju\u0107i sportske susrete, dru\u017eenja, zabave, razna putovanja i edukacije. Posebno se isti\u010de svojim nesebi\u010dnim anga\u017emanom u ure\u0111enju i odr\u017eavanju prostora udruge i njegova okoli\u0161a. Svojim aktivnim sudjelovanjem, odgovorno\u0161\u0107u i zalaganjem pridonosi kvalitetnijem dru\u0161tvenom \u017eivotu umirovljenika i zajedni\u0161tvu \u010dlanova udruge.<\/p>\n<p><strong><a href=\"https:\/\/www.radioslatina.hr\/na-svecanoj-sjednici-slatinskog-gradskog-vijeca-laureatima-urucena-javna-priznanja-grada-slatine-3\/p1222068-copy\/\" rel=\"attachment wp-att-457657 noopener\" target=\"_blank\"><img loading=\"lazy\" decoding=\"async\" class=\"wp-image-457657 alignright\" src=\"https:\/\/www.radioslatina.hr\/wp-content\/uploads\/2026\/09\/P1222068-Copy.jpg\" alt=\"\" width=\"300\" height=\"169\" title=\"\"><\/a>Antun Lic,\u00a0<\/strong>za vi\u0161egodi\u0161nji samoprijegoran rad u Udruzi umirovljenika Slatina,<\/p>\n<p>Gospodin Antun Lic svojim je dugogodi\u0161njim i predanim radom dao vrijedan doprinos djelovanju Udruge umirovljenika Slatina.<br \/>\nVi\u0161e od deset godina aktivno sudjeluje u radu Udruge, obna\u0161aju\u0107i razli\u010dite odgovorne du\u017enosti, a danas i du\u017enost potpredsjednika.<br \/>\nSvojim anga\u017emanom, nesebi\u010dnim radom i sudjelovanjem u brojnim aktivnostima doprinosi zajedni\u0161tvu i kvaliteti \u017eivota umirovljenika na\u0161ega grada.<\/p>\n<p><strong><a href=\"https:\/\/www.radioslatina.hr\/na-svecanoj-sjednici-slatinskog-gradskog-vijeca-laureatima-urucena-javna-priznanja-grada-slatine-3\/img_7437_1024x683_800x534\/\" rel=\"attachment wp-att-457658 noopener\" target=\"_blank\"><img loading=\"lazy\" decoding=\"async\" class=\"wp-image-457658 alignleft\" src=\"https:\/\/www.radioslatina.hr\/wp-content\/uploads\/2026\/09\/IMG_7437_1024x683_800x534.jpg\" alt=\"\" width=\"300\" height=\"200\" title=\"\"><\/a>Diana Zelenka,\u00a0<\/strong>za vi\u0161egodi\u0161nji rad na ostvarivanju prava i bolji polo\u017eaj osoba s invaliditetom u lokalnoj zajednici,<\/p>\n<p>Zna\u010dajan doprinos gospo\u0111e Diane Zelenka o\u010dituje se kroz dugogodi\u0161nji predani rad i vodstvo Udruge osoba s invaliditetom Slatina, kao i kontinuirano zalaganje za prava, ravnopravnost i dostojanstven \u017eivot osoba s invaliditetom.<br \/>\nSvojim radom i odgovornim vo\u0111enjem Udruge pridonijela je provedbi brojnih projekata i programa kojima se \u010dlanovima i njihovim obiteljima pru\u017eaju konkretna pomo\u0107 i podr\u0161ka. Posebno se isti\u010de u osiguravanju usluga osobne asistencije i pomo\u0107i u nastavi, \u010dime se zna\u010dajno unapre\u0111uje kvaliteta \u017eivota korisnika i njihova uklju\u010denost u zajednicu. Aktivnom suradnjom s institucijama, ustanovama i drugim udrugama pridonosi razvoju kvalitetnijeg sustava podr\u0161ke osobama s invaliditetom te svojim djelovanjem promi\u010de solidarnost, humanost i dru\u0161tvenu odgovornost.<\/p>\n<p><strong><a href=\"https:\/\/www.radioslatina.hr\/na-svecanoj-sjednici-slatinskog-gradskog-vijeca-laureatima-urucena-javna-priznanja-grada-slatine-3\/p1222073-copy\/\" rel=\"attachment wp-att-457659 noopener\" target=\"_blank\"><img loading=\"lazy\" decoding=\"async\" class=\"wp-image-457659 alignright\" src=\"https:\/\/www.radioslatina.hr\/wp-content\/uploads\/2026\/09\/P1222073-Copy.jpg\" alt=\"\" width=\"300\" height=\"169\" title=\"\"><\/a>Nogometni klub \u201eMladost\u201c Baki\u0107<\/strong>, za doprinos u razvoju \u0161porta na podru\u010dju grada Slatine,<\/p>\n<p>Nogometni klub \u201eMladost\u201c Baki\u0107 svojim dugogodi\u0161njim i predanim djelovanjem daje vrijedan doprinos razvoju sporta i sportskog \u017eivota na podru\u010dju grada Slatine.<br \/>\nKlub je osnovan 1946. godine, a kroz desetlje\u0107a bio je mjesto okupljanja brojnih generacija djece i mladih te ih usmjeravao prema sportu, zajedni\u0161tvu i zdravim \u017eivotnim vrijednostima.<br \/>\nDanas klub okuplja vi\u0161e od 90 djece i mladih u razli\u010ditim uzrasnim kategorijama, \u010dime potvr\u0111uje svoju va\u017enu ulogu u razvoju mladih sporta\u0161a i budu\u0107nosti nogometa na na\u0161em podru\u010dju.<br \/>\nU ime NK \u201eMladost\u201c Baki\u0107 zahvalnicu je primio predsjednik Slaven Zagorac.<\/p>\n<p><strong><a href=\"https:\/\/www.radioslatina.hr\/na-svecanoj-sjednici-slatinskog-gradskog-vijeca-laureatima-urucena-javna-priznanja-grada-slatine-3\/p1222081-copy\/\" rel=\"attachment wp-att-457660 noopener\" target=\"_blank\"><img loading=\"lazy\" decoding=\"async\" class=\"wp-image-457660 alignleft\" src=\"https:\/\/www.radioslatina.hr\/wp-content\/uploads\/2026\/09\/P1222081-Copy.jpg\" alt=\"\" width=\"300\" height=\"169\" title=\"\"><\/a>Udruga veterana vojne policije iz Domovinskog rata Viroviti\u010dko-podravske \u017eupanije<\/strong>, za promociju vrijednosti Domovinskog rata i doprinos Vojne policije obrani Republike Hrvatske,<\/p>\n<p>Udruga veterana Vojne policije iz Domovinskog rata Viroviti\u010dko-podravske \u017eupanije \u010duva uspomenu na hrabrost i po\u017ertvovnost pripadnika postrojbe koja je tijekom Domovinskog rata djelovala na podru\u010dju Slatine i sudjelovala u obrani na\u0161ega kraja, te pokazala iznimnu hrabrost i sr\u010danost.<br \/>\nSvojim djelovanjem, njegovanjem sje\u0107anja na ratni put i promicanjem vrijednosti Domovinskog rata, Udruga daje vrijedan doprinos o\u010duvanju povijesti i zajedni\u0161tva na\u0161ega grada.<br \/>\nU ime Udruge zahvalnicu je primio predsjednik iste Dra\u017een Zelenka.<\/p>\n<p><strong><a href=\"https:\/\/www.radioslatina.hr\/na-svecanoj-sjednici-slatinskog-gradskog-vijeca-laureatima-urucena-javna-priznanja-grada-slatine-3\/p1222084-copy\/\" rel=\"attachment wp-att-457661 noopener\" target=\"_blank\"><img loading=\"lazy\" decoding=\"async\" class=\"wp-image-457661 alignright\" src=\"https:\/\/www.radioslatina.hr\/wp-content\/uploads\/2026\/09\/P1222084-Copy.jpg\" alt=\"\" width=\"300\" height=\"169\" title=\"\"><\/a>O<\/strong><strong>brt za pogrebne usluge<\/strong>\u00a0<strong>PALMA, vl. Zlatka \u0160omo\u0111ija<\/strong>, za dugogodi\u0161nje uspje\u0161no poslovanje i doprinos razvoju gospodarstva na podru\u010dju grada Slatine.<\/p>\n<p>Gospodin Zlatko \u0160omodi svojim je gotovo tridesetogodi\u0161njim radom dao zna\u010dajan doprinos razvoju obrtni\u0161tva i gospodarskom \u017eivotu Grada Slatine.<br \/>\nOsim kroz svoj obrt koji je na usluzi na\u0161im sugra\u0111anima, ali i \u0161ire, u njihovim najte\u017eim trenutcima, zna\u010dajan doprinos dao je i kao dugogodi\u0161nji predsjednik Udru\u017eenja obrtnika Slatina, koji svojim iskustvom, znanjem i zalaganjem aktivno pridonosi povezivanju obrtnika, za\u0161titi njihovih interesa i promicanju obrtni\u0161tva.<br \/>\nZahvalnica Grada Slatine za rad obrta Palma, jo\u0161 je jedna u nizu nagrada koje je gospodin \u0160omo\u0111i zaslu\u017eio svojim djelovanjem i prepoznatljivim poslovanjem.<\/p>\n<p><strong><a href=\"https:\/\/www.radioslatina.hr\/na-svecanoj-sjednici-slatinskog-gradskog-vijeca-laureatima-urucena-javna-priznanja-grada-slatine-3\/img_3629_1024x683_800x534\/\" rel=\"attachment wp-att-457662 noopener\" target=\"_blank\"><img loading=\"lazy\" decoding=\"async\" class=\"wp-image-457662 alignleft\" src=\"https:\/\/www.radioslatina.hr\/wp-content\/uploads\/2026\/09\/IMG_3629_1024x683_800x534.jpg\" alt=\"\" width=\"300\" height=\"200\" title=\"\"><\/a>Nenad Kri\u017ei\u0107<\/strong>, za izniman doprinos u ostvarivanju braniteljskih prava, obrani Republike Hrvatske i razvoju kulture na podru\u010dju grada Slatine,<\/p>\n<p>Gospodin Nenad Kri\u017ei\u0107 kao hrvatski branitelj, policijski slu\u017ebenik i aktivan \u010dlan braniteljskih udruga, svojim je radom nesebi\u010dno pridonio za\u0161titi prava i dostojanstva braniteljske populacije, osobito kao vi\u0161egodi\u0161nji predsjednik Udruge Hrvatskih vojnih invalida Domovinskog rata, \u0161to na gradskoj, \u0161to na \u017eupanijskoj razini, a ne smije se zaboraviti ni njegov doprinos prilikom obna\u0161anja du\u017enosti pomo\u0107nika ministra Hrvatskih branitelja.<br \/>\nOsim doprinosa \u010duvanju istine o Domovinskom ratu, te povezivanju hrvatskih branitelja i hrvatskog naroda, isti\u010de se i njegov doprinos o\u010duvanju tradicije, kulture i zajedni\u0161tva kroz rad Udruge Napredak Slatina u kojoj je tako\u0111er na \u010delnom mjestu, te svojim predanim, humanim i dru\u0161tveno korisnim djelovanjem ostavlja vrijedan trag u \u017eivotu grada Slatine.<\/p>\n<p><strong><a href=\"https:\/\/www.radioslatina.hr\/na-svecanoj-sjednici-slatinskog-gradskog-vijeca-laureatima-urucena-javna-priznanja-grada-slatine-3\/p1222093-copy\/\" rel=\"attachment wp-att-457663 noopener\" target=\"_blank\"><img loading=\"lazy\" decoding=\"async\" class=\"wp-image-457663 alignright\" src=\"https:\/\/www.radioslatina.hr\/wp-content\/uploads\/2026\/09\/P1222093-Copy.jpg\" alt=\"\" width=\"300\" height=\"169\" title=\"\"><\/a>Mi\u0161o Grundler<\/strong>, za vi\u0161egodi\u0161nji rad u podru\u010dju lingvistike i doprinos promociji kulturnog stvarala\u0161tva,<\/p>\n<p>Gospodin Mi\u0161o Grundler svojim je stru\u010dnim radom, znanjem i brojnim uspjesima dao zna\u010dajan doprinos kulturnom \u017eivotu te promociji Grada Slatine u Hrvatskoj i svijetu. Kao istaknuti knji\u017eevni i audiovizualni prevoditelj, svojim je djelovanjem Slatinu u\u010dinio prepoznatljivom na nacionalnoj i me\u0111unarodnoj kulturnoj sceni.<br \/>\nSvojim predanim radom, profesionalno\u0161\u0107u i ljubavlju prema kulturi i svome gradu predstavlja vrijedan primjer kako znanje, stvarala\u0161tvo i osobni anga\u017eman mogu pridonijeti afirmaciji kulturnih vrijednosti i povezivanju lokalne zajednice sa \u0161irom kulturnom scenom.<\/p>\n<p><strong>Odlukom Gradskog vije\u0107a, Srebrnom plaketom Grada Slatine ove godine nagra\u0111eni su:<\/strong><\/p>\n<p><strong><a href=\"https:\/\/www.radioslatina.hr\/na-svecanoj-sjednici-slatinskog-gradskog-vijeca-laureatima-urucena-javna-priznanja-grada-slatine-3\/p1222101-copy\/\" rel=\"attachment wp-att-457664 noopener\" target=\"_blank\"><img loading=\"lazy\" decoding=\"async\" class=\"wp-image-457664 alignleft\" src=\"https:\/\/www.radioslatina.hr\/wp-content\/uploads\/2026\/09\/P1222101-Copy.jpg\" alt=\"\" width=\"300\" height=\"169\" title=\"\"><\/a>Mladen Graovac<\/strong>, za dugogodi\u0161nji izniman doprinos razvoju \u0161kolstva i promicanje ugleda grada Slatine.<\/p>\n<p>Gospodin Mladen Graovac svojim je dugogodi\u0161njim radom i predano\u0161\u0107u dao zna\u010dajan doprinos razvoju obrazovanja u Slatini.<br \/>\nKao profesor, mentor i dugogodi\u0161nji ravnatelj Industrijsko-obrtni\u010dke \u0161kole Slatina, svojim je radom pridonio kvaliteti \u0161kole, uspjesima u\u010denika te njezinu ugledu u lokalnoj i \u0161iroj zajednici.<br \/>\nPosebno se isti\u010de uspje\u0161nom suradnjom s u\u010denicima, zaposlenicima, roditeljima, institucijama i gospodarstvenicima, te brojnim aktivnostima kojima je promicao strukovno obrazovanje i Grad Slatinu.<\/p>\n<p><strong><a href=\"https:\/\/www.radioslatina.hr\/na-svecanoj-sjednici-slatinskog-gradskog-vijeca-laureatima-urucena-javna-priznanja-grada-slatine-3\/predavanje_800x450\/\" rel=\"attachment wp-att-457665 noopener\" target=\"_blank\"><img loading=\"lazy\" decoding=\"async\" class=\"wp-image-457665 alignright\" src=\"https:\/\/www.radioslatina.hr\/wp-content\/uploads\/2026\/09\/Predavanje_800x450.jpg\" alt=\"\" width=\"300\" height=\"169\" title=\"\"><\/a>Radenko Pavi\u0107<\/strong>, za izniman doprinos obrani slatinskoga kraja u Domovinskom ratu te dugogodi\u0161nji predani rad u dr\u017eavnoj upravi na poslovima obrane i lokalnoj samoupravi,<\/p>\n<p>Gospodin Radenko Pavi\u0107 svojim je dugogodi\u0161njim radom, predano\u0161\u0107u i odgovorno\u0161\u0107u ostavio zna\u010dajan trag u \u017eivotu i razvoju Grada Slatine.<br \/>\nKao sudionik i zapovjednik u Domovinskom ratu, dao je vrijedan doprinos obrani slatinskog podru\u010dja i stvaranju obrambenog sustava.<br \/>\nSvoj je rad i doprinos zajednici nastavio kroz dugogodi\u0161nje djelovanje u dr\u017eavnoj upravi i lokalnoj samoupravi, kao i aktivnim sudjelovanjem u radu braniteljskih udruga, osobito Hrvatskog \u010dasni\u010dkog zbora grada Slatine.<\/p>\n<p><strong>Odlukom Gradskog vije\u0107a Grada Slatine, Zlatnom plaketom Grada Slatine ove su godine nagra\u0111eni:<\/strong><\/p>\n<p><strong><a href=\"https:\/\/www.radioslatina.hr\/na-svecanoj-sjednici-slatinskog-gradskog-vijeca-laureatima-urucena-javna-priznanja-grada-slatine-3\/p1222108-copy\/\" rel=\"attachment wp-att-457666 noopener\" target=\"_blank\"><img loading=\"lazy\" decoding=\"async\" class=\"wp-image-457666 alignleft\" src=\"https:\/\/www.radioslatina.hr\/wp-content\/uploads\/2026\/09\/P1222108-Copy.jpg\" alt=\"\" width=\"300\" height=\"169\" title=\"\"><\/a>Udruga umirovljenika Slatina<\/strong>, za 80-godi\u0161nji kontinuirani rad u podru\u010dju dru\u0161tvene brige o umirovljenicima.<\/p>\n<p>Udruga umirovljenika Slatina, osnovana je 1946. godine i ve\u0107 punih 80 godina predano djeluje na dobrobit umirovljenika i starijih osoba na \u0161irem slatinskom podru\u010dju.<br \/>\nSvojim radom promi\u010de zajedni\u0161tvo, solidarnost i me\u0111ugeneracijsku suradnju te kroz brojne kulturne, dru\u0161tvene, rekreativne i edukativne aktivnosti pridonosi kvaliteti \u017eivota svojih \u010dlanova. Posebno je va\u017ean njezin doprinos smanjenju socijalne isklju\u010denosti i poticanju aktivnog i dostojanstvenog starenja. Kontinuitet djelovanja i zna\u010daj koji ima za Slatinu \u010dine ovu Udrugu va\u017enim dijelom dru\u0161tvenog \u017eivota grada.<\/p>\n<p>U ime Udruge umirovljenika Slatina Zlatnu plaketu primio je njezin predsjednik Vladimir Domi\u0107.<\/p>\n<p><strong><a href=\"https:\/\/www.radioslatina.hr\/na-svecanoj-sjednici-slatinskog-gradskog-vijeca-laureatima-urucena-javna-priznanja-grada-slatine-3\/p1222116-copy\/\" rel=\"attachment wp-att-457667 noopener\" target=\"_blank\"><img loading=\"lazy\" decoding=\"async\" class=\"wp-image-457667 alignright\" src=\"https:\/\/www.radioslatina.hr\/wp-content\/uploads\/2026\/09\/P1222116-Copy.jpg\" alt=\"\" width=\"300\" height=\"169\" title=\"\"><\/a>Ksenija Plantak,\u00a0<\/strong>za dugogodi\u0161nji dru\u0161tveni rad i izniman doprinos razvoju lokalne samouprave na podru\u010dju grada Slatine,<\/p>\n<p>Gospo\u0111a Ksenija Plantak svojim je dugogodi\u0161njim radom i predano\u0161\u0107u dala izniman doprinos razvoju i promociji Grada Slatine. Posebno se istaknula u razvoju turizma, gospodarstva i poljoprivrede te o\u010duvanju kulturne i prirodne ba\u0161tine. Kao voditeljica tima Pustare Vi\u0161njica pridonijela je njezinoj afirmaciji na europskoj turisti\u010dkoj karti, a svojim dru\u0161tvenim anga\u017emanom, humano\u0161\u0107u i radom za zajednicu kroz rad nekoliko udruga ostavila je trajni trag u \u017eivotu grada, kao i u podru\u010dju ljekarni\u0161tva gdje se isti\u010de posebna briga za zdravlje gra\u0111ana.<br \/>\nDakako da je neizostavna i njezina uloga u razvoju grada za vrijeme obna\u0161anja gradona\u010delnice Grada Slatine. Aktivnim sudjelovanjem u \u017eivotu lokalne zajednice, postala je primjer istinskog i hvalevrijednog gra\u0111anskog djelovanja.<\/p>\n<p><strong><a href=\"https:\/\/www.radioslatina.hr\/na-svecanoj-sjednici-slatinskog-gradskog-vijeca-laureatima-urucena-javna-priznanja-grada-slatine-3\/p1222119-copy\/\" rel=\"attachment wp-att-457668 noopener\" target=\"_blank\"><img loading=\"lazy\" decoding=\"async\" class=\"wp-image-457668 alignleft\" src=\"https:\/\/www.radioslatina.hr\/wp-content\/uploads\/2026\/09\/P1222119-Copy.jpg\" alt=\"\" width=\"300\" height=\"169\" title=\"\"><\/a>Josip Kova\u010di\u0107,\u00a0<\/strong>za dugogodi\u0161nji predani rad na razvoju i promociji strelja\u010dkog sporta,<\/p>\n<p>U prigodi 50. obljetnice djelovanja Strelja\u010dkog kluba Miholjac Zlatna plaketa dodjeljuje se gospodinu Josipu Kova\u010di\u0107u za pet desetlje\u0107a predanog rada i iznimnog doprinosa razvoju strelja\u0161tva i sporta na podru\u010dju Grada Slatine i Viroviti\u010dko-podravske \u017eupanije.<br \/>\nKao osniva\u010d, dugogodi\u0161nji trener, sudac i sportski djelatnik, svojim je znanjem, zalaganjem i radom s mladim sporta\u0161ima pridonio je brojnim uspjesima Strelja\u010dkog kluba Miholjac, a gospodin Kova\u010di\u0107 ne posustaje ni danas te i dalje svojim kontinuiranim djelovanjem okuplja mlade i doprinosi razvoju sporta i strelja\u0161tva.<\/p>\n<p><strong><a href=\"https:\/\/www.radioslatina.hr\/na-svecanoj-sjednici-slatinskog-gradskog-vijeca-laureatima-urucena-javna-priznanja-grada-slatine-3\/p1222136-copy\/\" rel=\"attachment wp-att-457669 noopener\" target=\"_blank\"><img loading=\"lazy\" decoding=\"async\" class=\"wp-image-457669 alignright\" src=\"https:\/\/www.radioslatina.hr\/wp-content\/uploads\/2026\/09\/P1222136-Copy.jpg\" alt=\"\" width=\"300\" height=\"169\" title=\"\"><\/a>Marijan Prese\u010dan,\u00a0<\/strong>za iznimnu ustrajnost, paraolimpijske uspjehe i promociju grada Slatine na najve\u0107im svjetskim sportskim natjecanjima,<\/p>\n<p>Svojim dugogodi\u0161njim radom, iznimnim sportskim rezultatima, predano\u0161\u0107u i neizmjernom uporno\u0161\u0107u, gospodin Marijan Prese\u010dan ostavio je dubok i vrijedan trag u hrvatskom paraolimpijskom sportu.<\/p>\n<p>Kao vi\u0161estruki prvak Hrvatske te uspje\u0161an sudionik brojnih europskih, svjetskih i paraolimpijskih natjecanja, svojim je nastupima nebrojeno puta dostojno predstavljao Grad Slatinu, Viroviti\u010dko-podravsku \u017eupaniju i Republiku Hrvatsku na najve\u0107im svjetskim sportskim pozornicama.<\/p>\n<p>Njegovi sportski uspjesi nisu samo rezultat talenta i rada, ve\u0107 prije svega snage karaktera, ustrajnosti i vjere u sebe. Svojim primjerom pokazuje da prepreke nisu granice, ve\u0107 izazovi koji se mogu savladati trudom, hrabro\u0161\u0107u i uporno\u0161\u0107u.<\/p>\n<p>Svojim sportskim rezultatima, ali i osobnim primjerom, gospodin Prese\u010dan promi\u010de prave vrijednosti sporta \u2013 upornost, zajedni\u0161tvo, dostojanstvo i ravnopravnost \u2013 te sna\u017eno pridonosi vidljivosti i afirmaciji mogu\u0107nosti osoba s invaliditetom.<\/p>\n<p>Priznanja ovogodi\u0161njim laureatima uru\u010dili su gradona\u010delnik Grada Slatine Tomo Tomi\u0107 i predsjednik slatinskog Gradskog vije\u0107a Luka Repi\u0107.<\/p>\n<p>(www.radioslatina.hr)<\/p>\n<p><a href=\"https:\/\/www.radioslatina.hr\/na-svecanoj-sjednici-slatinskog-gradskog-vijeca-laureatima-urucena-javna-priznanja-grada-slatine-3\/p1222163-copy\/\" rel=\"attachment wp-att-457670 noopener\" target=\"_blank\"><img loading=\"lazy\" decoding=\"async\" class=\"alignnone size-full wp-image-457670\" src=\"https:\/\/www.radioslatina.hr\/wp-content\/uploads\/2026\/09\/P1222163-Copy.jpg\" alt=\"\" width=\"800\" height=\"450\" title=\"\"><\/a><\/p>\n","protected":false},"excerpt":{"rendered":"<p>Na sve\u010danoj sjednici slatinskog Gradskog vije\u0107a u prigodi obilje\u017eavanja Dana grada Slatine i 729. obljetnice prvoga pisanog spomena imena Slatine odr\u017eana je sve\u010danost na kojoj<span class=\"excerpt-hellip\"> [\u2026]<\/span><\/p>\n","protected":false},"author":5,"featured_media":127584,"comment_status":"closed","ping_status":"closed","sticky":false,"template":"","format":"standard","meta":{"ngg_post_thumbnail":0,"footnotes":""},"categories":[136,137],"tags":[],"class_list":["post-127583","post","type-post","status-publish","format-standard","has-post-thumbnail","hentry","category-grad-slatina","category-naslovna"],"_links":{"self":[{"href":"https:\/\/www.slatina.hr\/portal\/wp-json\/wp\/v2\/posts\/127583","targetHints":{"allow":["GET"]}}],"collection":[{"href":"https:\/\/www.slatina.hr\/portal\/wp-json\/wp\/v2\/posts"}],"about":[{"href":"https:\/\/www.slatina.hr\/portal\/wp-json\/wp\/v2\/types\/post"}],"author":[{"embeddable":true,"href":"https:\/\/www.slatina.hr\/portal\/wp-json\/wp\/v2\/users\/5"}],"replies":[{"embeddable":true,"href":"https:\/\/www.slatina.hr\/portal\/wp-json\/wp\/v2\/comments?post=127583"}],"version-history":[{"count":1,"href":"https:\/\/www.slatina.hr\/portal\/wp-json\/wp\/v2\/posts\/127583\/revisions"}],"predecessor-version":[{"id":127585,"href":"https:\/\/www.slatina.hr\/portal\/wp-json\/wp\/v2\/posts\/127583\/revisions\/127585"}],"wp:featuredmedia":[{"embeddable":true,"href":"https:\/\/www.slatina.hr\/portal\/wp-json\/wp\/v2\/media\/127584"}],"wp:attachment":[{"href":"https:\/\/www.slatina.hr\/portal\/wp-json\/wp\/v2\/media?parent=127583"}],"wp:term":[{"taxonomy":"category","embeddable":true,"href":"https:\/\/www.slatina.hr\/portal\/wp-json\/wp\/v2\/categories?post=127583"},{"taxonomy":"post_tag","embeddable":true,"href":"https:\/\/www.slatina.hr\/portal\/wp-json\/wp\/v2\/tags?post=127583"}],"curies":[{"name":"wp","href":"https:\/\/api.w.org\/{rel}","templated":true}]}}