{"id":127463,"date":"2026-09-01T11:57:05","date_gmt":"2026-09-01T09:57:05","guid":{"rendered":"https:\/\/www.slatina.hr\/portal\/?p=127463"},"modified":"2026-09-01T11:57:05","modified_gmt":"2026-09-01T09:57:05","slug":"cestitka-predsjednika-slatinskog-gradskog-vijeca-luke-repica-u-prigodi-dana-grada-slatine-2","status":"publish","type":"post","link":"https:\/\/www.slatina.hr\/portal\/cestitka-predsjednika-slatinskog-gradskog-vijeca-luke-repica-u-prigodi-dana-grada-slatine-2\/","title":{"rendered":"\u010cestitka predsjednika slatinskog Gradskog vije\u0107a Luke Repi\u0107a u prigodi Dana grada Slatine"},"content":{"rendered":"<p>Po\u0161tovane sugra\u0111anke i sugra\u0111ani, dragi prijatelji i gosti Slatine,<br \/>\n\u200bu ime Gradskog vije\u0107a Grada Slatine i u svoje osobno ime, od srca vam \u010destitam Dan grada i veliku, 729. obljetnicu prvog pisanog spomena na\u0161e Slatine!<\/p>\n<p>\u200bOvakve visoke obljetnice nisu samo prilika za prisje\u0107anje na bogatu povijest i ba\u0161tinu koju su nam u naslije\u0111e ostavile generacije prije nas. One su ponajprije trenutak u kojem zastajemo kako bismo prepoznali najve\u0107u snagu na\u0161eg grada \u2014 vas, na\u0161e ljude. Slatina nije samo zemljopisna to\u010dka podno Papuka; Slatina je svaka na\u0161a obitelj, svaki radnik, poljoprivrednik, poduzetnik, u\u010denik i umirovljenik koji svakodnevnim trudom pobolj\u0161ava \u017eivot u na\u0161oj zajednici.<\/p>\n<p>\u200bKao predsjednik Gradskog vije\u0107a, osje\u0107am iznimnu odgovornost, ali i ponos \u0161to zajedno s vama mogu sudjelovati u stvaranju bolje budu\u0107nosti. Na\u0161 je cilj jasan: graditi Slatinu u kojoj mladi \u017eele ostati i stvarati obitelji, u kojoj gospodarstvo i poljoprivreda napreduju, a na\u0161i najstariji sugra\u0111ani u\u017eivaju zaslu\u017eeno po\u0161tovanje i sigurnost. Svaki projekt koji pokre\u0107emo i svaka odluka koju donosimo usmjereni su prema tom zajedni\u010dkom cilju.<br \/>\n\u200bRazvoj grada nije utrka na kratke staze, ve\u0107 trajan proces koji zahtijeva me\u0111usobno uva\u017eavanje, dijalog i zajedni\u0161tvo. Kada nastupamo zajedno, pokazujemo da za na\u0161 grad ne postoje nespremnosti ni prepreke koje ne mo\u017eemo svladati.<\/p>\n<p>\u200bNeka nam ova 729. obljetnica bude nadahnu\u0107e da nastavimo \u010duvati na\u0161u tradiciju, ali i hrabro otvarati vrata novim idejama, investicijama i napretku.<br \/>\n\u200bSvim stanovnicima Slatine i na\u0161ih prigradskih naselja \u017eelim puno zdravlja, obiteljske sre\u0107e, osobnog zadovoljstva i\u00a0<em>uspjeha u radu.<\/em><em><br \/>\n\u200b<strong>Sretan nam svima Dan grada Slatine!<\/strong><\/em><\/p>\n<p><em>\u00a0 \u00a0 \u00a0 \u00a0 \u00a0 \u00a0 \u00a0 \u00a0 \u00a0 \u00a0 \u00a0 \u00a0 \u00a0 \u00a0 \u00a0 \u00a0 \u00a0 \u00a0 \u00a0 \u00a0 \u00a0 \u00a0 \u00a0 \u00a0 \u00a0 \u00a0 \u00a0 \u00a0 \u00a0 \u00a0 \u00a0 \u00a0 \u00a0 \u00a0 \u00a0 \u00a0 \u00a0 \u00a0 \u00a0 \u00a0 \u00a0 \u00a0\u200bPredsjednik Gradskog vije\u0107a Grada Slatine, Luka Repi\u0107<\/em><\/p>\n","protected":false},"excerpt":{"rendered":"<p>Po\u0161tovane sugra\u0111anke i sugra\u0111ani, dragi prijatelji i gosti Slatine, \u200bu ime Gradskog vije\u0107a Grada Slatine i u svoje osobno ime, od srca vam \u010destitam Dan<span class=\"excerpt-hellip\"> [\u2026]<\/span><\/p>\n","protected":false},"author":5,"featured_media":127464,"comment_status":"closed","ping_status":"closed","sticky":false,"template":"","format":"standard","meta":{"ngg_post_thumbnail":0,"footnotes":""},"categories":[136,11,137],"tags":[],"class_list":["post-127463","post","type-post","status-publish","format-standard","has-post-thumbnail","hentry","category-grad-slatina","category-gradskovijece","category-naslovna"],"_links":{"self":[{"href":"https:\/\/www.slatina.hr\/portal\/wp-json\/wp\/v2\/posts\/127463","targetHints":{"allow":["GET"]}}],"collection":[{"href":"https:\/\/www.slatina.hr\/portal\/wp-json\/wp\/v2\/posts"}],"about":[{"href":"https:\/\/www.slatina.hr\/portal\/wp-json\/wp\/v2\/types\/post"}],"author":[{"embeddable":true,"href":"https:\/\/www.slatina.hr\/portal\/wp-json\/wp\/v2\/users\/5"}],"replies":[{"embeddable":true,"href":"https:\/\/www.slatina.hr\/portal\/wp-json\/wp\/v2\/comments?post=127463"}],"version-history":[{"count":1,"href":"https:\/\/www.slatina.hr\/portal\/wp-json\/wp\/v2\/posts\/127463\/revisions"}],"predecessor-version":[{"id":127465,"href":"https:\/\/www.slatina.hr\/portal\/wp-json\/wp\/v2\/posts\/127463\/revisions\/127465"}],"wp:featuredmedia":[{"embeddable":true,"href":"https:\/\/www.slatina.hr\/portal\/wp-json\/wp\/v2\/media\/127464"}],"wp:attachment":[{"href":"https:\/\/www.slatina.hr\/portal\/wp-json\/wp\/v2\/media?parent=127463"}],"wp:term":[{"taxonomy":"category","embeddable":true,"href":"https:\/\/www.slatina.hr\/portal\/wp-json\/wp\/v2\/categories?post=127463"},{"taxonomy":"post_tag","embeddable":true,"href":"https:\/\/www.slatina.hr\/portal\/wp-json\/wp\/v2\/tags?post=127463"}],"curies":[{"name":"wp","href":"https:\/\/api.w.org\/{rel}","templated":true}]}}