{"id":127460,"date":"2026-09-01T08:38:57","date_gmt":"2026-09-01T06:38:57","guid":{"rendered":"https:\/\/www.slatina.hr\/portal\/?p=127460"},"modified":"2026-09-01T08:38:57","modified_gmt":"2026-09-01T06:38:57","slug":"cestitka-gradonacelnika-tome-tomica-povodom-dana-grada-slatine","status":"publish","type":"post","link":"https:\/\/www.slatina.hr\/portal\/cestitka-gradonacelnika-tome-tomica-povodom-dana-grada-slatine\/","title":{"rendered":"\u010cestitka gradona\u010delnika Tome Tomi\u0107a povodom Dana grada Slatine"},"content":{"rendered":"<p><strong>Drage sugra\u0111anke i sugra\u0111ani,<\/strong><\/p>\n<p>729 godina od prvog zapisa imena na\u0161ega grada nije samo broj. To je 729 godina \u017eivota, susreta, rada, snova, pobjeda i izazova. To je pri\u010da o generacijama ljudi koji su svojim rukama, znanjem, uporno\u0161\u0107u i ljubavlju stvarali Slatinu kakvu danas poznajemo.<\/p>\n<p>Na ovaj va\u017ean dan prisje\u0107amo se svih onih koji su prije nas ostavljali svoj trag. Neki su gradili njegove ulice i domove, neki stvarali radna mjesta i pokretali gospodarstvo, neki odgajali djecu, u\u010dili mlade, osvajali sportska postolja ili svojim talentom pronosili ime Slatine. Svatko je na svoj na\u010din ugradio dio sebe u ovaj grad.<\/p>\n<p>I zato danas ne slavimo samo ono \u0161to je Slatina bila. Slavimo ono \u0161to jest i ono \u0161to zajedno mo\u017ee postati.<\/p>\n<p>Jer grad nisu samo trgovi, zgrade, ceste i fasade. Grad je osmijeh susjeda, dje\u010dji smijeh iz \u0161kolskog dvori\u0161ta, ruka pru\u017eena kada je te\u0161ko, ponos kada na\u0161i sporta\u0161i ostvare uspjeh i osje\u0107aj pripadnosti koji nas povezuje bez obzira na to gdje \u017eivimo, \u010dime se bavimo i koliko smo razli\u010diti.<\/p>\n<p><strong>Slatina su ljudi.<\/strong><br \/>\nA upravo u ljudima le\u017ei najve\u0107a snaga na\u0161ega grada.<\/p>\n<p>Pred nama je jo\u0161 puno prilika da na\u0161 grad u\u010dinimo mjestom u kojem se \u017eivi lijepo i dostojanstveno. Mjestom u kojem mladi vide svoju budu\u0107nost, obitelji osje\u0107aju sigurnost, poduzetnici prostor za nove ideje, a na\u0161i najstariji znaju da su njihov \u017eivot i trud utkali temelje na kojima danas gradimo.<\/p>\n<p>Vjerujem u Slatinu koja raste, ali ne zaboravlja svoje korijene. U Slatinu koja \u010duva ono \u0161to je vrijedno, a hrabro otvara vrata novim idejama. U Slatinu u kojoj se uspjeh pojedinca pretvara u ponos cijele zajednice.<\/p>\n<p>Neka na\u0161 grad bude mjesto u kojem \u0107e se dje\u010dji smijeh \u010duti \u0161to \u010de\u0161\u0107e, u kojem \u0107e se znanje, rad i talent cijeniti, a dobrota i solidarnost nikada ne izgubiti. Neka svaki novi dan bude jo\u0161 jedan korak prema gradu kojim \u0107emo biti ponosni ne samo danas, nego i generacijama koje dolaze.<\/p>\n<p><strong>Svim stanovnicima s podru\u010dja grada Slatine od srca \u010destitam 729. obljetnicu prvog spomena imena na\u0161ega grada i Dan grada Slatine.<\/strong><\/p>\n<p>Neka nam Slatina bude na ponos, a njezina budu\u0107nost na\u0161a zajedni\u010dka odgovornost i nada.<\/p>\n<p><strong>Sretan Dan grada!<\/strong><\/p>\n<p>Va\u0161 gradona\u010delnik Tomo Tomi\u0107<\/p>\n","protected":false},"excerpt":{"rendered":"<p>Drage sugra\u0111anke i sugra\u0111ani, 729 godina od prvog zapisa imena na\u0161ega grada nije samo broj. To je 729 godina \u017eivota, susreta, rada, snova, pobjeda i<span class=\"excerpt-hellip\"> [\u2026]<\/span><\/p>\n","protected":false},"author":5,"featured_media":127461,"comment_status":"closed","ping_status":"closed","sticky":false,"template":"","format":"standard","meta":{"ngg_post_thumbnail":0,"footnotes":""},"categories":[136,137],"tags":[],"class_list":["post-127460","post","type-post","status-publish","format-standard","has-post-thumbnail","hentry","category-grad-slatina","category-naslovna"],"_links":{"self":[{"href":"https:\/\/www.slatina.hr\/portal\/wp-json\/wp\/v2\/posts\/127460","targetHints":{"allow":["GET"]}}],"collection":[{"href":"https:\/\/www.slatina.hr\/portal\/wp-json\/wp\/v2\/posts"}],"about":[{"href":"https:\/\/www.slatina.hr\/portal\/wp-json\/wp\/v2\/types\/post"}],"author":[{"embeddable":true,"href":"https:\/\/www.slatina.hr\/portal\/wp-json\/wp\/v2\/users\/5"}],"replies":[{"embeddable":true,"href":"https:\/\/www.slatina.hr\/portal\/wp-json\/wp\/v2\/comments?post=127460"}],"version-history":[{"count":1,"href":"https:\/\/www.slatina.hr\/portal\/wp-json\/wp\/v2\/posts\/127460\/revisions"}],"predecessor-version":[{"id":127462,"href":"https:\/\/www.slatina.hr\/portal\/wp-json\/wp\/v2\/posts\/127460\/revisions\/127462"}],"wp:featuredmedia":[{"embeddable":true,"href":"https:\/\/www.slatina.hr\/portal\/wp-json\/wp\/v2\/media\/127461"}],"wp:attachment":[{"href":"https:\/\/www.slatina.hr\/portal\/wp-json\/wp\/v2\/media?parent=127460"}],"wp:term":[{"taxonomy":"category","embeddable":true,"href":"https:\/\/www.slatina.hr\/portal\/wp-json\/wp\/v2\/categories?post=127460"},{"taxonomy":"post_tag","embeddable":true,"href":"https:\/\/www.slatina.hr\/portal\/wp-json\/wp\/v2\/tags?post=127460"}],"curies":[{"name":"wp","href":"https:\/\/api.w.org\/{rel}","templated":true}]}}