{"id":126335,"date":"2026-04-28T16:20:32","date_gmt":"2026-04-28T14:20:32","guid":{"rendered":"https:\/\/www.slatina.hr\/portal\/?p=126335"},"modified":"2026-04-28T16:20:32","modified_gmt":"2026-04-28T14:20:32","slug":"u-slatinskoj-gradskoj-upravi-odrzana-sjednica-stozera-civilne-zastite-grada-slatine-tema-sjednice-pripreme-za-protupozarnu-sezonu","status":"publish","type":"post","link":"https:\/\/www.slatina.hr\/portal\/u-slatinskoj-gradskoj-upravi-odrzana-sjednica-stozera-civilne-zastite-grada-slatine-tema-sjednice-pripreme-za-protupozarnu-sezonu\/","title":{"rendered":"U slatinskoj Gradskoj upravi odr\u017eana sjednica Sto\u017eera civilne za\u0161tite Grada Slatine \u2013 Tema sjednice pripreme za protupo\u017earnu sezonu"},"content":{"rendered":"<p>U velikoj vije\u0107nici Gradske uprave danas (utorak) je odr\u017eana sjednica Sto\u017eera civilne za\u0161tite Grada Slatine, na kojoj je, izme\u0111u ostalog, na\u010delnik Sto\u017eera, ujedno i zapovjednik Javne vatrogasne postrojbe Grada Slatine Tomislav Uher, iznio analizu stanja za\u0161tite od po\u017eara na podru\u010dju Grada Slatine.<\/p>\n<p>Tako\u0111er, Sto\u017eer je usvojio Plan rada za ovogodi\u0161nju protupo\u017earnu sezonu, odnosno utvrdio je Plan aktivnog uklju\u010divanja svih subjekata za\u0161tite od po\u017eara na podru\u010dju Grada Slatine u 2026. godini.<\/p>\n<p>Na\u010delnik Sto\u017eera istaknuo je kako su sve operativne snage vatrogastva spremne za nadolaze\u0107u protupo\u017earnu sezonu naglasiv\u0161i vrlo dobru suradnju s Gradom Slatinom kao osniva\u010dem Javne vatrogasne postrojbe.<\/p>\n<p>(www.radioslatina.hr)<\/p>\n\n\t\t\t<style type='text\/css'>\n\t\t\t\t#sc_gallery-1 {\n\t\t\t\t\tmargin: auto;\n\t\t\t\t}\n\t\t\t\t#sc_gallery-1 .gallery-item {\n\t\t\t\t\tfloat: left;\n\t\t\t\t\ttext-align: center;\n\t\t\t\t\twidth: 24.99%;\n\t\t\t\t}\n\t\t\t\t#sc_gallery-1 img {\n\t\t\t\t\tborder: 2px solid #cfcfcf;\n\t\t\t\t}\n\t\t\t\t\/* see sc_gallery() in functions\/theme-shortcodes.php *\/\n\t\t\t<\/style>\n\t\t<div id='sc_gallery-1' class='gallery galleryid-126335 gallery-columns-4 gallery-size-thumbnail file element_classes gallery-default'><dl class='gallery-item'  data-title='IMG-193da223703381d7f9b8d6d758ec6c86-V_1024x768' data-description=''><div class='gallery-item-wrapper'>\n\t\t\t\t<dt class='gallery-icon landscape'>\n\t\t\t\t\t<a href='https:\/\/www.slatina.hr\/portal\/wp-content\/uploads\/2026\/04\/IMG-193da223703381d7f9b8d6d758ec6c86-V_1024x768.jpg'><img loading=\"lazy\" decoding=\"async\" width=\"190\" height=\"130\" src=\"https:\/\/www.slatina.hr\/portal\/wp-content\/uploads\/2026\/04\/IMG-193da223703381d7f9b8d6d758ec6c86-V_1024x768-190x130.jpg\" class=\"attachment-thumbnail size-thumbnail\" alt=\"\" \/><\/a>\n\t\t\t\t<\/dt><\/div><\/dl><dl class='gallery-item'  data-title='IMG-87448589c919db232a32fd085fe52199-V_1024x768' data-description=''><div class='gallery-item-wrapper'>\n\t\t\t\t<dt class='gallery-icon landscape'>\n\t\t\t\t\t<a href='https:\/\/www.slatina.hr\/portal\/wp-content\/uploads\/2026\/04\/IMG-87448589c919db232a32fd085fe52199-V_1024x768.jpg'><img loading=\"lazy\" decoding=\"async\" width=\"190\" height=\"130\" src=\"https:\/\/www.slatina.hr\/portal\/wp-content\/uploads\/2026\/04\/IMG-87448589c919db232a32fd085fe52199-V_1024x768-190x130.jpg\" class=\"attachment-thumbnail size-thumbnail\" alt=\"\" \/><\/a>\n\t\t\t\t<\/dt><\/div><\/dl><dl class='gallery-item'  data-title='IMG-fad9d50271e5f5b78a14ee3aab9af205-V_1024x768' data-description=''><div class='gallery-item-wrapper'>\n\t\t\t\t<dt class='gallery-icon landscape'>\n\t\t\t\t\t<a href='https:\/\/www.slatina.hr\/portal\/wp-content\/uploads\/2026\/04\/IMG-fad9d50271e5f5b78a14ee3aab9af205-V_1024x768.jpg'><img loading=\"lazy\" decoding=\"async\" width=\"190\" height=\"130\" src=\"https:\/\/www.slatina.hr\/portal\/wp-content\/uploads\/2026\/04\/IMG-fad9d50271e5f5b78a14ee3aab9af205-V_1024x768-190x130.jpg\" class=\"attachment-thumbnail size-thumbnail\" alt=\"\" \/><\/a>\n\t\t\t\t<\/dt><\/div><\/dl>\n\t\t\t\t<br style='clear: both' \/>\n\t\t\t<\/div>\n\n","protected":false},"excerpt":{"rendered":"<p>U velikoj vije\u0107nici Gradske uprave danas (utorak) je odr\u017eana sjednica Sto\u017eera civilne za\u0161tite Grada Slatine, na kojoj je, izme\u0111u ostalog, na\u010delnik Sto\u017eera, ujedno i zapovjednik<span class=\"excerpt-hellip\"> [\u2026]<\/span><\/p>\n","protected":false},"author":5,"featured_media":126339,"comment_status":"closed","ping_status":"closed","sticky":false,"template":"","format":"standard","meta":{"ngg_post_thumbnail":0,"footnotes":""},"categories":[136,137],"tags":[],"class_list":["post-126335","post","type-post","status-publish","format-standard","has-post-thumbnail","hentry","category-grad-slatina","category-naslovnica"],"_links":{"self":[{"href":"https:\/\/www.slatina.hr\/portal\/wp-json\/wp\/v2\/posts\/126335","targetHints":{"allow":["GET"]}}],"collection":[{"href":"https:\/\/www.slatina.hr\/portal\/wp-json\/wp\/v2\/posts"}],"about":[{"href":"https:\/\/www.slatina.hr\/portal\/wp-json\/wp\/v2\/types\/post"}],"author":[{"embeddable":true,"href":"https:\/\/www.slatina.hr\/portal\/wp-json\/wp\/v2\/users\/5"}],"replies":[{"embeddable":true,"href":"https:\/\/www.slatina.hr\/portal\/wp-json\/wp\/v2\/comments?post=126335"}],"version-history":[{"count":1,"href":"https:\/\/www.slatina.hr\/portal\/wp-json\/wp\/v2\/posts\/126335\/revisions"}],"predecessor-version":[{"id":126340,"href":"https:\/\/www.slatina.hr\/portal\/wp-json\/wp\/v2\/posts\/126335\/revisions\/126340"}],"wp:featuredmedia":[{"embeddable":true,"href":"https:\/\/www.slatina.hr\/portal\/wp-json\/wp\/v2\/media\/126339"}],"wp:attachment":[{"href":"https:\/\/www.slatina.hr\/portal\/wp-json\/wp\/v2\/media?parent=126335"}],"wp:term":[{"taxonomy":"category","embeddable":true,"href":"https:\/\/www.slatina.hr\/portal\/wp-json\/wp\/v2\/categories?post=126335"},{"taxonomy":"post_tag","embeddable":true,"href":"https:\/\/www.slatina.hr\/portal\/wp-json\/wp\/v2\/tags?post=126335"}],"curies":[{"name":"wp","href":"https:\/\/api.w.org\/{rel}","templated":true}]}}