{"id":126332,"date":"2026-04-28T12:01:46","date_gmt":"2026-04-28T10:01:46","guid":{"rendered":"https:\/\/www.slatina.hr\/portal\/?p=126332"},"modified":"2026-04-28T12:01:46","modified_gmt":"2026-04-28T10:01:46","slug":"praznik-rada-u-slatini-u-petak-u-parku-besplatan-grah-navecer-krijes-na-javorici","status":"publish","type":"post","link":"https:\/\/www.slatina.hr\/portal\/praznik-rada-u-slatini-u-petak-u-parku-besplatan-grah-navecer-krijes-na-javorici\/","title":{"rendered":"Praznik rada u Slatini: U petak u parku besplatan grah, nave\u010der krijes na Javorici"},"content":{"rendered":"<p>Tradicionalno obilje\u017eavanje Me\u0111unarodnog praznika rada u Slatini odr\u017eat \u0107e se u petak, 1. svibnja 2026. godine, uz bogat program i dru\u017eenje na otvorenom. Sredi\u0161nji dio manifestacije zapo\u010dinje u Parku 136. slatinske brigade, gdje je okupljanje gra\u0111ana predvi\u0111eno od 10:00 sati, nakon \u010dega \u0107e uslijediti podjela besplatnog prvosvibanjskog graha u 12:30 sati. Ve\u010dernji dio programa nastavlja se na Jezeru Javorica, gdje je od 20:00 sati zakazano paljenje tradicionalnog krijesa. Organizatori, Grad Slatina i Turisti\u010dka zajednica grada Slatine, pozivaju sve sugra\u0111ane da se pridru\u017ee proslavi te provedu praznik u prirodi i ugodnom dru\u0161tvu.<\/p>\n<p>(www.radioslatina.hr)<\/p>\n<p><img loading=\"lazy\" decoding=\"async\" class=\"wp-image-438997 aligncenter\" src=\"https:\/\/www.radioslatina.hr\/wp-content\/uploads\/2026\/04\/684158169_1576382924260041_1248312336733384775_n.jpg\" alt=\"\" width=\"581\" height=\"822\" \/><\/p>\n","protected":false},"excerpt":{"rendered":"<p>Tradicionalno obilje\u017eavanje Me\u0111unarodnog praznika rada u Slatini odr\u017eat \u0107e se u petak, 1. svibnja 2026. godine, uz bogat program i dru\u017eenje na otvorenom. Sredi\u0161nji dio<span class=\"excerpt-hellip\"> [\u2026]<\/span><\/p>\n","protected":false},"author":5,"featured_media":126333,"comment_status":"closed","ping_status":"closed","sticky":false,"template":"","format":"standard","meta":{"ngg_post_thumbnail":0,"footnotes":""},"categories":[136,137],"tags":[],"class_list":["post-126332","post","type-post","status-publish","format-standard","has-post-thumbnail","hentry","category-grad-slatina","category-naslovnica"],"_links":{"self":[{"href":"https:\/\/www.slatina.hr\/portal\/wp-json\/wp\/v2\/posts\/126332","targetHints":{"allow":["GET"]}}],"collection":[{"href":"https:\/\/www.slatina.hr\/portal\/wp-json\/wp\/v2\/posts"}],"about":[{"href":"https:\/\/www.slatina.hr\/portal\/wp-json\/wp\/v2\/types\/post"}],"author":[{"embeddable":true,"href":"https:\/\/www.slatina.hr\/portal\/wp-json\/wp\/v2\/users\/5"}],"replies":[{"embeddable":true,"href":"https:\/\/www.slatina.hr\/portal\/wp-json\/wp\/v2\/comments?post=126332"}],"version-history":[{"count":1,"href":"https:\/\/www.slatina.hr\/portal\/wp-json\/wp\/v2\/posts\/126332\/revisions"}],"predecessor-version":[{"id":126334,"href":"https:\/\/www.slatina.hr\/portal\/wp-json\/wp\/v2\/posts\/126332\/revisions\/126334"}],"wp:featuredmedia":[{"embeddable":true,"href":"https:\/\/www.slatina.hr\/portal\/wp-json\/wp\/v2\/media\/126333"}],"wp:attachment":[{"href":"https:\/\/www.slatina.hr\/portal\/wp-json\/wp\/v2\/media?parent=126332"}],"wp:term":[{"taxonomy":"category","embeddable":true,"href":"https:\/\/www.slatina.hr\/portal\/wp-json\/wp\/v2\/categories?post=126332"},{"taxonomy":"post_tag","embeddable":true,"href":"https:\/\/www.slatina.hr\/portal\/wp-json\/wp\/v2\/tags?post=126332"}],"curies":[{"name":"wp","href":"https:\/\/api.w.org\/{rel}","templated":true}]}}