{"id":126329,"date":"2026-04-28T11:59:46","date_gmt":"2026-04-28T09:59:46","guid":{"rendered":"https:\/\/www.slatina.hr\/portal\/?p=126329"},"modified":"2026-04-28T11:59:46","modified_gmt":"2026-04-28T09:59:46","slug":"11-slatinski-obrtnicki-sajam-tradicija-i-obrtnistvo-u-nedjelju-3-svibnja","status":"publish","type":"post","link":"https:\/\/www.slatina.hr\/portal\/11-slatinski-obrtnicki-sajam-tradicija-i-obrtnistvo-u-nedjelju-3-svibnja\/","title":{"rendered":"11. Slatinski obrtni\u010dki sajam \u201eTradicija i obrtni\u0161tvo\u201c u nedjelju, 3. svibnja"},"content":{"rendered":"<p>U Slatini \u0107e se u nedjelju, 3. svibnja 2026. godine, odr\u017eati 11. Slatinski obrtni\u010dki sajam pod krilaticom \u201eTradicija i obrtni\u0161tvo\u201c.<\/p>\n<p>Manifestacija \u0107e se odvijati u Parku 136. brigade, a posjetitelje o\u010dekuje cjelodnevni program koji slavi lokalne vje\u0161tine i kulturnu ba\u0161tinu.<\/p>\n<p>Program \u0107e zapo\u010deti u 10:00 sati \u201eLi\u010dkim doru\u010dkom\u201c u organizaciji Udruge li\u010dana \u201eVila Velebita Slatina\u201c.<br \/>\nSve\u010dano otvorenje sajma predvi\u0111eno je za 11:30 sati, a isto \u0107e svojim nastupom obogatiti HKUD Dika Slatina.<\/p>\n<p>Tijekom poslijepodneva, od 12:00 do 19:00 sati, za glazbeni ugo\u0111aj bit \u0107e zadu\u017een Pero Pavlovi\u0107 i \u201eOtkazani let\u201c, uz u\u017eivo javljanje sa sajma u eteru Radio Slatine. U istom razdoblju, do 16:00 sati, odr\u017eavat \u0107e se prezentacije zanimanja i starih obrta, uklju\u010duju\u0107i lon\u010darstvo te predenje na preslici u izvedbi udruge \u201eGA\u010cANKA\u201c.<\/p>\n<p>Popodnevni dio programa obilje\u017eit \u0107e i modno-frizerska revija u\u010denika Industrijsko-obrtni\u010dke \u0161kole Slatina s po\u010detkom u 16:00 sati, dok \u0107e sajam slu\u017ebeno biti zatvoren u 19:00 sati.<\/p>\n<p>Organizaciju sajma potpisuju Udru\u017eenje obrtnika Slatina, Grad Slatina, Turisti\u010dka zajednica Grada Slatine i Gradska razvojna agencija Slatine, uz pokroviteljstvo Viroviti\u010dko-podravske \u017eupanije, Hrvatske obrtni\u010dke komore i Obrtni\u010dke komore Viroviti\u010dko-podravske \u017eupanije.<\/p>\n<p>(www.radioslatina.hr)<\/p>\n<p><a href=\"https:\/\/www.radioslatina.hr\/11-slatinski-obrtnicki-sajam-tradicija-i-obrtnistvo-u-nedjelju-3-svibnja\/11-obrtnicki-sajam-plakat\/\" rel=\"attachment wp-att-438829 noopener\" target=\"_blank\"><img loading=\"lazy\" decoding=\"async\" class=\"alignnone size-full wp-image-438829\" src=\"https:\/\/www.radioslatina.hr\/wp-content\/uploads\/2026\/04\/11.-obrtnicki-sajam-plakat.jpg\" alt=\"\" width=\"1131\" height=\"1600\" \/><\/a><\/p>\n","protected":false},"excerpt":{"rendered":"<p>U Slatini \u0107e se u nedjelju, 3. svibnja 2026. godine, odr\u017eati 11. Slatinski obrtni\u010dki sajam pod krilaticom \u201eTradicija i obrtni\u0161tvo\u201c. Manifestacija \u0107e se odvijati u<span class=\"excerpt-hellip\"> [\u2026]<\/span><\/p>\n","protected":false},"author":5,"featured_media":126330,"comment_status":"closed","ping_status":"closed","sticky":false,"template":"","format":"standard","meta":{"ngg_post_thumbnail":0,"footnotes":""},"categories":[136,137],"tags":[],"class_list":["post-126329","post","type-post","status-publish","format-standard","has-post-thumbnail","hentry","category-grad-slatina","category-naslovnica"],"_links":{"self":[{"href":"https:\/\/www.slatina.hr\/portal\/wp-json\/wp\/v2\/posts\/126329","targetHints":{"allow":["GET"]}}],"collection":[{"href":"https:\/\/www.slatina.hr\/portal\/wp-json\/wp\/v2\/posts"}],"about":[{"href":"https:\/\/www.slatina.hr\/portal\/wp-json\/wp\/v2\/types\/post"}],"author":[{"embeddable":true,"href":"https:\/\/www.slatina.hr\/portal\/wp-json\/wp\/v2\/users\/5"}],"replies":[{"embeddable":true,"href":"https:\/\/www.slatina.hr\/portal\/wp-json\/wp\/v2\/comments?post=126329"}],"version-history":[{"count":1,"href":"https:\/\/www.slatina.hr\/portal\/wp-json\/wp\/v2\/posts\/126329\/revisions"}],"predecessor-version":[{"id":126331,"href":"https:\/\/www.slatina.hr\/portal\/wp-json\/wp\/v2\/posts\/126329\/revisions\/126331"}],"wp:featuredmedia":[{"embeddable":true,"href":"https:\/\/www.slatina.hr\/portal\/wp-json\/wp\/v2\/media\/126330"}],"wp:attachment":[{"href":"https:\/\/www.slatina.hr\/portal\/wp-json\/wp\/v2\/media?parent=126329"}],"wp:term":[{"taxonomy":"category","embeddable":true,"href":"https:\/\/www.slatina.hr\/portal\/wp-json\/wp\/v2\/categories?post=126329"},{"taxonomy":"post_tag","embeddable":true,"href":"https:\/\/www.slatina.hr\/portal\/wp-json\/wp\/v2\/tags?post=126329"}],"curies":[{"name":"wp","href":"https:\/\/api.w.org\/{rel}","templated":true}]}}