{"id":126319,"date":"2026-04-27T17:41:09","date_gmt":"2026-04-27T15:41:09","guid":{"rendered":"https:\/\/www.slatina.hr\/portal\/?p=126319"},"modified":"2026-04-27T17:43:58","modified_gmt":"2026-04-27T15:43:58","slug":"gradonacelnik-grada-slatine-primio-clanove-streljackog-kluba-miholjac","status":"publish","type":"post","link":"https:\/\/www.slatina.hr\/portal\/gradonacelnik-grada-slatine-primio-clanove-streljackog-kluba-miholjac\/","title":{"rendered":"Gradona\u010delnik Grada Slatine primio \u010dlanove Strelja\u010dkog kluba Miholjac"},"content":{"rendered":"<p>Povodom uspjeha Strelja\u010dkog kluba Miholjac iz Gornjeg Miholjca ostvarenih na Prvenstvu Hrvatske za kadete i mla\u0111e kadete odr\u017eanom u Dubrovniku, gradona\u010delnik Grada Slatine Tomo Tomi\u0107 primio je \u010dlanove Kluba na \u010delu s Josipom Kova\u010di\u0107em.<\/p>\n<p>U kategoriji zra\u010dni pi\u0161tolj Marko \u0160antak bio je 7., dok je Tomislav Miljkovi\u0107 bio 9. Rezultati su to kojima SK Miholjac iz godine u godinu pokazuje va\u017enost rada s mladima koji se uspijevaju plasirati na dr\u017eavnu razinu i tamo konkurirati najboljima u Hrvatskoj.<\/p>\n<p>Gradona\u010delnik je pohvalio rad Kluba istaknuv\u0161i va\u017enost kontinuiranog rada, uklju\u010divanje mladih te suradnju s Gradom na projektima koji doprinose zajednici.<br \/>\nPrijemu su nazo\u010dili i pro\u010delnik Upravnog odjela za komunalne djelatnosti, prostorno ure\u0111enje i graditeljstvo Mile Pokop\u010di\u0107 i pro\u010delnik-tajnik Ureda gradona\u010delnika Kre\u0161imir \u0160timac.<\/p>\n<p><a href=\"https:\/\/www.radioslatina.hr\/gradonacelnik-grada-slatine-primio-clanove-streljackog-kluba-miholjac\/1-240\/\" rel=\"attachment wp-att-438869 noopener\" target=\"_blank\"><img loading=\"lazy\" decoding=\"async\" class=\"alignnone size-full wp-image-438869\" src=\"https:\/\/www.radioslatina.hr\/wp-content\/uploads\/2026\/04\/1-4.jpg\" alt=\"\" width=\"1016\" height=\"399\" \/><\/a><\/p>\n<p>(www.radioslatina.hr)<\/p>\n\n\t\t\t<style type='text\/css'>\n\t\t\t\t#sc_gallery-1 {\n\t\t\t\t\tmargin: auto;\n\t\t\t\t}\n\t\t\t\t#sc_gallery-1 .gallery-item {\n\t\t\t\t\tfloat: left;\n\t\t\t\t\ttext-align: center;\n\t\t\t\t\twidth: 24.99%;\n\t\t\t\t}\n\t\t\t\t#sc_gallery-1 img {\n\t\t\t\t\tborder: 2px solid #cfcfcf;\n\t\t\t\t}\n\t\t\t\t\/* see sc_gallery() in functions\/theme-shortcodes.php *\/\n\t\t\t<\/style>\n\t\t<div id='sc_gallery-1' class='gallery galleryid-126319 gallery-columns-4 gallery-size-thumbnail file element_classes gallery-default'><dl class='gallery-item'  data-title='20260427_133939_1024x768' data-description=''><div class='gallery-item-wrapper'>\n\t\t\t\t<dt class='gallery-icon landscape'>\n\t\t\t\t\t<a href=\"https:\/\/www.slatina.hr\/portal\/wp-content\/uploads\/2026\/04\/20260427_133939_1024x768.jpg\"><img loading=\"lazy\" decoding=\"async\" width=\"190\" height=\"130\" src=\"https:\/\/www.slatina.hr\/portal\/wp-content\/uploads\/2026\/04\/20260427_133939_1024x768-190x130.jpg\" class=\"attachment-thumbnail size-thumbnail\" alt=\"\" \/><\/a>\n\t\t\t\t<\/dt><\/div><\/dl><dl class='gallery-item'  data-title='20260427_133943_1024x768' data-description=''><div class='gallery-item-wrapper'>\n\t\t\t\t<dt class='gallery-icon landscape'>\n\t\t\t\t\t<a href=\"https:\/\/www.slatina.hr\/portal\/wp-content\/uploads\/2026\/04\/20260427_133943_1024x768.jpg\"><img loading=\"lazy\" decoding=\"async\" width=\"190\" height=\"130\" src=\"https:\/\/www.slatina.hr\/portal\/wp-content\/uploads\/2026\/04\/20260427_133943_1024x768-190x130.jpg\" class=\"attachment-thumbnail size-thumbnail\" alt=\"\" \/><\/a>\n\t\t\t\t<\/dt><\/div><\/dl><dl class='gallery-item'  data-title='IMG-399c49678a292d5f34fca92a6bfce6ca-V_1024x768' data-description=''><div class='gallery-item-wrapper'>\n\t\t\t\t<dt class='gallery-icon landscape'>\n\t\t\t\t\t<a href=\"https:\/\/www.slatina.hr\/portal\/wp-content\/uploads\/2026\/04\/IMG-399c49678a292d5f34fca92a6bfce6ca-V_1024x768.jpg\"><img loading=\"lazy\" decoding=\"async\" width=\"190\" height=\"130\" src=\"https:\/\/www.slatina.hr\/portal\/wp-content\/uploads\/2026\/04\/IMG-399c49678a292d5f34fca92a6bfce6ca-V_1024x768-190x130.jpg\" class=\"attachment-thumbnail size-thumbnail\" alt=\"\" \/><\/a>\n\t\t\t\t<\/dt><\/div><\/dl><dl class='gallery-item'  data-title='IMG-a3ea33d74e986360b97e0de1d907ecda-V_1024x768' data-description=''><div class='gallery-item-wrapper'>\n\t\t\t\t<dt class='gallery-icon landscape'>\n\t\t\t\t\t<a href=\"https:\/\/www.slatina.hr\/portal\/wp-content\/uploads\/2026\/04\/IMG-a3ea33d74e986360b97e0de1d907ecda-V_1024x768.jpg\"><img loading=\"lazy\" decoding=\"async\" width=\"190\" height=\"130\" src=\"https:\/\/www.slatina.hr\/portal\/wp-content\/uploads\/2026\/04\/IMG-a3ea33d74e986360b97e0de1d907ecda-V_1024x768-190x130.jpg\" class=\"attachment-thumbnail size-thumbnail\" alt=\"\" \/><\/a>\n\t\t\t\t<\/dt><\/div><\/dl><br style=\"clear: both\" \/><dl class='gallery-item'  data-title='IMG-d027aa73a4dc4a3e44f303e245320d31-V_1024x768' data-description=''><div class='gallery-item-wrapper'>\n\t\t\t\t<dt class='gallery-icon landscape'>\n\t\t\t\t\t<a href=\"https:\/\/www.slatina.hr\/portal\/wp-content\/uploads\/2026\/04\/IMG-d027aa73a4dc4a3e44f303e245320d31-V_1024x768.jpg\"><img loading=\"lazy\" decoding=\"async\" width=\"190\" height=\"130\" src=\"https:\/\/www.slatina.hr\/portal\/wp-content\/uploads\/2026\/04\/IMG-d027aa73a4dc4a3e44f303e245320d31-V_1024x768-190x130.jpg\" class=\"attachment-thumbnail size-thumbnail\" alt=\"\" \/><\/a>\n\t\t\t\t<\/dt><\/div><\/dl>\n\t\t\t\t<br style='clear: both' \/>\n\t\t\t<\/div>\n\n","protected":false},"excerpt":{"rendered":"<p>Povodom uspjeha Strelja\u010dkog kluba Miholjac iz Gornjeg Miholjca ostvarenih na Prvenstvu Hrvatske za kadete i mla\u0111e kadete odr\u017eanom u Dubrovniku, gradona\u010delnik Grada Slatine Tomo Tomi\u0107<span class=\"excerpt-hellip\"> [\u2026]<\/span><\/p>\n","protected":false},"author":5,"featured_media":126325,"comment_status":"closed","ping_status":"closed","sticky":false,"template":"","format":"standard","meta":{"ngg_post_thumbnail":0,"footnotes":""},"categories":[136,137],"tags":[],"class_list":["post-126319","post","type-post","status-publish","format-standard","has-post-thumbnail","hentry","category-grad-slatina","category-naslovnica"],"_links":{"self":[{"href":"https:\/\/www.slatina.hr\/portal\/wp-json\/wp\/v2\/posts\/126319","targetHints":{"allow":["GET"]}}],"collection":[{"href":"https:\/\/www.slatina.hr\/portal\/wp-json\/wp\/v2\/posts"}],"about":[{"href":"https:\/\/www.slatina.hr\/portal\/wp-json\/wp\/v2\/types\/post"}],"author":[{"embeddable":true,"href":"https:\/\/www.slatina.hr\/portal\/wp-json\/wp\/v2\/users\/5"}],"replies":[{"embeddable":true,"href":"https:\/\/www.slatina.hr\/portal\/wp-json\/wp\/v2\/comments?post=126319"}],"version-history":[{"count":3,"href":"https:\/\/www.slatina.hr\/portal\/wp-json\/wp\/v2\/posts\/126319\/revisions"}],"predecessor-version":[{"id":126328,"href":"https:\/\/www.slatina.hr\/portal\/wp-json\/wp\/v2\/posts\/126319\/revisions\/126328"}],"wp:featuredmedia":[{"embeddable":true,"href":"https:\/\/www.slatina.hr\/portal\/wp-json\/wp\/v2\/media\/126325"}],"wp:attachment":[{"href":"https:\/\/www.slatina.hr\/portal\/wp-json\/wp\/v2\/media?parent=126319"}],"wp:term":[{"taxonomy":"category","embeddable":true,"href":"https:\/\/www.slatina.hr\/portal\/wp-json\/wp\/v2\/categories?post=126319"},{"taxonomy":"post_tag","embeddable":true,"href":"https:\/\/www.slatina.hr\/portal\/wp-json\/wp\/v2\/tags?post=126319"}],"curies":[{"name":"wp","href":"https:\/\/api.w.org\/{rel}","templated":true}]}}