{"id":125911,"date":"2026-03-13T15:11:02","date_gmt":"2026-03-13T14:11:02","guid":{"rendered":"https:\/\/www.slatina.hr\/portal\/?p=125911"},"modified":"2026-03-13T15:11:02","modified_gmt":"2026-03-13T14:11:02","slug":"u-slatinskoj-gradskoj-upravi-potpisani-sporazumi-izmedu-slatinskih-institucija-i-udruga-u-kulturi-te-osjeckog-fakulteta-za-odgojne-i-obrazovne-znanosti","status":"publish","type":"post","link":"https:\/\/www.slatina.hr\/portal\/u-slatinskoj-gradskoj-upravi-potpisani-sporazumi-izmedu-slatinskih-institucija-i-udruga-u-kulturi-te-osjeckog-fakulteta-za-odgojne-i-obrazovne-znanosti\/","title":{"rendered":"U slatinskoj Gradskoj upravi potpisani sporazumi izme\u0111u slatinskih institucija i udruga u kulturi te osje\u010dkog Fakulteta za odgojne i obrazovne znanosti"},"content":{"rendered":"<p>U Gradskoj upravi Grada Slatine danas (petak) je odr\u017ean sastanak na kojemu su potpisani sporazumi o suradnji izme\u0111u slatinskih institucija i udruga u kulturi, te Sveu\u010dili\u0161ta Josipa Jurja Strossmayera, Fakulteta za odgojne i obrazovne znanosti u Osijeku. Sporazumi predstavljaju va\u017ean korak u ja\u010danju suradnje lokalne zajednice i visokog obrazovanja.<\/p>\n<p>Sastanku su nazo\u010dili gradona\u010delnik Grada Slatine Tomo Tomi\u0107, dekanica Sveu\u010dili\u0161ta Josipa Jurja Strossmayera, Fakulteta za odgojne i obrazovne znanosti u Osijeku Emina Berbi\u0107 Kolar, ravnateljica Pu\u010dkog otvorenog u\u010dili\u0161ta Slatina Danijela Fabric Fabijanac, ravnateljica Gradske knji\u017enice Viktora \u017dmega\u010da Slatina Sanja Pajni\u0107 i predsjednica Udruge osoba s intelektualnim te\u0161ko\u0107ama Vretenac Slatina Patricija Karaman.<\/p>\n<p>Potpisivanjem sporazuma formalizira se dosada\u0161nja suradnja i stvaraju temelji za njezino daljnje razvijanje kroz zajedni\u010dke programe, projekte i stru\u010dne aktivnosti. Sporazum predvi\u0111a uzajamno pru\u017eanje stru\u010dnih i organizacijskih usluga, organiziranje seminara, radionica i konferencija, suradnju na projektima financiranim iz fondova Europske unije te zajedni\u010dki rad na podizanju kvalitete studijskih programa i stru\u010dnom osposobljavanju studenata.<\/p>\n<p><a href=\"https:\/\/www.radioslatina.hr\/?attachment_id=432250\" rel=\"attachment wp-att-432250 noopener\" target=\"_blank\"><img loading=\"lazy\" decoding=\"async\" class=\"wp-image-432250 alignleft\" src=\"https:\/\/www.radioslatina.hr\/wp-content\/uploads\/2026\/03\/IMG_4568_1024x683.jpg\" alt=\"\" width=\"300\" height=\"200\" \/><\/a>Dekanica Emina Berbi\u0107 Kolar naglasila je kako je formaliziranje suradnje s lokalnim institucijama nu\u017eno za kvalitetno izvo\u0111enje studijskog programa ranog i pred\u0161kolskog odgoja i obrazovanja koji se provodi u Slatini.<\/p>\n<p>\u2013 Institucije i udruge u kulturi grada Slatine, Pu\u010dko u\u010dili\u0161te, Gradska knji\u017enica i Udruga Vretenac s nama sura\u0111uju ve\u0107 od po\u010detka suradnje s Gradom Slatinom, ali ta suradnja dosad nije bila formalizirana. Nu\u017eno je da u gradu u kojem izvodimo studijski program imamo potpisane sporazume s institucijama koje daju podr\u0161ku njegovu izvo\u0111enju, \u2013 istaknula je prof. dr. sc. Emina Berbi\u0107 Kolar.<\/p>\n<p>Dodala je kako fakultet na jesen o\u010dekuje postupak reakreditacije te je va\u017eno pokazati sna\u017enu povezanost s lokalnom zajednicom.<\/p>\n<p>\u2013 U jesen nas o\u010dekuje reakreditacija, a dio tog postupka provodit \u0107e se i u Slatini. Zbog toga moramo imati formalizirane sporazume s institucijama koje podr\u017eavaju studij. Ako ne postoji jaka suradnja i podr\u0161ka lokalne zajednice, postoji i mogu\u0107nost zabrane izvo\u0111enja studijskog programa, \u0161to je najozbiljniji proces u visokom obrazovanju, \u2013 pojasnila je dekanica.<\/p>\n<p>Govore\u0107i o konkretnoj ulozi pojedinih institucija, naglasila je kako su one va\u017ena podr\u0161ka nastavi i stru\u010dnom radu.<\/p>\n<p>\u2013 U Pu\u010dkom u\u010dili\u0161tu smo ve\u0107 odr\u017eavali dio nastave, posebno sadr\u017eaje vezane uz dramsku umjetnost i lutkarstvo. Gradska knji\u017enica je tako\u0111er klju\u010dna jer u Slatini nemamo vlastitu knji\u017enicu fakulteta, a bez knji\u017enice se studijski program ne mo\u017ee kvalitetno izvoditi. Udruge su jednako va\u017ene jer civilni sektor uvijek daje sna\u017enu potporu obrazovnim programima, dok s Dje\u010djim vrti\u0107em Zeko od prije imamo potpisan sporazum o suradnji kroz vje\u017ebaonicu, \u2013 rekla je Berbi\u0107 Kolar.<\/p>\n<p>Podsjetila je i kako je studij ranog i pred\u0161kolskog odgoja i obrazovanja i dalje jedan od najtra\u017eenijih u Hrvatskoj.<\/p>\n<p>\u2013 Odgojitelji su i dalje me\u0111u najtra\u017eenijim zanimanjima u Republici Hrvatskoj. Unato\u010d pove\u0107anju kvota i broja studijskih mjesta, nedostatak stru\u010dnog kadra u vrti\u0107ima i dalje je velik i trebat \u0107e jo\u0161 nekoliko godina da se postigne ravnote\u017ea, \u2013 zaklju\u010dila je dekanica Berbi\u0107 Kolar.<\/p>\n<p><a href=\"https:\/\/www.radioslatina.hr\/?attachment_id=432251\" rel=\"attachment wp-att-432251 noopener\" target=\"_blank\"><img loading=\"lazy\" decoding=\"async\" class=\"wp-image-432251 alignright\" src=\"https:\/\/www.radioslatina.hr\/wp-content\/uploads\/2026\/03\/IMG_4570_1024x683.jpg\" alt=\"\" width=\"300\" height=\"200\" \/><\/a>Podr\u0161ku suradnji izrazio je i gradona\u010delnik Slatine Tomo Tomi\u0107.<\/p>\n<p>\u2013 Meni je izrazita \u010dast i zadovoljstvo \u0161to Grad Slatina i institucije u vlasni\u0161tvu Grada mogu sudjelovati i pomo\u0107i radu stru\u010dnog studija ranog i pred\u0161kolskog odgoja koji se odvija ovdje u Slatini. Grad Slatina \u0107e i dalje biti na raspolaganju kako bi taj studij ostao u na\u0161em gradu i kako bismo stvorili sve potrebne uvjete za njegov daljnji razvoj, \u2013 rekao je gradona\u010delnik Tomi\u0107, te dodao kako se dana\u0161njim potpisivanjem sporazuma dodatno u\u010dvr\u0161\u0107uje suradnja izme\u0111u akademske zajednice i lokalnih institucija, \u010dime Slatina nastavlja razvijati obrazovne i kulturne programe te stvarati bolje uvjete za obrazovanje budu\u0107ih odgojitelja.<\/p>\n<p>(www.radioslatina.hr)<\/p>\n\n\t\t\t<style type='text\/css'>\n\t\t\t\t#sc_gallery-1 {\n\t\t\t\t\tmargin: auto;\n\t\t\t\t}\n\t\t\t\t#sc_gallery-1 .gallery-item {\n\t\t\t\t\tfloat: left;\n\t\t\t\t\ttext-align: center;\n\t\t\t\t\twidth: 24.99%;\n\t\t\t\t}\n\t\t\t\t#sc_gallery-1 img {\n\t\t\t\t\tborder: 2px solid #cfcfcf;\n\t\t\t\t}\n\t\t\t\t\/* see sc_gallery() in functions\/theme-shortcodes.php *\/\n\t\t\t<\/style>\n\t\t<div id='sc_gallery-1' class='gallery galleryid-125911 gallery-columns-4 gallery-size-thumbnail file element_classes gallery-default'><dl class='gallery-item'  data-title='IMG_4554_1024x683' data-description=''><div class='gallery-item-wrapper'>\n\t\t\t\t<dt class='gallery-icon landscape'>\n\t\t\t\t\t<a href=\"https:\/\/www.slatina.hr\/portal\/wp-content\/uploads\/2026\/03\/IMG_4554_1024x683.jpg\"><img loading=\"lazy\" decoding=\"async\" width=\"190\" height=\"130\" src=\"https:\/\/www.slatina.hr\/portal\/wp-content\/uploads\/2026\/03\/IMG_4554_1024x683-190x130.jpg\" class=\"attachment-thumbnail size-thumbnail\" alt=\"\" \/><\/a>\n\t\t\t\t<\/dt><\/div><\/dl><dl class='gallery-item'  data-title='IMG_4559_1024x683' data-description=''><div class='gallery-item-wrapper'>\n\t\t\t\t<dt class='gallery-icon landscape'>\n\t\t\t\t\t<a href=\"https:\/\/www.slatina.hr\/portal\/wp-content\/uploads\/2026\/03\/IMG_4559_1024x683.jpg\"><img loading=\"lazy\" decoding=\"async\" width=\"190\" height=\"130\" src=\"https:\/\/www.slatina.hr\/portal\/wp-content\/uploads\/2026\/03\/IMG_4559_1024x683-190x130.jpg\" class=\"attachment-thumbnail size-thumbnail\" alt=\"\" \/><\/a>\n\t\t\t\t<\/dt><\/div><\/dl><dl class='gallery-item'  data-title='IMG_4565_1024x683' data-description=''><div class='gallery-item-wrapper'>\n\t\t\t\t<dt class='gallery-icon landscape'>\n\t\t\t\t\t<a href=\"https:\/\/www.slatina.hr\/portal\/wp-content\/uploads\/2026\/03\/IMG_4565_1024x683.jpg\"><img loading=\"lazy\" decoding=\"async\" width=\"190\" height=\"130\" src=\"https:\/\/www.slatina.hr\/portal\/wp-content\/uploads\/2026\/03\/IMG_4565_1024x683-190x130.jpg\" class=\"attachment-thumbnail size-thumbnail\" alt=\"\" \/><\/a>\n\t\t\t\t<\/dt><\/div><\/dl><dl class='gallery-item'  data-title='IMG_4571_1024x683' data-description=''><div class='gallery-item-wrapper'>\n\t\t\t\t<dt class='gallery-icon landscape'>\n\t\t\t\t\t<a href=\"https:\/\/www.slatina.hr\/portal\/wp-content\/uploads\/2026\/03\/IMG_4571_1024x683.jpg\"><img loading=\"lazy\" decoding=\"async\" width=\"190\" height=\"130\" src=\"https:\/\/www.slatina.hr\/portal\/wp-content\/uploads\/2026\/03\/IMG_4571_1024x683-190x130.jpg\" class=\"attachment-thumbnail size-thumbnail\" alt=\"\" \/><\/a>\n\t\t\t\t<\/dt><\/div><\/dl><br style=\"clear: both\" \/><dl class='gallery-item'  data-title='IMG_4577_1024x683' data-description=''><div class='gallery-item-wrapper'>\n\t\t\t\t<dt class='gallery-icon landscape'>\n\t\t\t\t\t<a href=\"https:\/\/www.slatina.hr\/portal\/wp-content\/uploads\/2026\/03\/IMG_4577_1024x683.jpg\"><img loading=\"lazy\" decoding=\"async\" width=\"190\" height=\"130\" src=\"https:\/\/www.slatina.hr\/portal\/wp-content\/uploads\/2026\/03\/IMG_4577_1024x683-190x130.jpg\" class=\"attachment-thumbnail size-thumbnail\" alt=\"\" \/><\/a>\n\t\t\t\t<\/dt><\/div><\/dl><dl class='gallery-item'  data-title='IMG_4585_1024x683' data-description=''><div class='gallery-item-wrapper'>\n\t\t\t\t<dt class='gallery-icon landscape'>\n\t\t\t\t\t<a href=\"https:\/\/www.slatina.hr\/portal\/wp-content\/uploads\/2026\/03\/IMG_4585_1024x683.jpg\"><img loading=\"lazy\" decoding=\"async\" width=\"190\" height=\"130\" src=\"https:\/\/www.slatina.hr\/portal\/wp-content\/uploads\/2026\/03\/IMG_4585_1024x683-190x130.jpg\" class=\"attachment-thumbnail size-thumbnail\" alt=\"\" \/><\/a>\n\t\t\t\t<\/dt><\/div><\/dl><dl class='gallery-item'  data-title='IMG_4599_1024x683' data-description=''><div class='gallery-item-wrapper'>\n\t\t\t\t<dt class='gallery-icon landscape'>\n\t\t\t\t\t<a href=\"https:\/\/www.slatina.hr\/portal\/wp-content\/uploads\/2026\/03\/IMG_4599_1024x683.jpg\"><img loading=\"lazy\" decoding=\"async\" width=\"190\" height=\"130\" src=\"https:\/\/www.slatina.hr\/portal\/wp-content\/uploads\/2026\/03\/IMG_4599_1024x683-190x130.jpg\" class=\"attachment-thumbnail size-thumbnail\" alt=\"\" \/><\/a>\n\t\t\t\t<\/dt><\/div><\/dl><dl class='gallery-item'  data-title='IMG_4606_1024x683' data-description=''><div class='gallery-item-wrapper'>\n\t\t\t\t<dt class='gallery-icon landscape'>\n\t\t\t\t\t<a href=\"https:\/\/www.slatina.hr\/portal\/wp-content\/uploads\/2026\/03\/IMG_4606_1024x683.jpg\"><img loading=\"lazy\" decoding=\"async\" width=\"190\" height=\"130\" src=\"https:\/\/www.slatina.hr\/portal\/wp-content\/uploads\/2026\/03\/IMG_4606_1024x683-190x130.jpg\" class=\"attachment-thumbnail size-thumbnail\" alt=\"\" \/><\/a>\n\t\t\t\t<\/dt><\/div><\/dl><br style=\"clear: both\" \/><dl class='gallery-item'  data-title='IMG_4611_1024x683' data-description=''><div class='gallery-item-wrapper'>\n\t\t\t\t<dt class='gallery-icon landscape'>\n\t\t\t\t\t<a href=\"https:\/\/www.slatina.hr\/portal\/wp-content\/uploads\/2026\/03\/IMG_4611_1024x683.jpg\"><img loading=\"lazy\" decoding=\"async\" width=\"190\" height=\"130\" src=\"https:\/\/www.slatina.hr\/portal\/wp-content\/uploads\/2026\/03\/IMG_4611_1024x683-190x130.jpg\" class=\"attachment-thumbnail size-thumbnail\" alt=\"\" \/><\/a>\n\t\t\t\t<\/dt><\/div><\/dl><dl class='gallery-item'  data-title='IMG_4630_1024x683' data-description=''><div class='gallery-item-wrapper'>\n\t\t\t\t<dt class='gallery-icon landscape'>\n\t\t\t\t\t<a href=\"https:\/\/www.slatina.hr\/portal\/wp-content\/uploads\/2026\/03\/IMG_4630_1024x683.jpg\"><img loading=\"lazy\" decoding=\"async\" width=\"190\" height=\"130\" src=\"https:\/\/www.slatina.hr\/portal\/wp-content\/uploads\/2026\/03\/IMG_4630_1024x683-190x130.jpg\" class=\"attachment-thumbnail size-thumbnail\" alt=\"\" \/><\/a>\n\t\t\t\t<\/dt><\/div><\/dl><dl class='gallery-item'  data-title='IMG_4635_1024x683' data-description=''><div class='gallery-item-wrapper'>\n\t\t\t\t<dt class='gallery-icon landscape'>\n\t\t\t\t\t<a href=\"https:\/\/www.slatina.hr\/portal\/wp-content\/uploads\/2026\/03\/IMG_4635_1024x683.jpg\"><img loading=\"lazy\" decoding=\"async\" width=\"190\" height=\"130\" src=\"https:\/\/www.slatina.hr\/portal\/wp-content\/uploads\/2026\/03\/IMG_4635_1024x683-190x130.jpg\" class=\"attachment-thumbnail size-thumbnail\" alt=\"\" \/><\/a>\n\t\t\t\t<\/dt><\/div><\/dl><dl class='gallery-item'  data-title='IMG_4640_1024x683' data-description=''><div class='gallery-item-wrapper'>\n\t\t\t\t<dt class='gallery-icon landscape'>\n\t\t\t\t\t<a href=\"https:\/\/www.slatina.hr\/portal\/wp-content\/uploads\/2026\/03\/IMG_4640_1024x683.jpg\"><img loading=\"lazy\" decoding=\"async\" width=\"190\" height=\"130\" src=\"https:\/\/www.slatina.hr\/portal\/wp-content\/uploads\/2026\/03\/IMG_4640_1024x683-190x130.jpg\" class=\"attachment-thumbnail size-thumbnail\" alt=\"\" \/><\/a>\n\t\t\t\t<\/dt><\/div><\/dl><br style=\"clear: both\" \/><dl class='gallery-item'  data-title='IMG_4646_1024x683' data-description=''><div class='gallery-item-wrapper'>\n\t\t\t\t<dt class='gallery-icon landscape'>\n\t\t\t\t\t<a href=\"https:\/\/www.slatina.hr\/portal\/wp-content\/uploads\/2026\/03\/IMG_4646_1024x683.jpg\"><img loading=\"lazy\" decoding=\"async\" width=\"190\" height=\"130\" src=\"https:\/\/www.slatina.hr\/portal\/wp-content\/uploads\/2026\/03\/IMG_4646_1024x683-190x130.jpg\" class=\"attachment-thumbnail size-thumbnail\" alt=\"\" \/><\/a>\n\t\t\t\t<\/dt><\/div><\/dl>\n\t\t\t\t<br style='clear: both' \/>\n\t\t\t<\/div>\n\n","protected":false},"excerpt":{"rendered":"<p>U Gradskoj upravi Grada Slatine danas (petak) je odr\u017ean sastanak na kojemu su potpisani sporazumi o suradnji izme\u0111u slatinskih institucija i udruga u kulturi, te<span class=\"excerpt-hellip\"> [\u2026]<\/span><\/p>\n","protected":false},"author":5,"featured_media":125925,"comment_status":"closed","ping_status":"closed","sticky":false,"template":"","format":"standard","meta":{"ngg_post_thumbnail":0,"footnotes":""},"categories":[136,137],"tags":[],"class_list":["post-125911","post","type-post","status-publish","format-standard","has-post-thumbnail","hentry","category-grad-slatina","category-naslovnica"],"_links":{"self":[{"href":"https:\/\/www.slatina.hr\/portal\/wp-json\/wp\/v2\/posts\/125911","targetHints":{"allow":["GET"]}}],"collection":[{"href":"https:\/\/www.slatina.hr\/portal\/wp-json\/wp\/v2\/posts"}],"about":[{"href":"https:\/\/www.slatina.hr\/portal\/wp-json\/wp\/v2\/types\/post"}],"author":[{"embeddable":true,"href":"https:\/\/www.slatina.hr\/portal\/wp-json\/wp\/v2\/users\/5"}],"replies":[{"embeddable":true,"href":"https:\/\/www.slatina.hr\/portal\/wp-json\/wp\/v2\/comments?post=125911"}],"version-history":[{"count":1,"href":"https:\/\/www.slatina.hr\/portal\/wp-json\/wp\/v2\/posts\/125911\/revisions"}],"predecessor-version":[{"id":125926,"href":"https:\/\/www.slatina.hr\/portal\/wp-json\/wp\/v2\/posts\/125911\/revisions\/125926"}],"wp:featuredmedia":[{"embeddable":true,"href":"https:\/\/www.slatina.hr\/portal\/wp-json\/wp\/v2\/media\/125925"}],"wp:attachment":[{"href":"https:\/\/www.slatina.hr\/portal\/wp-json\/wp\/v2\/media?parent=125911"}],"wp:term":[{"taxonomy":"category","embeddable":true,"href":"https:\/\/www.slatina.hr\/portal\/wp-json\/wp\/v2\/categories?post=125911"},{"taxonomy":"post_tag","embeddable":true,"href":"https:\/\/www.slatina.hr\/portal\/wp-json\/wp\/v2\/tags?post=125911"}],"curies":[{"name":"wp","href":"https:\/\/api.w.org\/{rel}","templated":true}]}}