{"id":125890,"date":"2026-03-12T09:21:56","date_gmt":"2026-03-12T08:21:56","guid":{"rendered":"https:\/\/www.slatina.hr\/portal\/?p=125890"},"modified":"2026-03-12T09:21:56","modified_gmt":"2026-03-12T08:21:56","slug":"grad-slatina-isplata-uskrsnica-umirovljenicima-s-najnizim-mirovinama-i-korisnicima-nacionalne-naknade-za-starije-osobe-s-podrucja-grada-slatine-18-i-19-ozujka","status":"publish","type":"post","link":"https:\/\/www.slatina.hr\/portal\/grad-slatina-isplata-uskrsnica-umirovljenicima-s-najnizim-mirovinama-i-korisnicima-nacionalne-naknade-za-starije-osobe-s-podrucja-grada-slatine-18-i-19-ozujka\/","title":{"rendered":"GRAD SLATINA: Isplata uskrsnica umirovljenicima s najni\u017eim mirovinama i korisnicima nacionalne naknade za starije osobe s podru\u010dja grada Slatine 18. i 19. o\u017eujka"},"content":{"rendered":"<p>Grad Slatina \u0107e u povodu uskr\u0161njih blagdana umirovljenicima sa slatinskog podru\u010dja koji primaju tuzemnu i\/ili inozemnu mirovinu u ukupnom iznosu do 450,00 eura, kao i korisnicima nacionalne naknade za starije osobe isplatiti jednokratni iznos, odnosno uskrsnicu od 50,00 eura, a prema popisu iz evidencije Hrvatskog zavoda za mirovinsko osiguranje.<\/p>\n<p>Uskrsnica se mo\u017ee podi\u0107i osobno 18. i 19. o\u017eujka u predvorju Hrvatskog doma u Slatini.<\/p>\n<p>RASPORED PODJELE:<\/p>\n<p><strong>U srijedu, 18. o\u017eujka prezimena s po\u010detnim slovom od A \u2013 LJ<\/strong>\u00a0u vremenu od 9,00 do 14 sati.<\/p>\n<p><strong>U \u010detvrtak, 19. o\u017eujka prezimena s po\u010detnim slovom od M \u2013 \u017d<\/strong>\u00a0u vremenu od 8,00 do 12,00 sati.<\/p>\n<p>Prilikom isplate potrebno je predo\u010diti osobnu iskaznicu.<\/p>\n<p>Umirovljenici koji primaju i\/ili inozemne mirovine a ostvaruju pravo na isplatu trebaju uz presliku osobne iskaznice predo\u010diti i dokaz o visini mirovine iz kojeg je jasno vidljiv zadnji iznos mirovinskog primanja.<\/p>\n<p>U slu\u010daju sprije\u010denosti uskrsnicu mo\u017ee preuzeti i druga osoba koja mora predo\u010diti svoju osobnu iskaznicu te osobnu iskaznicu i dokumentaciju za umirovljenike za koje \u017eeli preuzeti uskrsnicu.<\/p>\n<p>Krajnji rok za podizanje uskrsnice je do 27. o\u017eujka na blagajni Grada Slatine.<\/p>\n<p>(www.radioslatina.hr)<\/p>\n","protected":false},"excerpt":{"rendered":"<p>Grad Slatina \u0107e u povodu uskr\u0161njih blagdana umirovljenicima sa slatinskog podru\u010dja koji primaju tuzemnu i\/ili inozemnu mirovinu u ukupnom iznosu do 450,00 eura, kao i<span class=\"excerpt-hellip\"> [\u2026]<\/span><\/p>\n","protected":false},"author":5,"featured_media":125891,"comment_status":"closed","ping_status":"closed","sticky":false,"template":"","format":"standard","meta":{"ngg_post_thumbnail":0,"footnotes":""},"categories":[136,137],"tags":[],"class_list":["post-125890","post","type-post","status-publish","format-standard","has-post-thumbnail","hentry","category-grad-slatina","category-naslovnica"],"_links":{"self":[{"href":"https:\/\/www.slatina.hr\/portal\/wp-json\/wp\/v2\/posts\/125890","targetHints":{"allow":["GET"]}}],"collection":[{"href":"https:\/\/www.slatina.hr\/portal\/wp-json\/wp\/v2\/posts"}],"about":[{"href":"https:\/\/www.slatina.hr\/portal\/wp-json\/wp\/v2\/types\/post"}],"author":[{"embeddable":true,"href":"https:\/\/www.slatina.hr\/portal\/wp-json\/wp\/v2\/users\/5"}],"replies":[{"embeddable":true,"href":"https:\/\/www.slatina.hr\/portal\/wp-json\/wp\/v2\/comments?post=125890"}],"version-history":[{"count":1,"href":"https:\/\/www.slatina.hr\/portal\/wp-json\/wp\/v2\/posts\/125890\/revisions"}],"predecessor-version":[{"id":125892,"href":"https:\/\/www.slatina.hr\/portal\/wp-json\/wp\/v2\/posts\/125890\/revisions\/125892"}],"wp:featuredmedia":[{"embeddable":true,"href":"https:\/\/www.slatina.hr\/portal\/wp-json\/wp\/v2\/media\/125891"}],"wp:attachment":[{"href":"https:\/\/www.slatina.hr\/portal\/wp-json\/wp\/v2\/media?parent=125890"}],"wp:term":[{"taxonomy":"category","embeddable":true,"href":"https:\/\/www.slatina.hr\/portal\/wp-json\/wp\/v2\/categories?post=125890"},{"taxonomy":"post_tag","embeddable":true,"href":"https:\/\/www.slatina.hr\/portal\/wp-json\/wp\/v2\/tags?post=125890"}],"curies":[{"name":"wp","href":"https:\/\/api.w.org\/{rel}","templated":true}]}}