{"id":125884,"date":"2026-03-10T14:54:16","date_gmt":"2026-03-10T13:54:16","guid":{"rendered":"https:\/\/www.slatina.hr\/portal\/?p=125884"},"modified":"2026-03-10T14:54:16","modified_gmt":"2026-03-10T13:54:16","slug":"grad-slatina-i-skijaski-klub-slatina-dogovorili-kljucne-korake-za-revitalizaciju-skijalista","status":"publish","type":"post","link":"https:\/\/www.slatina.hr\/portal\/grad-slatina-i-skijaski-klub-slatina-dogovorili-kljucne-korake-za-revitalizaciju-skijalista\/","title":{"rendered":"Grad Slatina i Skija\u0161ki klub Slatina dogovorili klju\u010dne korake za revitalizaciju skijali\u0161ta"},"content":{"rendered":"<p>U prostorijama slatinske Gradske uprave odr\u017ean je radni sastanak na kojem je definirana daljnja suradnja izme\u0111u Grada Slatine i Skija\u0161kog kluba Slatina. Glavna tema razgovora bila je revitalizacija lokalnog skijali\u0161ta te rje\u0161avanje infrastrukturnih pitanja koja su preduvjet za kvalitetan rad kluba i u\u017eivanje gra\u0111ana u zimskim radostima. \u200b<\/p>\n<p>Sastanku su nazo\u010dili predsjednik Skija\u0161kog kluba Slatina, Domagoj Jankovi\u0107, te predstavnici Grada: pro\u010delnik Upravnog odjela za komunalne djelatnosti, prostorno ure\u0111enje i graditeljstvo Mile Pokop\u010di\u0107, voditelji odsjeka Vesna Klement i Mario Poljak, kao i djelatnici Andreja Hodak Bi\u0107ani\u0107 i Boris Prese\u010dan.<\/p>\n<p>Glavni zaklju\u010dci sastanka fokusirani su na dvije klju\u010dne to\u010dke: Grad Slatina planira slu\u017ebeno povjeriti upravljanje skijali\u0161tem Skija\u0161kom klubu Slatina. Ovim potezom klub dobiva ve\u0107u autonomiju u organizaciji aktivnosti, odr\u017eavanju staza i promociji skijanja kao sporta u slatinskom kraju.\u00a0 Jedan od najva\u017enijih tehni\u010dkih preduvjeta za funkcioniranje skijali\u0161ta, posebice u kontekstu odr\u017eavanja higijenskih standarda, jest izvo\u0111enje priklju\u010dka za vodu. Dogovorena je dinamika radova i tehni\u010dki detalji realizacije ovog projekta.<\/p>\n<p>\u200bPredsjednik kluba, Domagoj Jankovi\u0107, izrazio je zadovoljstvo postignutim dogovorima, naglasiv\u0161i kako \u0107e rje\u0161avanje pitanja vode i formalno upravljanje prostorom omogu\u0107iti klubu dugoro\u010dno planiranje i kvalitetniju pripremu skija\u0161ke sezone.<\/p>\n<p>\u200bPredstavnici Grada istaknuli su kako je podr\u0161ka sportskim udrugama prioritet, a skijali\u0161te u Slatini predstavlja jedinstven turisti\u010dki i rekreativni potencijal koji zaslu\u017euje adekvatnu infrastrukturu.<\/p>\n<p>(www.radioslatina.hr)<\/p>\n\n\t\t\t<style type='text\/css'>\n\t\t\t\t#sc_gallery-1 {\n\t\t\t\t\tmargin: auto;\n\t\t\t\t}\n\t\t\t\t#sc_gallery-1 .gallery-item {\n\t\t\t\t\tfloat: left;\n\t\t\t\t\ttext-align: center;\n\t\t\t\t\twidth: 24.99%;\n\t\t\t\t}\n\t\t\t\t#sc_gallery-1 img {\n\t\t\t\t\tborder: 2px solid #cfcfcf;\n\t\t\t\t}\n\t\t\t\t\/* see sc_gallery() in functions\/theme-shortcodes.php *\/\n\t\t\t<\/style>\n\t\t<div id='sc_gallery-1' class='gallery galleryid-125884 gallery-columns-4 gallery-size-thumbnail file element_classes gallery-default'><dl class='gallery-item'  data-title='IMG-1ecd056cbe107685b425caf08b2413cf-V_1024x768' data-description=''><div class='gallery-item-wrapper'>\n\t\t\t\t<dt class='gallery-icon landscape'>\n\t\t\t\t\t<a href='https:\/\/www.slatina.hr\/portal\/wp-content\/uploads\/2026\/03\/IMG-1ecd056cbe107685b425caf08b2413cf-V_1024x768.jpg'><img loading=\"lazy\" decoding=\"async\" width=\"190\" height=\"130\" src=\"https:\/\/www.slatina.hr\/portal\/wp-content\/uploads\/2026\/03\/IMG-1ecd056cbe107685b425caf08b2413cf-V_1024x768-190x130.jpg\" class=\"attachment-thumbnail size-thumbnail\" alt=\"\" \/><\/a>\n\t\t\t\t<\/dt><\/div><\/dl><dl class='gallery-item'  data-title='IMG-9319fdbca97bf5d7cf04f32221989f40-V_1024x768' data-description=''><div class='gallery-item-wrapper'>\n\t\t\t\t<dt class='gallery-icon landscape'>\n\t\t\t\t\t<a href='https:\/\/www.slatina.hr\/portal\/wp-content\/uploads\/2026\/03\/IMG-9319fdbca97bf5d7cf04f32221989f40-V_1024x768.jpg'><img loading=\"lazy\" decoding=\"async\" width=\"190\" height=\"130\" src=\"https:\/\/www.slatina.hr\/portal\/wp-content\/uploads\/2026\/03\/IMG-9319fdbca97bf5d7cf04f32221989f40-V_1024x768-190x130.jpg\" class=\"attachment-thumbnail size-thumbnail\" alt=\"\" \/><\/a>\n\t\t\t\t<\/dt><\/div><\/dl><dl class='gallery-item'  data-title='IMG-58195c3759b6291a465fddca48261d2f-V_1024x768' data-description=''><div class='gallery-item-wrapper'>\n\t\t\t\t<dt class='gallery-icon landscape'>\n\t\t\t\t\t<a href='https:\/\/www.slatina.hr\/portal\/wp-content\/uploads\/2026\/03\/IMG-58195c3759b6291a465fddca48261d2f-V_1024x768.jpg'><img loading=\"lazy\" decoding=\"async\" width=\"190\" height=\"130\" src=\"https:\/\/www.slatina.hr\/portal\/wp-content\/uploads\/2026\/03\/IMG-58195c3759b6291a465fddca48261d2f-V_1024x768-190x130.jpg\" class=\"attachment-thumbnail size-thumbnail\" alt=\"\" \/><\/a>\n\t\t\t\t<\/dt><\/div><\/dl>\n\t\t\t\t<br style='clear: both' \/>\n\t\t\t<\/div>\n\n","protected":false},"excerpt":{"rendered":"<p>U prostorijama slatinske Gradske uprave odr\u017ean je radni sastanak na kojem je definirana daljnja suradnja izme\u0111u Grada Slatine i Skija\u0161kog kluba Slatina. Glavna tema razgovora<span class=\"excerpt-hellip\"> [\u2026]<\/span><\/p>\n","protected":false},"author":5,"featured_media":125888,"comment_status":"closed","ping_status":"closed","sticky":false,"template":"","format":"standard","meta":{"ngg_post_thumbnail":0,"footnotes":""},"categories":[136,137],"tags":[],"class_list":["post-125884","post","type-post","status-publish","format-standard","has-post-thumbnail","hentry","category-grad-slatina","category-naslovnica"],"_links":{"self":[{"href":"https:\/\/www.slatina.hr\/portal\/wp-json\/wp\/v2\/posts\/125884","targetHints":{"allow":["GET"]}}],"collection":[{"href":"https:\/\/www.slatina.hr\/portal\/wp-json\/wp\/v2\/posts"}],"about":[{"href":"https:\/\/www.slatina.hr\/portal\/wp-json\/wp\/v2\/types\/post"}],"author":[{"embeddable":true,"href":"https:\/\/www.slatina.hr\/portal\/wp-json\/wp\/v2\/users\/5"}],"replies":[{"embeddable":true,"href":"https:\/\/www.slatina.hr\/portal\/wp-json\/wp\/v2\/comments?post=125884"}],"version-history":[{"count":1,"href":"https:\/\/www.slatina.hr\/portal\/wp-json\/wp\/v2\/posts\/125884\/revisions"}],"predecessor-version":[{"id":125889,"href":"https:\/\/www.slatina.hr\/portal\/wp-json\/wp\/v2\/posts\/125884\/revisions\/125889"}],"wp:featuredmedia":[{"embeddable":true,"href":"https:\/\/www.slatina.hr\/portal\/wp-json\/wp\/v2\/media\/125888"}],"wp:attachment":[{"href":"https:\/\/www.slatina.hr\/portal\/wp-json\/wp\/v2\/media?parent=125884"}],"wp:term":[{"taxonomy":"category","embeddable":true,"href":"https:\/\/www.slatina.hr\/portal\/wp-json\/wp\/v2\/categories?post=125884"},{"taxonomy":"post_tag","embeddable":true,"href":"https:\/\/www.slatina.hr\/portal\/wp-json\/wp\/v2\/tags?post=125884"}],"curies":[{"name":"wp","href":"https:\/\/api.w.org\/{rel}","templated":true}]}}