{"id":125841,"date":"2026-03-06T12:04:51","date_gmt":"2026-03-06T11:04:51","guid":{"rendered":"https:\/\/www.slatina.hr\/portal\/?p=125841"},"modified":"2026-03-06T12:57:53","modified_gmt":"2026-03-06T11:57:53","slug":"rjesenje-o-prijmu-na-radno-mjesto-referent-za-komunalne-poslove-u-upravni-odjel-za-komunalne-djelatnosti-prostorno-uredenje-i-graditeljstvo-grada-slatine","status":"publish","type":"post","link":"https:\/\/www.slatina.hr\/portal\/rjesenje-o-prijmu-na-radno-mjesto-referent-za-komunalne-poslove-u-upravni-odjel-za-komunalne-djelatnosti-prostorno-uredenje-i-graditeljstvo-grada-slatine\/","title":{"rendered":"Rje\u0161enje o prijmu na radno mjesto referent za komunalne poslove u Upravni odjel za komunalne djelatnosti, prostorno ure\u0111enje i graditeljstvo Grada Slatine"},"content":{"rendered":"<ul>\n<li>Datum objave rje\u0161enja: 6.3.2026.<\/li>\n<li>Dostava se smatra izvr\u0161enom: 16.3.2026.<\/li>\n<li>Datum brisanja rje\u0161enja:\u00a0 6.9.2026.<\/li>\n<\/ul>\n<p><strong>DOKUMENT PREUZMITE U PDF FORMATU KLIKOM NA DONJU POVEZNICU:<\/strong><\/p>\n<ul>\n<li><a href=\"https:\/\/www.slatina.hr\/portal\/wp-content\/uploads\/2026\/03\/03062026125114468.pdf\">Rje\u0161enje o prijmu na radno mjesto referent za komunalne poslove u Upravni odjel za komunalne djelatnosti, prostorno ure\u0111enje i graditeljstvo Grada Slatine (.pdf)<\/a><\/li>\n<\/ul>\n","protected":false},"excerpt":{"rendered":"<p>Datum objave rje\u0161enja: 6.3.2026. Dostava se smatra izvr\u0161enom: 16.3.2026. Datum brisanja rje\u0161enja:\u00a0 6.9.2026. DOKUMENT PREUZMITE U PDF FORMATU KLIKOM NA DONJU POVEZNICU: Rje\u0161enje o prijmu<span class=\"excerpt-hellip\"> [\u2026]<\/span><\/p>\n","protected":false},"author":1,"featured_media":100564,"comment_status":"closed","ping_status":"closed","sticky":false,"template":"","format":"standard","meta":{"ngg_post_thumbnail":0,"footnotes":""},"categories":[154,137],"tags":[],"class_list":["post-125841","post","type-post","status-publish","format-standard","has-post-thumbnail","hentry","category-natjecaji","category-naslovnica"],"_links":{"self":[{"href":"https:\/\/www.slatina.hr\/portal\/wp-json\/wp\/v2\/posts\/125841","targetHints":{"allow":["GET"]}}],"collection":[{"href":"https:\/\/www.slatina.hr\/portal\/wp-json\/wp\/v2\/posts"}],"about":[{"href":"https:\/\/www.slatina.hr\/portal\/wp-json\/wp\/v2\/types\/post"}],"author":[{"embeddable":true,"href":"https:\/\/www.slatina.hr\/portal\/wp-json\/wp\/v2\/users\/1"}],"replies":[{"embeddable":true,"href":"https:\/\/www.slatina.hr\/portal\/wp-json\/wp\/v2\/comments?post=125841"}],"version-history":[{"count":2,"href":"https:\/\/www.slatina.hr\/portal\/wp-json\/wp\/v2\/posts\/125841\/revisions"}],"predecessor-version":[{"id":125845,"href":"https:\/\/www.slatina.hr\/portal\/wp-json\/wp\/v2\/posts\/125841\/revisions\/125845"}],"wp:featuredmedia":[{"embeddable":true,"href":"https:\/\/www.slatina.hr\/portal\/wp-json\/wp\/v2\/media\/100564"}],"wp:attachment":[{"href":"https:\/\/www.slatina.hr\/portal\/wp-json\/wp\/v2\/media?parent=125841"}],"wp:term":[{"taxonomy":"category","embeddable":true,"href":"https:\/\/www.slatina.hr\/portal\/wp-json\/wp\/v2\/categories?post=125841"},{"taxonomy":"post_tag","embeddable":true,"href":"https:\/\/www.slatina.hr\/portal\/wp-json\/wp\/v2\/tags?post=125841"}],"curies":[{"name":"wp","href":"https:\/\/api.w.org\/{rel}","templated":true}]}}