{"id":125529,"date":"2026-01-27T11:21:20","date_gmt":"2026-01-27T10:21:20","guid":{"rendered":"https:\/\/www.slatina.hr\/portal\/?p=125529"},"modified":"2026-01-27T11:22:01","modified_gmt":"2026-01-27T10:22:01","slug":"predsjednik-gradskog-vijeca-grada-slatine-luka-repic-sazvao-izvanrednu-sjednicu-gradskog-vijeca-za-petak-30-sijecnja-2026-godine","status":"publish","type":"post","link":"https:\/\/www.slatina.hr\/portal\/predsjednik-gradskog-vijeca-grada-slatine-luka-repic-sazvao-izvanrednu-sjednicu-gradskog-vijeca-za-petak-30-sijecnja-2026-godine\/","title":{"rendered":"Predsjednik Gradskog vije\u0107a Grada Slatine Luka Repi\u0107 sazvao izvanrednu sjednicu Gradskog vije\u0107a za petak, 30. sije\u010dnja 2026. godine"},"content":{"rendered":"<p>Predsjednik Gradskog vije\u0107a Grada Slatine Luka Repi\u0107 sazvao je izvanrednu sjednicu Gradskog vije\u0107a koja \u0107e se odr\u017eati u petak, 30. sije\u010dnja 2026. godine s po\u010detkom u 16,30 sati u velikoj dvorani Hrvatskog doma u Slatini, u Ulici bra\u0107e Radi\u0107 4.<\/p>\n<p><strong>Materijali za izvanrednu sjednicu dostupni su na dolje navedenom linku<\/strong><\/p>\n<ul>\n<li><a href=\"https:\/\/1drv.ms\/f\/c\/99be8226ce91a616\/IgBH34gojTCzQpS0CZzaU57vAaUC5Nar-CvNV5SVLsWcY8c?e=YnyW5q\" target=\"_blank\" rel=\"noopener\">Materijali za sjednicu Gradskog Vije\u0107a Grada Slatine<\/a><\/li>\n<\/ul>\n","protected":false},"excerpt":{"rendered":"<p>Predsjednik Gradskog vije\u0107a Grada Slatine Luka Repi\u0107 sazvao je izvanrednu sjednicu Gradskog vije\u0107a koja \u0107e se odr\u017eati u petak, 30. sije\u010dnja 2026. godine s po\u010detkom<span class=\"excerpt-hellip\"> [\u2026]<\/span><\/p>\n","protected":false},"author":1,"featured_media":125526,"comment_status":"closed","ping_status":"closed","sticky":false,"template":"","format":"standard","meta":{"ngg_post_thumbnail":0,"footnotes":""},"categories":[11,136,240],"tags":[],"class_list":["post-125529","post","type-post","status-publish","format-standard","has-post-thumbnail","hentry","category-gradskovijece","category-grad-slatina","category-gradsko-vijece-materijali"],"_links":{"self":[{"href":"https:\/\/www.slatina.hr\/portal\/wp-json\/wp\/v2\/posts\/125529","targetHints":{"allow":["GET"]}}],"collection":[{"href":"https:\/\/www.slatina.hr\/portal\/wp-json\/wp\/v2\/posts"}],"about":[{"href":"https:\/\/www.slatina.hr\/portal\/wp-json\/wp\/v2\/types\/post"}],"author":[{"embeddable":true,"href":"https:\/\/www.slatina.hr\/portal\/wp-json\/wp\/v2\/users\/1"}],"replies":[{"embeddable":true,"href":"https:\/\/www.slatina.hr\/portal\/wp-json\/wp\/v2\/comments?post=125529"}],"version-history":[{"count":1,"href":"https:\/\/www.slatina.hr\/portal\/wp-json\/wp\/v2\/posts\/125529\/revisions"}],"predecessor-version":[{"id":125530,"href":"https:\/\/www.slatina.hr\/portal\/wp-json\/wp\/v2\/posts\/125529\/revisions\/125530"}],"wp:featuredmedia":[{"embeddable":true,"href":"https:\/\/www.slatina.hr\/portal\/wp-json\/wp\/v2\/media\/125526"}],"wp:attachment":[{"href":"https:\/\/www.slatina.hr\/portal\/wp-json\/wp\/v2\/media?parent=125529"}],"wp:term":[{"taxonomy":"category","embeddable":true,"href":"https:\/\/www.slatina.hr\/portal\/wp-json\/wp\/v2\/categories?post=125529"},{"taxonomy":"post_tag","embeddable":true,"href":"https:\/\/www.slatina.hr\/portal\/wp-json\/wp\/v2\/tags?post=125529"}],"curies":[{"name":"wp","href":"https:\/\/api.w.org\/{rel}","templated":true}]}}