{"id":125525,"date":"2026-01-27T07:31:27","date_gmt":"2026-01-27T06:31:27","guid":{"rendered":"https:\/\/www.slatina.hr\/portal\/?p=125525"},"modified":"2026-01-27T11:23:30","modified_gmt":"2026-01-27T10:23:30","slug":"predsjednik-gradskog-vijeca-grada-slatine-luka-repic-sazvao-izvanrednu-sjednicu-gradskog-vijeca-koja-ce-se-odrzati-u-petak-30-sijecnja","status":"publish","type":"post","link":"https:\/\/www.slatina.hr\/portal\/predsjednik-gradskog-vijeca-grada-slatine-luka-repic-sazvao-izvanrednu-sjednicu-gradskog-vijeca-koja-ce-se-odrzati-u-petak-30-sijecnja\/","title":{"rendered":"Predsjednik Gradskog vije\u0107a Grada Slatine Luka Repi\u0107 sazvao izvanrednu sjednicu Gradskog vije\u0107a koja \u0107e se odr\u017eati u petak, 30. sije\u010dnja"},"content":{"rendered":"<p>Predsjednik Gradskog vije\u0107a Grada Slatine Luka Repi\u0107 sazvao je izvanrednu sjednicu Gradskog vije\u0107a koja \u0107e se odr\u017eati u petak, 30. sije\u010dnja 2026. godine s po\u010detkom u 16,30 sati u velikoj dvorani Hrvatskog doma u Slatini, u Ulici bra\u0107e Radi\u0107 4.<\/p>\n<p>D N E V N I\u00a0 R E D<\/p>\n<ol>\n<li>Razmatranje prijedloga i dono\u0161enje Odluke o izmjenama Odluke o na\u010dinu pru\u017eanja javne usluge sakupljanja komunalnog otpada na podru\u010dju Grada Slatine.<\/li>\n<\/ol>\n<p><strong>Materijali za izvanrednu sjednicu dostupni su na dolje navedenom linku<\/strong><\/p>\n<ul>\n<li><a href=\"https:\/\/1drv.ms\/f\/c\/99be8226ce91a616\/IgBH34gojTCzQpS0CZzaU57vAaUC5Nar-CvNV5SVLsWcY8c?e=YnyW5q\" target=\"_blank\" rel=\"noopener\">Materijali za sjednicu Gradskog Vije\u0107a Grada Slatine<\/a><\/li>\n<\/ul>\n<p>(www.radioslatina.hr)<\/p>\n","protected":false},"excerpt":{"rendered":"<p>Predsjednik Gradskog vije\u0107a Grada Slatine Luka Repi\u0107 sazvao je izvanrednu sjednicu Gradskog vije\u0107a koja \u0107e se odr\u017eati u petak, 30. sije\u010dnja 2026. godine s po\u010detkom<span class=\"excerpt-hellip\"> [\u2026]<\/span><\/p>\n","protected":false},"author":5,"featured_media":125526,"comment_status":"closed","ping_status":"closed","sticky":false,"template":"","format":"standard","meta":{"ngg_post_thumbnail":0,"footnotes":""},"categories":[136,137],"tags":[],"class_list":["post-125525","post","type-post","status-publish","format-standard","has-post-thumbnail","hentry","category-grad-slatina","category-naslovnica"],"_links":{"self":[{"href":"https:\/\/www.slatina.hr\/portal\/wp-json\/wp\/v2\/posts\/125525","targetHints":{"allow":["GET"]}}],"collection":[{"href":"https:\/\/www.slatina.hr\/portal\/wp-json\/wp\/v2\/posts"}],"about":[{"href":"https:\/\/www.slatina.hr\/portal\/wp-json\/wp\/v2\/types\/post"}],"author":[{"embeddable":true,"href":"https:\/\/www.slatina.hr\/portal\/wp-json\/wp\/v2\/users\/5"}],"replies":[{"embeddable":true,"href":"https:\/\/www.slatina.hr\/portal\/wp-json\/wp\/v2\/comments?post=125525"}],"version-history":[{"count":3,"href":"https:\/\/www.slatina.hr\/portal\/wp-json\/wp\/v2\/posts\/125525\/revisions"}],"predecessor-version":[{"id":125531,"href":"https:\/\/www.slatina.hr\/portal\/wp-json\/wp\/v2\/posts\/125525\/revisions\/125531"}],"wp:featuredmedia":[{"embeddable":true,"href":"https:\/\/www.slatina.hr\/portal\/wp-json\/wp\/v2\/media\/125526"}],"wp:attachment":[{"href":"https:\/\/www.slatina.hr\/portal\/wp-json\/wp\/v2\/media?parent=125525"}],"wp:term":[{"taxonomy":"category","embeddable":true,"href":"https:\/\/www.slatina.hr\/portal\/wp-json\/wp\/v2\/categories?post=125525"},{"taxonomy":"post_tag","embeddable":true,"href":"https:\/\/www.slatina.hr\/portal\/wp-json\/wp\/v2\/tags?post=125525"}],"curies":[{"name":"wp","href":"https:\/\/api.w.org\/{rel}","templated":true}]}}