{"id":125036,"date":"2025-12-09T11:59:38","date_gmt":"2025-12-09T10:59:38","guid":{"rendered":"https:\/\/www.slatina.hr\/portal\/?p=125036"},"modified":"2025-12-09T11:59:38","modified_gmt":"2025-12-09T10:59:38","slug":"projekt-slatino-zazeli-iii-brine-za-najpotrebitije-gradane-grada-slatine","status":"publish","type":"post","link":"https:\/\/www.slatina.hr\/portal\/projekt-slatino-zazeli-iii-brine-za-najpotrebitije-gradane-grada-slatine\/","title":{"rendered":"Projekt \u201eSlatino, za\u017eeli III\u201c brine za najpotrebitije gra\u0111ane Grada Slatine"},"content":{"rendered":"<p>U ovo blagdansko vrijeme kada je naglasak na darivanju i pomo\u0107i najpotrebitijima, jedan od gradskih projekata koji se posebno isti\u010de je projekt \u201eSlatino, za\u017eeli III!\u201c s kojim su gra\u0111ani Slatine i prigradskih naselja manje-vi\u0161e dobro upoznati, a ovo je pravo vrijeme da se okrenemo onoj drugoj strani \u2013 toploj, ljudskoj pri\u010di.<\/p>\n<p>Grad Slatina kroz ovaj projekt zapo\u0161ljava 20 djelatnica i 1 djelatnika, koji skrbe i brinu da dnevne potrebe starijih korisnika budu lak\u0161e, a njihova svakodnevnica zadovoljnija i sretnija. Trenutno u projektu \u201eSlatino, za\u017eeli III\u201c ima 149 krajnjih korisnika starije \u017eivotne dobi, a me\u0111u njima su i Jela Fotez iz Novog Senkovca, Marica Rabi\u0107 iz Slatine, Filka Pari\u0107 iz Slatine, Irena Ku\u010dera iz Slatine, te Sabina Mareti\u0107 iz Sladojevaca koje \u017eivot nije mazio, a kako to obi\u010dno i biva s godinama zdravstveno stanje je sve lo\u0161ije. Upravo spomenute korisnice ispri\u010dale su nam koliko im ovaj projekt zna\u010di.<\/p>\n<figure id=\"attachment_416588\" class=\"wp-caption alignleft\" aria-describedby=\"caption-attachment-416588\"><a href=\"https:\/\/www.radioslatina.hr\/projekt-slatino-zazeli-iii-brine-za-najpotrebitije-gradane-grada-slatine\/2_465x768\/\" rel=\"attachment wp-att-416588 noopener\" target=\"_blank\"><img loading=\"lazy\" decoding=\"async\" class=\"wp-image-416588\" src=\"https:\/\/www.radioslatina.hr\/wp-content\/uploads\/2025\/12\/2_465x768.jpg\" alt=\"\" width=\"180\" height=\"298\" \/><\/a><figcaption id=\"caption-attachment-416588\" class=\"wp-caption-text\">Jela Fotez i Manda Fotez<\/figcaption><\/figure>\n<p>\u2013 Gledajte meni ovaj projekt jako puno zna\u010di, stara sam, meni va\u0161a djelatnica Manda jako puno pomogne, sve mi napravi. Nanese mi drva, obavi higijenu prostora, opere prozore, zavjese i sve ostalo \u0161to se dogovorimo za taj dan. Ako mi je \u0161to potrebno iz trgovine ili ljekarne isto mi sve donese. Ne mogu vam re\u0107i koliko sam sretna \u0161to je tu, \u2013 rekla nam je Jela Fotez iz Novog Senkovca.<\/p>\n<figure id=\"attachment_416589\" class=\"wp-caption alignright\" aria-describedby=\"caption-attachment-416589\"><a href=\"https:\/\/www.radioslatina.hr\/projekt-slatino-zazeli-iii-brine-za-najpotrebitije-gradane-grada-slatine\/5_561x768\/\" rel=\"attachment wp-att-416589 noopener\" target=\"_blank\"><img loading=\"lazy\" decoding=\"async\" class=\"wp-image-416589\" src=\"https:\/\/www.radioslatina.hr\/wp-content\/uploads\/2025\/12\/5_561x768.jpg\" alt=\"\" width=\"190\" height=\"260\" \/><\/a><figcaption id=\"caption-attachment-416589\" class=\"wp-caption-text\">Marica Rabi\u0107 i Sanela Hr\u0161ak<\/figcaption><\/figure>\n<p>\u2013 Ne mogu vam nahvaliti Sanelu, sve obavi, od \u010di\u0161\u0107enja do dostave potrebnih namirnica kao i lijekova. Koliko mogu napravim i sama, a za sve ostalo tu je Sanela koja mi je od zaista velike pomo\u0107i. Tako\u0111er, jako mi zna\u010de razgovor i dru\u017eenje, jer \u017eivim sama, i iskreno, ne bih voljela da projekt do\u0111e kraju, \u2013 izjavila je Marica Rabi\u0107 iz Slatine.<\/p>\n<figure id=\"attachment_416590\" class=\"wp-caption alignleft\" aria-describedby=\"caption-attachment-416590\"><a href=\"https:\/\/www.radioslatina.hr\/projekt-slatino-zazeli-iii-brine-za-najpotrebitije-gradane-grada-slatine\/4_417x768\/\" rel=\"attachment wp-att-416590 noopener\" target=\"_blank\"><img loading=\"lazy\" decoding=\"async\" class=\"wp-image-416590\" src=\"https:\/\/www.radioslatina.hr\/wp-content\/uploads\/2025\/12\/4_417x768.jpg\" alt=\"\" width=\"167\" height=\"308\" \/><\/a><figcaption id=\"caption-attachment-416590\" class=\"wp-caption-text\">Filka Pari\u0107 i Jasna Jankovi\u0107<\/figcaption><\/figure>\n<p>Korisnica Filka Pari\u0107 nam je rekla kako djelatnicu Jasnu ne bi mijenjala za ni\u0161ta: \u2013 Velika mi je podr\u0161ka, od \u010di\u0161\u0107enja i ostale higijene doma, prijevoza do grada kao i groblja, a razgovori i dru\u017eenja mi jako puno zna\u010de i vesele me.<\/p>\n<figure id=\"attachment_416591\" class=\"wp-caption alignright\" aria-describedby=\"caption-attachment-416591\"><a href=\"https:\/\/www.radioslatina.hr\/projekt-slatino-zazeli-iii-brine-za-najpotrebitije-gradane-grada-slatine\/1_496x768\/\" rel=\"attachment wp-att-416591 noopener\" target=\"_blank\"><img loading=\"lazy\" decoding=\"async\" class=\"wp-image-416591\" src=\"https:\/\/www.radioslatina.hr\/wp-content\/uploads\/2025\/12\/1_496x768.jpg\" alt=\"\" width=\"190\" height=\"294\" \/><\/a><figcaption id=\"caption-attachment-416591\" class=\"wp-caption-text\">Irena Ku\u010dera i Danijela Stipanovi\u0107<\/figcaption><\/figure>\n<p>\u2013 Odem vam ja biciklom do grada i tako obavim neke stvari po gradu, ali ove neke svakodnevne obaveze kao \u0161to je brisanje prozora, mijenjanje zavjesa, ko\u0161nja trave u proljetnom i ljetnom periodu to mi je te\u0161ko, u tim aktivnostima mi puno Danijela pomogne. Ona je ovako mlada i brza, te sve s lako\u0107om napravi. Uvijek je vesela i zaista se nemam na \u0161to \u017ealiti \u2013 ispri\u010dala je Irena Ku\u010dera iz Slatine.<\/p>\n<figure id=\"attachment_416592\" class=\"wp-caption alignleft\" aria-describedby=\"caption-attachment-416592\"><a href=\"https:\/\/www.radioslatina.hr\/projekt-slatino-zazeli-iii-brine-za-najpotrebitije-gradane-grada-slatine\/3_597x768\/\" rel=\"attachment wp-att-416592 noopener\" target=\"_blank\"><img loading=\"lazy\" decoding=\"async\" class=\"wp-image-416592\" src=\"https:\/\/www.radioslatina.hr\/wp-content\/uploads\/2025\/12\/3_597x768.jpg\" alt=\"\" width=\"178\" height=\"229\" \/><\/a><figcaption id=\"caption-attachment-416592\" class=\"wp-caption-text\">Sabina Mareti\u0107 i Andrija Bobani\u0107<\/figcaption><\/figure>\n<p>Jedini djelatnik me\u0111u 20 djelatnica je uvijek raspolo\u017eeni Andrija Bobani\u0107, koji je, prema rije\u010dima Sabine Mareti\u0107 iz Sladojevaca, kao \u010dlan obitelji:<\/p>\n<p>\u2013 Sama sam, nemam nikoga, sin mi \u017eivi u drugom gradu. Kao i svi stariji ljudi, bolesna sam, trebam puno odlaziti kod doktora i na preglede, Andrija mi tu puno zna\u010di za prijevoz jer \u017eivim na selu. A i ovako po ku\u0107i, posprema mi \u0161to ne mogu, skupa zavjese stavimo, pomogne oko \u010di\u0161\u0107enja prozora, a osim toga obavi i sve sitne radove po ku\u0107i, kao i popravke.<\/p>\n<p>Koliki je zna\u010daj ovoga projekta kako za zaposlene djelatnike, tako i za korisnike naglasio je gradona\u010delnik Grada Slatine Tomo Tomi\u0107, te se osvrnuo na samu uspje\u0161nu realizaciju projekta.<\/p>\n<p>\u2013 Projekt se uspje\u0161no provodi od 2019. godine, a koliki je njegov zna\u010daj, vidi se kroz brojne upite koje dnevno dobivamo na adresu Gradske uprave. Potreba za uslugama koje se nude kroz ovaj projekt u na\u0161em gradu ali i prigradskim naseljima je zaista velika. Projekt zavr\u0161ava 2027. godine, nadamo se da \u0107emo ga po zavr\u0161etku, mo\u0107i brzo i nastaviti bez neke dulje stanke u pogledu bespovratnih sredstava, kako bi i dalje mogli pru\u017eiti pomo\u0107 i podr\u0161ku na\u0161im starijim sugra\u0111anima, \u2013 istaknuo je gradona\u010delnik Tomi\u0107 te se ovim putem zahvalio djelatnicima i voditeljici projekta \u201eSlatino, za\u017eeli III!\u201c Mariji Fumi\u0107 na svom njihovom trudu i radu te nesebi\u010dnoj pomo\u0107i i podr\u0161ci starijim osobama uklju\u010denima u projekt.<\/p>\n<p>(www.radioslatina.hr)<\/p>\n<p><a href=\"https:\/\/www.radioslatina.hr\/projekt-slatino-zazeli-iii-brine-za-najpotrebitije-gradane-grada-slatine\/img_2174_1024x683\/\" rel=\"attachment wp-att-416593 noopener\" target=\"_blank\"><img loading=\"lazy\" decoding=\"async\" class=\"alignnone size-full wp-image-416593\" src=\"https:\/\/www.radioslatina.hr\/wp-content\/uploads\/2025\/12\/IMG_2174_1024x683.jpg\" alt=\"\" width=\"1024\" height=\"683\" \/><\/a><\/p>\n","protected":false},"excerpt":{"rendered":"<p>U ovo blagdansko vrijeme kada je naglasak na darivanju i pomo\u0107i najpotrebitijima, jedan od gradskih projekata koji se posebno isti\u010de je projekt \u201eSlatino, za\u017eeli III!\u201c<span class=\"excerpt-hellip\"> [\u2026]<\/span><\/p>\n","protected":false},"author":5,"featured_media":125037,"comment_status":"closed","ping_status":"closed","sticky":false,"template":"","format":"standard","meta":{"ngg_post_thumbnail":0,"footnotes":""},"categories":[136,137],"tags":[],"class_list":["post-125036","post","type-post","status-publish","format-standard","has-post-thumbnail","hentry","category-grad-slatina","category-naslovnica"],"_links":{"self":[{"href":"https:\/\/www.slatina.hr\/portal\/wp-json\/wp\/v2\/posts\/125036","targetHints":{"allow":["GET"]}}],"collection":[{"href":"https:\/\/www.slatina.hr\/portal\/wp-json\/wp\/v2\/posts"}],"about":[{"href":"https:\/\/www.slatina.hr\/portal\/wp-json\/wp\/v2\/types\/post"}],"author":[{"embeddable":true,"href":"https:\/\/www.slatina.hr\/portal\/wp-json\/wp\/v2\/users\/5"}],"replies":[{"embeddable":true,"href":"https:\/\/www.slatina.hr\/portal\/wp-json\/wp\/v2\/comments?post=125036"}],"version-history":[{"count":1,"href":"https:\/\/www.slatina.hr\/portal\/wp-json\/wp\/v2\/posts\/125036\/revisions"}],"predecessor-version":[{"id":125038,"href":"https:\/\/www.slatina.hr\/portal\/wp-json\/wp\/v2\/posts\/125036\/revisions\/125038"}],"wp:featuredmedia":[{"embeddable":true,"href":"https:\/\/www.slatina.hr\/portal\/wp-json\/wp\/v2\/media\/125037"}],"wp:attachment":[{"href":"https:\/\/www.slatina.hr\/portal\/wp-json\/wp\/v2\/media?parent=125036"}],"wp:term":[{"taxonomy":"category","embeddable":true,"href":"https:\/\/www.slatina.hr\/portal\/wp-json\/wp\/v2\/categories?post=125036"},{"taxonomy":"post_tag","embeddable":true,"href":"https:\/\/www.slatina.hr\/portal\/wp-json\/wp\/v2\/tags?post=125036"}],"curies":[{"name":"wp","href":"https:\/\/api.w.org\/{rel}","templated":true}]}}