{"id":125034,"date":"2025-12-09T08:00:58","date_gmt":"2025-12-09T07:00:58","guid":{"rendered":"https:\/\/www.slatina.hr\/portal\/?p=125034"},"modified":"2025-12-19T12:30:49","modified_gmt":"2025-12-19T11:30:49","slug":"predsjednik-gradskog-vijeca-grada-slatine-luka-repic-sazvao-5-sjednicu-gradskog-vijeca-za-petak-12-prosinca-2025-godine","status":"publish","type":"post","link":"https:\/\/www.slatina.hr\/portal\/predsjednik-gradskog-vijeca-grada-slatine-luka-repic-sazvao-5-sjednicu-gradskog-vijeca-za-petak-12-prosinca-2025-godine\/","title":{"rendered":"Predsjednik Gradskog vije\u0107a Grada Slatine Luka Repi\u0107 sazvao 5. sjednicu Gradskog vije\u0107a za petak, 12. prosinca 2025. godine"},"content":{"rendered":"<p>Predsjednik Gradskog vije\u0107a Grada Slatine Luka Repi\u0107 sazvao je 5. sjednicu Gradskog vije\u0107a koja \u0107e se odr\u017eati u petak, 12. prosinca 2025. godine s po\u010detkom u 10,00 sati u velikoj dvorani Hrvatskog doma u Slatini, u Ulici bra\u0107e Radi\u0107 4.<\/p>\n<p><strong>Materijali za 5. sjednicu dostupni su na dolje navedenom linku:<\/strong><\/p>\n<ul>\n<li><a href=\"https:\/\/1drv.ms\/f\/c\/99be8226ce91a616\/IgAf5YZ5b6kCTr_teiEsSDQCARJpErWTenqKZnJ4pPGe54w?e=Nb7H8Q\" target=\"_blank\" rel=\"noopener\">Materijali Za Sjednicu Gradskog Vije\u0107a Grada Slatine<\/a><\/li>\n<\/ul>\n","protected":false},"excerpt":{"rendered":"<p>Predsjednik Gradskog vije\u0107a Grada Slatine Luka Repi\u0107 sazvao je 5. sjednicu Gradskog vije\u0107a koja \u0107e se odr\u017eati u petak, 12. prosinca 2025. godine s po\u010detkom<span class=\"excerpt-hellip\"> [\u2026]<\/span><\/p>\n","protected":false},"author":1,"featured_media":124330,"comment_status":"closed","ping_status":"closed","sticky":false,"template":"","format":"standard","meta":{"ngg_post_thumbnail":0,"footnotes":""},"categories":[11,136,240,137],"tags":[],"class_list":["post-125034","post","type-post","status-publish","format-standard","has-post-thumbnail","hentry","category-gradskovijece","category-grad-slatina","category-gradsko-vijece-materijali","category-naslovnica"],"_links":{"self":[{"href":"https:\/\/www.slatina.hr\/portal\/wp-json\/wp\/v2\/posts\/125034","targetHints":{"allow":["GET"]}}],"collection":[{"href":"https:\/\/www.slatina.hr\/portal\/wp-json\/wp\/v2\/posts"}],"about":[{"href":"https:\/\/www.slatina.hr\/portal\/wp-json\/wp\/v2\/types\/post"}],"author":[{"embeddable":true,"href":"https:\/\/www.slatina.hr\/portal\/wp-json\/wp\/v2\/users\/1"}],"replies":[{"embeddable":true,"href":"https:\/\/www.slatina.hr\/portal\/wp-json\/wp\/v2\/comments?post=125034"}],"version-history":[{"count":2,"href":"https:\/\/www.slatina.hr\/portal\/wp-json\/wp\/v2\/posts\/125034\/revisions"}],"predecessor-version":[{"id":125123,"href":"https:\/\/www.slatina.hr\/portal\/wp-json\/wp\/v2\/posts\/125034\/revisions\/125123"}],"wp:featuredmedia":[{"embeddable":true,"href":"https:\/\/www.slatina.hr\/portal\/wp-json\/wp\/v2\/media\/124330"}],"wp:attachment":[{"href":"https:\/\/www.slatina.hr\/portal\/wp-json\/wp\/v2\/media?parent=125034"}],"wp:term":[{"taxonomy":"category","embeddable":true,"href":"https:\/\/www.slatina.hr\/portal\/wp-json\/wp\/v2\/categories?post=125034"},{"taxonomy":"post_tag","embeddable":true,"href":"https:\/\/www.slatina.hr\/portal\/wp-json\/wp\/v2\/tags?post=125034"}],"curies":[{"name":"wp","href":"https:\/\/api.w.org\/{rel}","templated":true}]}}