{"id":125031,"date":"2025-12-08T13:03:40","date_gmt":"2025-12-08T12:03:40","guid":{"rendered":"https:\/\/www.slatina.hr\/portal\/?p=125031"},"modified":"2025-12-08T13:03:40","modified_gmt":"2025-12-08T12:03:40","slug":"grad-slatina-isplata-bozicnice-umirovljenicima-10-i-11-prosinca","status":"publish","type":"post","link":"https:\/\/www.slatina.hr\/portal\/grad-slatina-isplata-bozicnice-umirovljenicima-10-i-11-prosinca\/","title":{"rendered":"GRAD SLATINA: Isplata bo\u017ei\u0107nice umirovljenicima 10. i 11. prosinca"},"content":{"rendered":"<p>Prema odluci gradona\u010delnika Tome Tomi\u0107a, Grad Slatina \u0107e ove godine darivati umirovljenike s najni\u017eim mirovinama na podru\u010dju grada Slatine i to bo\u017ei\u0107nicom od 50,00 eura te im na taj na\u010din nastojati uljep\u0161ati bo\u017ei\u0107ne blagdane i obogatiti blagdanski stol.<\/p>\n<p>Pravo na isplatu ostvaruju umirovljenici sa prebivali\u0161tem na podru\u010dju Grada Slatine s mirovinom do 450,00 eura.<\/p>\n<p><strong>Bo\u017ei\u0107nica se mo\u017ee podi\u0107i osobno 10. i 11. prosinca<\/strong> <strong>u predvorju Hrvatskog doma u Slatini od 10 do 14 sati<\/strong>.<\/p>\n<p><strong>RASPORED PODJELE:<\/strong><\/p>\n<ul>\n<li><strong>10. prosinca<\/strong> prezimena s po\u010detnim slovom A, B, C, \u010c, \u0106, D, D\u017d, \u0110, E, F, G, H, I, J, K, L, LJ<\/li>\n<li><strong>11. prosinca<\/strong> prezimena s po\u010detnim slovom M, N, NJ, O, P, R, S, \u0160, T, U, V, W, Z, \u017d.<\/li>\n<\/ul>\n<p>Prilikom isplate umirovljenici su du\u017eni predo\u010diti osobnu iskaznicu, dok umirovljenici koji primaju i\/ili inozemne mirovine a ostvaruju pravo na isplatu trebaju uz preslik osobne iskaznice predo\u010diti i dokaz o visini mirovine iz kojeg je jasno vidljiv zadnji iznos mirovinskog primanja.<\/p>\n<p>U slu\u010daju sprije\u010denosti dolaska umirovljenika bo\u017ei\u0107nicu mo\u017ee preuzeti i druga osoba koja mora predo\u010diti svoju osobnu iskaznicu te osobnu iskaznicu i dokumentaciju za umirovljenike za koje \u017eeli preuzeti bo\u017ei\u0107nicu.<\/p>\n<p><strong>Krajnji rok za podizanje bo\u017ei\u0107nice je do 22. prosinca<\/strong> na blagajni Grada Slatine.<\/p>\n","protected":false},"excerpt":{"rendered":"<p>Prema odluci gradona\u010delnika Tome Tomi\u0107a, Grad Slatina \u0107e ove godine darivati umirovljenike s najni\u017eim mirovinama na podru\u010dju grada Slatine i to bo\u017ei\u0107nicom od 50,00 eura<span class=\"excerpt-hellip\"> [\u2026]<\/span><\/p>\n","protected":false},"author":1,"featured_media":125032,"comment_status":"closed","ping_status":"closed","sticky":false,"template":"","format":"standard","meta":{"ngg_post_thumbnail":0,"footnotes":""},"categories":[136,137],"tags":[],"class_list":["post-125031","post","type-post","status-publish","format-standard","has-post-thumbnail","hentry","category-grad-slatina","category-naslovnica"],"_links":{"self":[{"href":"https:\/\/www.slatina.hr\/portal\/wp-json\/wp\/v2\/posts\/125031","targetHints":{"allow":["GET"]}}],"collection":[{"href":"https:\/\/www.slatina.hr\/portal\/wp-json\/wp\/v2\/posts"}],"about":[{"href":"https:\/\/www.slatina.hr\/portal\/wp-json\/wp\/v2\/types\/post"}],"author":[{"embeddable":true,"href":"https:\/\/www.slatina.hr\/portal\/wp-json\/wp\/v2\/users\/1"}],"replies":[{"embeddable":true,"href":"https:\/\/www.slatina.hr\/portal\/wp-json\/wp\/v2\/comments?post=125031"}],"version-history":[{"count":1,"href":"https:\/\/www.slatina.hr\/portal\/wp-json\/wp\/v2\/posts\/125031\/revisions"}],"predecessor-version":[{"id":125033,"href":"https:\/\/www.slatina.hr\/portal\/wp-json\/wp\/v2\/posts\/125031\/revisions\/125033"}],"wp:featuredmedia":[{"embeddable":true,"href":"https:\/\/www.slatina.hr\/portal\/wp-json\/wp\/v2\/media\/125032"}],"wp:attachment":[{"href":"https:\/\/www.slatina.hr\/portal\/wp-json\/wp\/v2\/media?parent=125031"}],"wp:term":[{"taxonomy":"category","embeddable":true,"href":"https:\/\/www.slatina.hr\/portal\/wp-json\/wp\/v2\/categories?post=125031"},{"taxonomy":"post_tag","embeddable":true,"href":"https:\/\/www.slatina.hr\/portal\/wp-json\/wp\/v2\/tags?post=125031"}],"curies":[{"name":"wp","href":"https:\/\/api.w.org\/{rel}","templated":true}]}}