{"id":124748,"date":"2025-10-24T07:44:45","date_gmt":"2025-10-24T05:44:45","guid":{"rendered":"https:\/\/www.slatina.hr\/portal\/?p=124748"},"modified":"2025-10-24T07:44:45","modified_gmt":"2025-10-24T05:44:45","slug":"grad-slatina-podrzava-pripreme-za-obiljezavanje-80-godina-djelovanja-udruge-umirovljenika","status":"publish","type":"post","link":"https:\/\/www.slatina.hr\/portal\/grad-slatina-podrzava-pripreme-za-obiljezavanje-80-godina-djelovanja-udruge-umirovljenika\/","title":{"rendered":"Grad Slatina podr\u017eava pripreme za obilje\u017eavanje 80 godina djelovanja Udruge umirovljenika"},"content":{"rendered":"<p>Gradona\u010delnik Slatine Tomo Tomi\u0107, ju\u010der, 23. listopada primio je predstavnike Udruge umirovljenika Slatina koji su ga upoznali s aktualnim aktivnostima, planovima rada te pripremama za obilje\u017eavanje velikog jubileja \u2013 80. obljetnice djelovanja Udruge.<\/p>\n<p>Tijekom susreta razgovaralo se o projektima kojima se nastoji unaprijediti kvaliteta \u017eivota starijih sugra\u0111ana te o daljnjoj suradnji Grada i Udruge koja ve\u0107 dugi niz godina ima va\u017enu ulogu u dru\u0161tvenom \u017eivotu Slatine.<\/p>\n<p>Posebna je tema bila priprema prigodne monografije povodom nadolaze\u0107e obljetnice, koja \u0107e obuhvatiti povijest i razvoj Udruge, a \u010dije \u0107e tiskanje financirati Grad Slatina. Time Grad jo\u0161 jednom potvr\u0111uje potporu brojnim aktivnostima namijenjenima umirovljenicima, kao i va\u017enost o\u010duvanja bogate tradicije njihovog djelovanja.<\/p>\n<p>Gradona\u010delnik Tomi\u0107 istaknuo je kako Grad Slatina visoko cijeni doprinos umirovljeni\u010dke populacije zajednici te \u0107e i ubudu\u0107e nastaviti podr\u017eavati inicijative koje doprinose aktivnom i kvalitetnom \u017eivotu starijih osoba.<\/p>\n<p>Udruga umirovljenika Slatina, osnovana davne 1946. godine, danas okuplja velik broj \u010dlanova i kontinuirano organizira dru\u0161tvene, humanitarne i kulturne aktivnosti kojima doprinosi \u017eivotu grada.<br \/>\n(www.radioslatina.hr)<\/p>\n<p><img loading=\"lazy\" decoding=\"async\" class=\"alignnone size-full wp-image-124749\" src=\"https:\/\/www.slatina.hr\/portal\/wp-content\/uploads\/2025\/10\/2025-10-23_16-11-07-017_1024x576.jpg\" alt=\"\" width=\"1024\" height=\"576\" srcset=\"https:\/\/www.slatina.hr\/portal\/wp-content\/uploads\/2025\/10\/2025-10-23_16-11-07-017_1024x576.jpg 1024w, https:\/\/www.slatina.hr\/portal\/wp-content\/uploads\/2025\/10\/2025-10-23_16-11-07-017_1024x576-768x432.jpg 768w, https:\/\/www.slatina.hr\/portal\/wp-content\/uploads\/2025\/10\/2025-10-23_16-11-07-017_1024x576-133x75.jpg 133w, https:\/\/www.slatina.hr\/portal\/wp-content\/uploads\/2025\/10\/2025-10-23_16-11-07-017_1024x576-620x349.jpg 620w, https:\/\/www.slatina.hr\/portal\/wp-content\/uploads\/2025\/10\/2025-10-23_16-11-07-017_1024x576-480x270.jpg 480w\" sizes=\"auto, (max-width:767px) 480px, (max-width:1024px) 100vw, 1024px\" \/><\/p>\n<p><img loading=\"lazy\" decoding=\"async\" class=\"alignnone size-full wp-image-124750\" src=\"https:\/\/www.slatina.hr\/portal\/wp-content\/uploads\/2025\/10\/2025-10-23_16-11-07-766_1024x576.jpg\" alt=\"\" width=\"1024\" height=\"576\" srcset=\"https:\/\/www.slatina.hr\/portal\/wp-content\/uploads\/2025\/10\/2025-10-23_16-11-07-766_1024x576.jpg 1024w, https:\/\/www.slatina.hr\/portal\/wp-content\/uploads\/2025\/10\/2025-10-23_16-11-07-766_1024x576-768x432.jpg 768w, https:\/\/www.slatina.hr\/portal\/wp-content\/uploads\/2025\/10\/2025-10-23_16-11-07-766_1024x576-133x75.jpg 133w, https:\/\/www.slatina.hr\/portal\/wp-content\/uploads\/2025\/10\/2025-10-23_16-11-07-766_1024x576-620x349.jpg 620w, https:\/\/www.slatina.hr\/portal\/wp-content\/uploads\/2025\/10\/2025-10-23_16-11-07-766_1024x576-480x270.jpg 480w\" sizes=\"auto, (max-width:767px) 480px, (max-width:1024px) 100vw, 1024px\" \/><\/p>\n","protected":false},"excerpt":{"rendered":"<p>Gradona\u010delnik Slatine Tomo Tomi\u0107, ju\u010der, 23. listopada primio je predstavnike Udruge umirovljenika Slatina koji su ga upoznali s aktualnim aktivnostima, planovima rada te pripremama za<span class=\"excerpt-hellip\"> [\u2026]<\/span><\/p>\n","protected":false},"author":5,"featured_media":124751,"comment_status":"closed","ping_status":"closed","sticky":false,"template":"","format":"standard","meta":{"ngg_post_thumbnail":0,"footnotes":""},"categories":[136,137],"tags":[],"class_list":["post-124748","post","type-post","status-publish","format-standard","has-post-thumbnail","hentry","category-grad-slatina","category-naslovnica"],"_links":{"self":[{"href":"https:\/\/www.slatina.hr\/portal\/wp-json\/wp\/v2\/posts\/124748","targetHints":{"allow":["GET"]}}],"collection":[{"href":"https:\/\/www.slatina.hr\/portal\/wp-json\/wp\/v2\/posts"}],"about":[{"href":"https:\/\/www.slatina.hr\/portal\/wp-json\/wp\/v2\/types\/post"}],"author":[{"embeddable":true,"href":"https:\/\/www.slatina.hr\/portal\/wp-json\/wp\/v2\/users\/5"}],"replies":[{"embeddable":true,"href":"https:\/\/www.slatina.hr\/portal\/wp-json\/wp\/v2\/comments?post=124748"}],"version-history":[{"count":1,"href":"https:\/\/www.slatina.hr\/portal\/wp-json\/wp\/v2\/posts\/124748\/revisions"}],"predecessor-version":[{"id":124752,"href":"https:\/\/www.slatina.hr\/portal\/wp-json\/wp\/v2\/posts\/124748\/revisions\/124752"}],"wp:featuredmedia":[{"embeddable":true,"href":"https:\/\/www.slatina.hr\/portal\/wp-json\/wp\/v2\/media\/124751"}],"wp:attachment":[{"href":"https:\/\/www.slatina.hr\/portal\/wp-json\/wp\/v2\/media?parent=124748"}],"wp:term":[{"taxonomy":"category","embeddable":true,"href":"https:\/\/www.slatina.hr\/portal\/wp-json\/wp\/v2\/categories?post=124748"},{"taxonomy":"post_tag","embeddable":true,"href":"https:\/\/www.slatina.hr\/portal\/wp-json\/wp\/v2\/tags?post=124748"}],"curies":[{"name":"wp","href":"https:\/\/api.w.org\/{rel}","templated":true}]}}