{"id":124742,"date":"2025-10-21T14:41:39","date_gmt":"2025-10-21T12:41:39","guid":{"rendered":"https:\/\/www.slatina.hr\/portal\/?p=124742"},"modified":"2025-10-21T14:41:39","modified_gmt":"2025-10-21T12:41:39","slug":"obiljezavanje-34-obljetnice-osnutka-136-brigade-hrvatske-vojske-u-slatini","status":"publish","type":"post","link":"https:\/\/www.slatina.hr\/portal\/obiljezavanje-34-obljetnice-osnutka-136-brigade-hrvatske-vojske-u-slatini\/","title":{"rendered":"Obilje\u017eavanje 34. obljetnice osnutka 136. brigade Hrvatske vojske u Slatini"},"content":{"rendered":"<p>Grad Slatina i Hrvatski \u010dasni\u010dki zbor Slatina pozivaju na sve\u010dano obilje\u017eavanje 34. obljetnice osnutka 136. brigade Hrvatske vojske, koje \u0107e se odr\u017eati u petak, 24. listopada 2025. godine.<\/p>\n<p>Program po\u010dinje u 17:45 sati polaganjem vijenaca na spomenik poginulim hrvatskim braniteljima u Parku 136. slatinske brigade.<br \/>\nNakon toga, u 18:30 sati u Crkvi sv. Josipa slu\u017eit \u0107e se sveta misa za poginule hrvatske branitelje, dok je u 19:00 sati u Restoranu Sequoia Slatina predvi\u0111en program u sklopu kojega \u0107e se doma\u0107ini i uva\u017eeni gosti prisjetiti ratnog puta 136. slatinske brigade i njezinog zna\u010daja u obrani Republike Hrvatske.<br \/>\nU nastavku sve\u010danosti uslijedit \u0107e prigodni domjenak.<\/p>\n<p>Va\u0161a prisutnost uveli\u010dat \u0107e proslavu ove va\u017ene obljetnice i odati po\u010dast svim pripadnicima brigade.<\/p>\n<p>(www.radioslatina.hr)<\/p>\n","protected":false},"excerpt":{"rendered":"<p>Grad Slatina i Hrvatski \u010dasni\u010dki zbor Slatina pozivaju na sve\u010dano obilje\u017eavanje 34. obljetnice osnutka 136. brigade Hrvatske vojske, koje \u0107e se odr\u017eati u petak, 24.<span class=\"excerpt-hellip\"> [\u2026]<\/span><\/p>\n","protected":false},"author":5,"featured_media":124743,"comment_status":"closed","ping_status":"closed","sticky":false,"template":"","format":"standard","meta":{"ngg_post_thumbnail":0,"footnotes":""},"categories":[136,137],"tags":[],"class_list":["post-124742","post","type-post","status-publish","format-standard","has-post-thumbnail","hentry","category-grad-slatina","category-naslovnica"],"_links":{"self":[{"href":"https:\/\/www.slatina.hr\/portal\/wp-json\/wp\/v2\/posts\/124742","targetHints":{"allow":["GET"]}}],"collection":[{"href":"https:\/\/www.slatina.hr\/portal\/wp-json\/wp\/v2\/posts"}],"about":[{"href":"https:\/\/www.slatina.hr\/portal\/wp-json\/wp\/v2\/types\/post"}],"author":[{"embeddable":true,"href":"https:\/\/www.slatina.hr\/portal\/wp-json\/wp\/v2\/users\/5"}],"replies":[{"embeddable":true,"href":"https:\/\/www.slatina.hr\/portal\/wp-json\/wp\/v2\/comments?post=124742"}],"version-history":[{"count":1,"href":"https:\/\/www.slatina.hr\/portal\/wp-json\/wp\/v2\/posts\/124742\/revisions"}],"predecessor-version":[{"id":124744,"href":"https:\/\/www.slatina.hr\/portal\/wp-json\/wp\/v2\/posts\/124742\/revisions\/124744"}],"wp:featuredmedia":[{"embeddable":true,"href":"https:\/\/www.slatina.hr\/portal\/wp-json\/wp\/v2\/media\/124743"}],"wp:attachment":[{"href":"https:\/\/www.slatina.hr\/portal\/wp-json\/wp\/v2\/media?parent=124742"}],"wp:term":[{"taxonomy":"category","embeddable":true,"href":"https:\/\/www.slatina.hr\/portal\/wp-json\/wp\/v2\/categories?post=124742"},{"taxonomy":"post_tag","embeddable":true,"href":"https:\/\/www.slatina.hr\/portal\/wp-json\/wp\/v2\/tags?post=124742"}],"curies":[{"name":"wp","href":"https:\/\/api.w.org\/{rel}","templated":true}]}}