{"id":124696,"date":"2025-10-09T15:06:30","date_gmt":"2025-10-09T13:06:30","guid":{"rendered":"https:\/\/www.slatina.hr\/portal\/?p=124696"},"modified":"2026-04-20T08:20:54","modified_gmt":"2026-04-20T06:20:54","slug":"u-zavicajnom-muzeju-slatina-odrzana-pocetna-konferencija-gradskog-projekta-zamisli-muzej-za-sve1","status":"publish","type":"post","link":"https:\/\/www.slatina.hr\/portal\/u-zavicajnom-muzeju-slatina-odrzana-pocetna-konferencija-gradskog-projekta-zamisli-muzej-za-sve1\/","title":{"rendered":"U Zavi\u010dajnom muzeju Slatina odr\u017eana po\u010detna konferencija gradskog projekta \u201eZaMiSLi muzej za sve\u201c"},"content":{"rendered":"<p>Danas (\u010detvrtak) je u neure\u0111enom dijelu Zavi\u010dajnog muzeja Slatina odr\u017eana po\u010detna konferencija projekta \u201eZaMiSLi muzej za sve\u201c (PK.6.4.01.0076), koja je ujedno organizirana u sklopu manifestacije Dani otvorenih vrata EU projekata 2025. godine. Konferenciju je otvorio gradona\u010delnik Grada Slatine Tomo Tomi\u0107, koji je pritom istaknuo zna\u010daj ovog projekta za kulturni i dru\u0161tveni razvoj grada.<\/p>\n<p><a href=\"https:\/\/www.radioslatina.hr\/u-zavicajnom-muzeju-slatina-odrzana-pocetna-konferencija-gradskog-projekta-zamisli-muzej-za-sve\/img_3257_1024x683-2\/\" rel=\"attachment wp-att-408098 noopener\" target=\"_blank\"><img loading=\"lazy\" decoding=\"async\" class=\"wp-image-408098 alignleft\" src=\"https:\/\/www.radioslatina.hr\/wp-content\/uploads\/2025\/10\/IMG_3257_1024x683.jpg\" alt=\"\" width=\"300\" height=\"200\" \/><\/a>\u2013 Ovaj projekt ne\u0107e samo promijeniti lice na\u0161eg grada, ve\u0107 i dodatno osna\u017eiti na\u0161u kulturnu i dru\u0161tvenu scenu, a njegov simboli\u010dni naziv \u201eZaMiSLi\u201c, nosi u sebi jasnu poruku \u2013 zamislimo muzej koji nije zatvoren prostor za rijetke, ve\u0107 \u017eivo mjesto susreta, stvaranja i u\u010denja. Zamislimo kulturnu ustanovu koja njeguje na\u0161u povijest, ali i hrabro gleda u budu\u0107nost. Danas, ovim projektom, po\u010dinjemo to pretvarati u stvarnost.<br \/>\nGrad Slatina je prepoznao va\u017enost kulturne infrastrukture za razvoj lokalne zajednice i kvalitete \u017eivota na\u0161ih gra\u0111ana. Projekt \u201eZaMiSLi muzej za sve\u201c zami\u0161ljen je upravo s ciljem da u\u010dini na\u0161 Zavi\u010dajni muzej Slatina dostupnijim, suvremenijim i sadr\u017eajno bogatijim, \u2013 istaknuo je uvodno gradona\u010delnik Tomi\u0107 te zaklju\u010dio:<\/p>\n<p>\u2013 Ovaj projekt ne\u0107e imati koristi samo za muzej, ve\u0107 \u0107e njegov pozitivan u\u010dinak osjetiti i lokalni poduzetnici, ugostitelji, obrtnici, svi oni koji \u0107e kroz ve\u0107i broj posjetitelja dobiti novu priliku za razvoj i promociju vlastitih proizvoda i usluga. Suvenirnica muzeja bit \u0107e prostor za lokalne proizvo\u0111a\u010de, dok \u0107e pove\u0107ana posje\u0107enost muzeja zna\u010diti i ve\u0107i promet za na\u0161e kafi\u0107e, restorane, smje\u0161tajne kapacitete i druge uslu\u017ene djelatnosti.<br \/>\nZato ovaj projekt nije samo kulturni, ve\u0107 i gospodarski. On je ulaganje u ljude, u znanje, u zajednicu, u budu\u0107nost, \u2013 zaklju\u010dio je gradona\u010delnik Tomi\u0107 te se na kraju zahvalio svim partnerima, suradnicima i timovima koji sudjeluju u pripremi i provedbi ovog projekta \u010diji je nositelj Grad Slatina, a projektni partner Zavi\u010dajni muzej Slatina<\/p>\n<p><a href=\"https:\/\/www.radioslatina.hr\/u-zavicajnom-muzeju-slatina-odrzana-pocetna-konferencija-gradskog-projekta-zamisli-muzej-za-sve\/img_3260_1024x683-3\/\" rel=\"attachment wp-att-408099 noopener\" target=\"_blank\"><img loading=\"lazy\" decoding=\"async\" class=\"wp-image-408099 alignright\" src=\"https:\/\/www.radioslatina.hr\/wp-content\/uploads\/2025\/10\/IMG_3260_1024x683.jpg\" alt=\"\" width=\"300\" height=\"200\" \/><\/a>Projekt ukupne vrijednosti 5.417.646,83 eura predstavila je ravnateljica Gradske razvojne agencije Slatine Martina Kireta naglasiv\u0161i kako su za isti osigurana bespovratna sredstva u dva dijela. Tako je intenzitet potpore ostvaren putem Ugovora o dodjeli bespovratnih sredstava 4.601.965,75 eura (85%), te putem Ugovora o sufinanciranju provedbe EU projekata 406.055,81 eura, dok su sredstva Grada Slatine 406.055,81 eura.<\/p>\n<p>Tom je prigodom tako\u0111er naglasila kako su svrha i cilj projekta pove\u0107ati pristupa\u010dnost i sudjelovanje ranjivih skupina u kulturnom \u017eivotu lokalne zajednice kroz rekonstrukciju i opremanje zgrade Zavi\u010dajnog muzeja Slatina, te implementiranjem inovativnih tehnologija, istima omogu\u0107iti lak\u0161u konzumaciju kulturnih sadr\u017eaja te unaprijediti njihove kreativne vje\u0161tine i znanja, pove\u0107ati dru\u0161tvene interakcije i smanjiti osje\u0107aj izoliranosti.<\/p>\n<p><a href=\"https:\/\/www.radioslatina.hr\/u-zavicajnom-muzeju-slatina-odrzana-pocetna-konferencija-gradskog-projekta-zamisli-muzej-za-sve\/img_3254_1024x683-3\/\" rel=\"attachment wp-att-408100 noopener\" target=\"_blank\"><img loading=\"lazy\" decoding=\"async\" class=\"wp-image-408100 alignleft\" src=\"https:\/\/www.radioslatina.hr\/wp-content\/uploads\/2025\/10\/IMG_3254_1024x683.jpg\" alt=\"\" width=\"300\" height=\"200\" \/><\/a>O realizaciji projekta govorio je i kustos Zavi\u010dajnog muzeja Slatina Sr\u0111an \u0110uri\u010di\u0107 koji se na samom po\u010detku s nostalgijom osvrnuo na povijesni prostor same zgrade.<\/p>\n<p>\u2013 Ovo je zadnji put da vidite ovaj prostor ovakav kakav je. Ovaj prostor se od 2000. godine ure\u0111uje i tek se 2025. godine nekako zaklju\u010dilo njegovo ure\u0111enje.<br \/>\nStarim Slatin\u010danima ovaj prostor je itekako poznat. Kada ste dolazili ovdje, pojedini posjetitelji su pro\u0161etali kroz ovaj gornji kat i tra\u017eili su svoje u\u010dionice. I upravo je tema novoga stalnog postava i u\u010dionica, ono \u0161to u\u010dionica u kona\u010dnici jest, \u2013 istaknuo je \u0110uri\u010di\u0107 uvodno, a potom je detaljno prezentirao svrhu i na\u010din provedbe projekta kojim \u0107e Zavi\u010dajni muzej Slatina izme\u0111u ostaloga dobiti nove, moderno ure\u0111ene sadr\u017eaje.<\/p>\n<p>\u2013 Rije\u010d je o projektu \u201eZaMiSLi muzej za sve\u201c, nositelj samog projekta je Grad Slatina, a partner je Zavi\u010dajni muzej Slatina. Kroz ovaj projekt je zami\u0161ljena \u00a0sanacija, obnova, opremanje i ure\u0111enje zgrade Starog kotara. Rije\u010d je o zgradi koja je nastala u 19. stolje\u0107u, razvijena kasnije u 20. stolje\u0107u, a prestala sa svojom funkcijom po\u010detkom 80. godina 20. stolje\u0107a.<br \/>\nSama zgrada je bila zgrada Staroga kotara, potom \u0161kola, a kroz njezinu obnovu, posljednjih 20 godina, ona je prenamijenjena u djelomi\u010dno zavi\u010dajni muzej Slatina.<br \/>\nUkupno 50% povr\u0161ine zgrade je, na\u017ealost, neiskori\u0161teno i kroz ovaj projekt, zaista ostatak od 50% zgrade \u0107e biti prenamijenjen u kulturni sadr\u017eaj koji \u0107e biti u novom postavu Zavi\u010dajnog muzeja Slatina prilago\u0111en posebice ranjivim skupinama dru\u0161tva.<br \/>\nRije\u010d je o marginaliziranim pripadnicima zajednice koji su na prostoru Slatine ili slatinske okolice i upravo kroz ovaj projekt nekako \u0107e oni mo\u0107i participirati u kulturnim sadr\u017eajima samog Zavi\u010dajnog muzeja Slatina, \u2013 pojasnio je kustos \u0110uri\u010di\u0107 te kroz detaljnu prezentaciju predo\u010dio posjetiteljima nove sadr\u017eaje kojima \u0107e nakon zavr\u0161enih radova biti oplemenjena zgrada Zavi\u010dajnog muzeja Slatina.<\/p>\n<p>Planirani po\u010detak radova predvi\u0111en je za po\u010detak sljede\u0107e, 2026. godine, dok ukupno razdoblje provedbe projekta traje 43 mjeseca.<\/p>\n<p>Upravlja\u010dko tijelo je Ministarstvo regionalnog razvoja i fondova Europske unije, a posredni\u010dko tijelo razine 2 Sredi\u0161nja agencija za financiranje i ugovaranje programa i projekata Europske unije, dok je sektorski nadle\u017eno tijelo Ministarstvo kulture i medija.<\/p>\n<p>Po\u010detnoj konferenciji uz djelatnike Grada Slatine i Zavi\u010dajnog muzeja Slatina kao doma\u0107ina, nazo\u010dili su i predstavnici gradskih institucija, kao i zainteresirani gra\u0111ani, a predstavljanje projekta \u201eZaMiSLi muzej za sve\u201c zavr\u0161eno je prigodnim domjenkom.<\/p>\n<p>(www.radioslatina.hr)<\/p>\n<p><a href=\"https:\/\/www.radioslatina.hr\/u-zavicajnom-muzeju-slatina-odrzana-pocetna-konferencija-gradskog-projekta-zamisli-muzej-za-sve\/logo-eu-sufinancira\/\" rel=\"attachment wp-att-408103 noopener\" target=\"_blank\"><img loading=\"lazy\" decoding=\"async\" class=\"alignnone wp-image-408103\" src=\"https:\/\/www.radioslatina.hr\/wp-content\/uploads\/2025\/10\/logo-eu-sufinancira.png\" alt=\"\" width=\"403\" height=\"104\" \/>\u00a0<\/a><a href=\"https:\/\/www.radioslatina.hr\/u-zavicajnom-muzeju-slatina-odrzana-pocetna-konferencija-gradskog-projekta-zamisli-muzej-za-sve\/eu-dani-otvorenih-vrata\/\" rel=\"attachment wp-att-408104 noopener\" target=\"_blank\"><img loading=\"lazy\" decoding=\"async\" class=\"alignnone wp-image-408104\" src=\"https:\/\/www.radioslatina.hr\/wp-content\/uploads\/2025\/10\/EU-Dani-otvorenih-vrata.png\" alt=\"\" width=\"444\" height=\"80\" \/><\/a><\/p>\n<p>&nbsp;<\/p>\n\n\t\t\t<style type='text\/css'>\n\t\t\t\t#sc_gallery-1 {\n\t\t\t\t\tmargin: auto;\n\t\t\t\t}\n\t\t\t\t#sc_gallery-1 .gallery-item {\n\t\t\t\t\tfloat: left;\n\t\t\t\t\ttext-align: center;\n\t\t\t\t\twidth: 24.99%;\n\t\t\t\t}\n\t\t\t\t#sc_gallery-1 img {\n\t\t\t\t\tborder: 2px solid #cfcfcf;\n\t\t\t\t}\n\t\t\t\t\/* see sc_gallery() in functions\/theme-shortcodes.php *\/\n\t\t\t<\/style>\n\t\t<div id='sc_gallery-1' class='gallery galleryid-124696 gallery-columns-4 gallery-size-thumbnail file element_classes gallery-default'><dl class='gallery-item'  data-title='IMG_3042_1024x683' data-description=''><div class='gallery-item-wrapper'>\n\t\t\t\t<dt class='gallery-icon landscape'>\n\t\t\t\t\t<a href=\"https:\/\/www.slatina.hr\/portal\/wp-content\/uploads\/2025\/10\/IMG_3042_1024x683.jpg\"><img loading=\"lazy\" decoding=\"async\" width=\"190\" height=\"130\" src=\"https:\/\/www.slatina.hr\/portal\/wp-content\/uploads\/2025\/10\/IMG_3042_1024x683-190x130.jpg\" class=\"attachment-thumbnail size-thumbnail\" alt=\"\" \/><\/a>\n\t\t\t\t<\/dt><\/div><\/dl><dl class='gallery-item'  data-title='IMG_3049_1024x683' data-description=''><div class='gallery-item-wrapper'>\n\t\t\t\t<dt class='gallery-icon landscape'>\n\t\t\t\t\t<a href=\"https:\/\/www.slatina.hr\/portal\/wp-content\/uploads\/2025\/10\/IMG_3049_1024x683.jpg\"><img loading=\"lazy\" decoding=\"async\" width=\"190\" height=\"130\" src=\"https:\/\/www.slatina.hr\/portal\/wp-content\/uploads\/2025\/10\/IMG_3049_1024x683-190x130.jpg\" class=\"attachment-thumbnail size-thumbnail\" alt=\"\" \/><\/a>\n\t\t\t\t<\/dt><\/div><\/dl><dl class='gallery-item'  data-title='IMG_3054_1024x683' data-description=''><div class='gallery-item-wrapper'>\n\t\t\t\t<dt class='gallery-icon landscape'>\n\t\t\t\t\t<a href=\"https:\/\/www.slatina.hr\/portal\/wp-content\/uploads\/2025\/10\/IMG_3054_1024x683.jpg\"><img loading=\"lazy\" decoding=\"async\" width=\"190\" height=\"130\" src=\"https:\/\/www.slatina.hr\/portal\/wp-content\/uploads\/2025\/10\/IMG_3054_1024x683-190x130.jpg\" class=\"attachment-thumbnail size-thumbnail\" alt=\"\" \/><\/a>\n\t\t\t\t<\/dt><\/div><\/dl><dl class='gallery-item'  data-title='IMG_3059_1024x683' data-description=''><div class='gallery-item-wrapper'>\n\t\t\t\t<dt class='gallery-icon landscape'>\n\t\t\t\t\t<a href=\"https:\/\/www.slatina.hr\/portal\/wp-content\/uploads\/2025\/10\/IMG_3059_1024x683.jpg\"><img loading=\"lazy\" decoding=\"async\" width=\"190\" height=\"130\" src=\"https:\/\/www.slatina.hr\/portal\/wp-content\/uploads\/2025\/10\/IMG_3059_1024x683-190x130.jpg\" class=\"attachment-thumbnail size-thumbnail\" alt=\"\" \/><\/a>\n\t\t\t\t<\/dt><\/div><\/dl><br style=\"clear: both\" \/><dl class='gallery-item'  data-title='IMG_3068_1024x683' data-description=''><div class='gallery-item-wrapper'>\n\t\t\t\t<dt class='gallery-icon landscape'>\n\t\t\t\t\t<a href=\"https:\/\/www.slatina.hr\/portal\/wp-content\/uploads\/2025\/10\/IMG_3068_1024x683.jpg\"><img loading=\"lazy\" decoding=\"async\" width=\"190\" height=\"130\" src=\"https:\/\/www.slatina.hr\/portal\/wp-content\/uploads\/2025\/10\/IMG_3068_1024x683-190x130.jpg\" class=\"attachment-thumbnail size-thumbnail\" alt=\"\" \/><\/a>\n\t\t\t\t<\/dt><\/div><\/dl><dl class='gallery-item'  data-title='IMG_3073_1024x683' data-description=''><div class='gallery-item-wrapper'>\n\t\t\t\t<dt class='gallery-icon landscape'>\n\t\t\t\t\t<a href=\"https:\/\/www.slatina.hr\/portal\/wp-content\/uploads\/2025\/10\/IMG_3073_1024x683.jpg\"><img loading=\"lazy\" decoding=\"async\" width=\"190\" height=\"130\" src=\"https:\/\/www.slatina.hr\/portal\/wp-content\/uploads\/2025\/10\/IMG_3073_1024x683-190x130.jpg\" class=\"attachment-thumbnail size-thumbnail\" alt=\"\" \/><\/a>\n\t\t\t\t<\/dt><\/div><\/dl><dl class='gallery-item'  data-title='IMG_3078_1024x683' data-description=''><div class='gallery-item-wrapper'>\n\t\t\t\t<dt class='gallery-icon landscape'>\n\t\t\t\t\t<a href=\"https:\/\/www.slatina.hr\/portal\/wp-content\/uploads\/2025\/10\/IMG_3078_1024x683.jpg\"><img loading=\"lazy\" decoding=\"async\" width=\"190\" height=\"130\" src=\"https:\/\/www.slatina.hr\/portal\/wp-content\/uploads\/2025\/10\/IMG_3078_1024x683-190x130.jpg\" class=\"attachment-thumbnail size-thumbnail\" alt=\"\" \/><\/a>\n\t\t\t\t<\/dt><\/div><\/dl><dl class='gallery-item'  data-title='IMG_3083_1024x683' data-description=''><div class='gallery-item-wrapper'>\n\t\t\t\t<dt class='gallery-icon landscape'>\n\t\t\t\t\t<a href=\"https:\/\/www.slatina.hr\/portal\/wp-content\/uploads\/2025\/10\/IMG_3083_1024x683.jpg\"><img loading=\"lazy\" decoding=\"async\" width=\"190\" height=\"130\" src=\"https:\/\/www.slatina.hr\/portal\/wp-content\/uploads\/2025\/10\/IMG_3083_1024x683-190x130.jpg\" class=\"attachment-thumbnail size-thumbnail\" alt=\"\" \/><\/a>\n\t\t\t\t<\/dt><\/div><\/dl><br style=\"clear: both\" \/><dl class='gallery-item'  data-title='IMG_3090_1024x683' data-description=''><div class='gallery-item-wrapper'>\n\t\t\t\t<dt class='gallery-icon landscape'>\n\t\t\t\t\t<a href=\"https:\/\/www.slatina.hr\/portal\/wp-content\/uploads\/2025\/10\/IMG_3090_1024x683.jpg\"><img loading=\"lazy\" decoding=\"async\" width=\"190\" height=\"130\" src=\"https:\/\/www.slatina.hr\/portal\/wp-content\/uploads\/2025\/10\/IMG_3090_1024x683-190x130.jpg\" class=\"attachment-thumbnail size-thumbnail\" alt=\"\" \/><\/a>\n\t\t\t\t<\/dt><\/div><\/dl><dl class='gallery-item'  data-title='IMG_3093_1024x683' data-description=''><div class='gallery-item-wrapper'>\n\t\t\t\t<dt class='gallery-icon landscape'>\n\t\t\t\t\t<a href=\"https:\/\/www.slatina.hr\/portal\/wp-content\/uploads\/2025\/10\/IMG_3093_1024x683.jpg\"><img loading=\"lazy\" decoding=\"async\" width=\"190\" height=\"130\" src=\"https:\/\/www.slatina.hr\/portal\/wp-content\/uploads\/2025\/10\/IMG_3093_1024x683-190x130.jpg\" class=\"attachment-thumbnail size-thumbnail\" alt=\"\" \/><\/a>\n\t\t\t\t<\/dt><\/div><\/dl><dl class='gallery-item'  data-title='IMG_3098_1024x683' data-description=''><div class='gallery-item-wrapper'>\n\t\t\t\t<dt class='gallery-icon landscape'>\n\t\t\t\t\t<a href=\"https:\/\/www.slatina.hr\/portal\/wp-content\/uploads\/2025\/10\/IMG_3098_1024x683.jpg\"><img loading=\"lazy\" decoding=\"async\" width=\"190\" height=\"130\" src=\"https:\/\/www.slatina.hr\/portal\/wp-content\/uploads\/2025\/10\/IMG_3098_1024x683-190x130.jpg\" class=\"attachment-thumbnail size-thumbnail\" alt=\"\" \/><\/a>\n\t\t\t\t<\/dt><\/div><\/dl><dl class='gallery-item'  data-title='IMG_3105_1024x683' data-description=''><div class='gallery-item-wrapper'>\n\t\t\t\t<dt class='gallery-icon landscape'>\n\t\t\t\t\t<a href=\"https:\/\/www.slatina.hr\/portal\/wp-content\/uploads\/2025\/10\/IMG_3105_1024x683.jpg\"><img loading=\"lazy\" decoding=\"async\" width=\"190\" height=\"130\" src=\"https:\/\/www.slatina.hr\/portal\/wp-content\/uploads\/2025\/10\/IMG_3105_1024x683-190x130.jpg\" class=\"attachment-thumbnail size-thumbnail\" alt=\"\" \/><\/a>\n\t\t\t\t<\/dt><\/div><\/dl><br style=\"clear: both\" \/><dl class='gallery-item'  data-title='IMG_3109_1024x683' data-description=''><div class='gallery-item-wrapper'>\n\t\t\t\t<dt class='gallery-icon landscape'>\n\t\t\t\t\t<a href=\"https:\/\/www.slatina.hr\/portal\/wp-content\/uploads\/2025\/10\/IMG_3109_1024x683.jpg\"><img loading=\"lazy\" decoding=\"async\" width=\"190\" height=\"130\" src=\"https:\/\/www.slatina.hr\/portal\/wp-content\/uploads\/2025\/10\/IMG_3109_1024x683-190x130.jpg\" class=\"attachment-thumbnail size-thumbnail\" alt=\"\" \/><\/a>\n\t\t\t\t<\/dt><\/div><\/dl><dl class='gallery-item'  data-title='IMG_3116_1024x683' data-description=''><div class='gallery-item-wrapper'>\n\t\t\t\t<dt class='gallery-icon landscape'>\n\t\t\t\t\t<a href=\"https:\/\/www.slatina.hr\/portal\/wp-content\/uploads\/2025\/10\/IMG_3116_1024x683.jpg\"><img loading=\"lazy\" decoding=\"async\" width=\"190\" height=\"130\" src=\"https:\/\/www.slatina.hr\/portal\/wp-content\/uploads\/2025\/10\/IMG_3116_1024x683-190x130.jpg\" class=\"attachment-thumbnail size-thumbnail\" alt=\"\" \/><\/a>\n\t\t\t\t<\/dt><\/div><\/dl><dl class='gallery-item'  data-title='IMG_3121_1024x683' data-description=''><div class='gallery-item-wrapper'>\n\t\t\t\t<dt class='gallery-icon landscape'>\n\t\t\t\t\t<a href=\"https:\/\/www.slatina.hr\/portal\/wp-content\/uploads\/2025\/10\/IMG_3121_1024x683.jpg\"><img loading=\"lazy\" decoding=\"async\" width=\"190\" height=\"130\" src=\"https:\/\/www.slatina.hr\/portal\/wp-content\/uploads\/2025\/10\/IMG_3121_1024x683-190x130.jpg\" class=\"attachment-thumbnail size-thumbnail\" alt=\"\" \/><\/a>\n\t\t\t\t<\/dt><\/div><\/dl><dl class='gallery-item'  data-title='IMG_3125_1024x683' data-description=''><div class='gallery-item-wrapper'>\n\t\t\t\t<dt class='gallery-icon landscape'>\n\t\t\t\t\t<a href=\"https:\/\/www.slatina.hr\/portal\/wp-content\/uploads\/2025\/10\/IMG_3125_1024x683.jpg\"><img loading=\"lazy\" decoding=\"async\" width=\"190\" height=\"130\" src=\"https:\/\/www.slatina.hr\/portal\/wp-content\/uploads\/2025\/10\/IMG_3125_1024x683-190x130.jpg\" class=\"attachment-thumbnail size-thumbnail\" alt=\"\" \/><\/a>\n\t\t\t\t<\/dt><\/div><\/dl><br style=\"clear: both\" \/><dl class='gallery-item'  data-title='IMG_3132_1024x683' data-description=''><div class='gallery-item-wrapper'>\n\t\t\t\t<dt class='gallery-icon landscape'>\n\t\t\t\t\t<a href=\"https:\/\/www.slatina.hr\/portal\/wp-content\/uploads\/2025\/10\/IMG_3132_1024x683.jpg\"><img loading=\"lazy\" decoding=\"async\" width=\"190\" height=\"130\" src=\"https:\/\/www.slatina.hr\/portal\/wp-content\/uploads\/2025\/10\/IMG_3132_1024x683-190x130.jpg\" class=\"attachment-thumbnail size-thumbnail\" alt=\"\" \/><\/a>\n\t\t\t\t<\/dt><\/div><\/dl><dl class='gallery-item'  data-title='IMG_3142_1024x683' data-description=''><div class='gallery-item-wrapper'>\n\t\t\t\t<dt class='gallery-icon landscape'>\n\t\t\t\t\t<a href=\"https:\/\/www.slatina.hr\/portal\/wp-content\/uploads\/2025\/10\/IMG_3142_1024x683.jpg\"><img loading=\"lazy\" decoding=\"async\" width=\"190\" height=\"130\" src=\"https:\/\/www.slatina.hr\/portal\/wp-content\/uploads\/2025\/10\/IMG_3142_1024x683-190x130.jpg\" class=\"attachment-thumbnail size-thumbnail\" alt=\"\" \/><\/a>\n\t\t\t\t<\/dt><\/div><\/dl><dl class='gallery-item'  data-title='IMG_3164_1024x683' data-description=''><div class='gallery-item-wrapper'>\n\t\t\t\t<dt class='gallery-icon landscape'>\n\t\t\t\t\t<a href=\"https:\/\/www.slatina.hr\/portal\/wp-content\/uploads\/2025\/10\/IMG_3164_1024x683.jpg\"><img loading=\"lazy\" decoding=\"async\" width=\"190\" height=\"130\" src=\"https:\/\/www.slatina.hr\/portal\/wp-content\/uploads\/2025\/10\/IMG_3164_1024x683-190x130.jpg\" class=\"attachment-thumbnail size-thumbnail\" alt=\"\" \/><\/a>\n\t\t\t\t<\/dt><\/div><\/dl><dl class='gallery-item'  data-title='IMG_3177_1024x683' data-description=''><div class='gallery-item-wrapper'>\n\t\t\t\t<dt class='gallery-icon landscape'>\n\t\t\t\t\t<a href=\"https:\/\/www.slatina.hr\/portal\/wp-content\/uploads\/2025\/10\/IMG_3177_1024x683.jpg\"><img loading=\"lazy\" decoding=\"async\" width=\"190\" height=\"130\" src=\"https:\/\/www.slatina.hr\/portal\/wp-content\/uploads\/2025\/10\/IMG_3177_1024x683-190x130.jpg\" class=\"attachment-thumbnail size-thumbnail\" alt=\"\" \/><\/a>\n\t\t\t\t<\/dt><\/div><\/dl><br style=\"clear: both\" \/><dl class='gallery-item'  data-title='20251009_110949_1024x768' data-description=''><div class='gallery-item-wrapper'>\n\t\t\t\t<dt class='gallery-icon landscape'>\n\t\t\t\t\t<a href=\"https:\/\/www.slatina.hr\/portal\/wp-content\/uploads\/2025\/10\/20251009_110949_1024x768.jpg\"><img loading=\"lazy\" decoding=\"async\" width=\"190\" height=\"130\" src=\"https:\/\/www.slatina.hr\/portal\/wp-content\/uploads\/2025\/10\/20251009_110949_1024x768-190x130.jpg\" class=\"attachment-thumbnail size-thumbnail\" alt=\"\" \/><\/a>\n\t\t\t\t<\/dt><\/div><\/dl><dl class='gallery-item'  data-title='20251009_115743_1024x768' data-description=''><div class='gallery-item-wrapper'>\n\t\t\t\t<dt class='gallery-icon landscape'>\n\t\t\t\t\t<a href=\"https:\/\/www.slatina.hr\/portal\/wp-content\/uploads\/2025\/10\/20251009_115743_1024x768.jpg\"><img loading=\"lazy\" decoding=\"async\" width=\"190\" height=\"130\" src=\"https:\/\/www.slatina.hr\/portal\/wp-content\/uploads\/2025\/10\/20251009_115743_1024x768-190x130.jpg\" class=\"attachment-thumbnail size-thumbnail\" alt=\"\" \/><\/a>\n\t\t\t\t<\/dt><\/div><\/dl><dl class='gallery-item'  data-title='IMG_3035_1024x683' data-description=''><div class='gallery-item-wrapper'>\n\t\t\t\t<dt class='gallery-icon landscape'>\n\t\t\t\t\t<a href=\"https:\/\/www.slatina.hr\/portal\/wp-content\/uploads\/2025\/10\/IMG_3035_1024x683.jpg\"><img loading=\"lazy\" decoding=\"async\" width=\"190\" height=\"130\" src=\"https:\/\/www.slatina.hr\/portal\/wp-content\/uploads\/2025\/10\/IMG_3035_1024x683-190x130.jpg\" class=\"attachment-thumbnail size-thumbnail\" alt=\"\" \/><\/a>\n\t\t\t\t<\/dt><\/div><\/dl><dl class='gallery-item'  data-title='IMG_3038_1024x683' data-description=''><div class='gallery-item-wrapper'>\n\t\t\t\t<dt class='gallery-icon landscape'>\n\t\t\t\t\t<a href=\"https:\/\/www.slatina.hr\/portal\/wp-content\/uploads\/2025\/10\/IMG_3038_1024x683.jpg\"><img loading=\"lazy\" decoding=\"async\" width=\"190\" height=\"130\" src=\"https:\/\/www.slatina.hr\/portal\/wp-content\/uploads\/2025\/10\/IMG_3038_1024x683-190x130.jpg\" class=\"attachment-thumbnail size-thumbnail\" alt=\"\" \/><\/a>\n\t\t\t\t<\/dt><\/div><\/dl><br style=\"clear: both\" \/><dl class='gallery-item'  data-title='IMG_3039_1024x683' data-description=''><div class='gallery-item-wrapper'>\n\t\t\t\t<dt class='gallery-icon landscape'>\n\t\t\t\t\t<a href=\"https:\/\/www.slatina.hr\/portal\/wp-content\/uploads\/2025\/10\/IMG_3039_1024x683.jpg\"><img loading=\"lazy\" decoding=\"async\" width=\"190\" height=\"130\" src=\"https:\/\/www.slatina.hr\/portal\/wp-content\/uploads\/2025\/10\/IMG_3039_1024x683-190x130.jpg\" class=\"attachment-thumbnail size-thumbnail\" alt=\"\" \/><\/a>\n\t\t\t\t<\/dt><\/div><\/dl><dl class='gallery-item'  data-title='IMG_3041_1024x683' data-description=''><div class='gallery-item-wrapper'>\n\t\t\t\t<dt class='gallery-icon landscape'>\n\t\t\t\t\t<a href=\"https:\/\/www.slatina.hr\/portal\/wp-content\/uploads\/2025\/10\/IMG_3041_1024x683.jpg\"><img loading=\"lazy\" decoding=\"async\" width=\"190\" height=\"130\" src=\"https:\/\/www.slatina.hr\/portal\/wp-content\/uploads\/2025\/10\/IMG_3041_1024x683-190x130.jpg\" class=\"attachment-thumbnail size-thumbnail\" alt=\"\" \/><\/a>\n\t\t\t\t<\/dt><\/div><\/dl>\n\t\t\t\t<br style='clear: both' \/>\n\t\t\t<\/div>\n\n","protected":false},"excerpt":{"rendered":"<p>Danas (\u010detvrtak) je u neure\u0111enom dijelu Zavi\u010dajnog muzeja Slatina odr\u017eana po\u010detna konferencija projekta \u201eZaMiSLi muzej za sve\u201c (PK.6.4.01.0076), koja je ujedno organizirana u sklopu manifestacije<span class=\"excerpt-hellip\"> [\u2026]<\/span><\/p>\n","protected":false},"author":5,"featured_media":124723,"comment_status":"closed","ping_status":"closed","sticky":false,"template":"","format":"standard","meta":{"ngg_post_thumbnail":0,"footnotes":""},"categories":[136,137,241],"tags":[],"class_list":["post-124696","post","type-post","status-publish","format-standard","has-post-thumbnail","hentry","category-grad-slatina","category-naslovnica","category-projekt-zamisli-muzej-za-sve"],"_links":{"self":[{"href":"https:\/\/www.slatina.hr\/portal\/wp-json\/wp\/v2\/posts\/124696","targetHints":{"allow":["GET"]}}],"collection":[{"href":"https:\/\/www.slatina.hr\/portal\/wp-json\/wp\/v2\/posts"}],"about":[{"href":"https:\/\/www.slatina.hr\/portal\/wp-json\/wp\/v2\/types\/post"}],"author":[{"embeddable":true,"href":"https:\/\/www.slatina.hr\/portal\/wp-json\/wp\/v2\/users\/5"}],"replies":[{"embeddable":true,"href":"https:\/\/www.slatina.hr\/portal\/wp-json\/wp\/v2\/comments?post=124696"}],"version-history":[{"count":4,"href":"https:\/\/www.slatina.hr\/portal\/wp-json\/wp\/v2\/posts\/124696\/revisions"}],"predecessor-version":[{"id":124746,"href":"https:\/\/www.slatina.hr\/portal\/wp-json\/wp\/v2\/posts\/124696\/revisions\/124746"}],"wp:featuredmedia":[{"embeddable":true,"href":"https:\/\/www.slatina.hr\/portal\/wp-json\/wp\/v2\/media\/124723"}],"wp:attachment":[{"href":"https:\/\/www.slatina.hr\/portal\/wp-json\/wp\/v2\/media?parent=124696"}],"wp:term":[{"taxonomy":"category","embeddable":true,"href":"https:\/\/www.slatina.hr\/portal\/wp-json\/wp\/v2\/categories?post=124696"},{"taxonomy":"post_tag","embeddable":true,"href":"https:\/\/www.slatina.hr\/portal\/wp-json\/wp\/v2\/tags?post=124696"}],"curies":[{"name":"wp","href":"https:\/\/api.w.org\/{rel}","templated":true}]}}