{"id":124420,"date":"2025-09-02T11:21:43","date_gmt":"2025-09-02T09:21:43","guid":{"rendered":"https:\/\/www.slatina.hr\/portal\/?p=124420"},"modified":"2025-09-02T11:21:43","modified_gmt":"2025-09-02T09:21:43","slug":"na-svecanoj-sjednici-slatinskog-gradskog-vijeca-laureatima-urucena-javna-priznanja-grada-slatine-2","status":"publish","type":"post","link":"https:\/\/www.slatina.hr\/portal\/na-svecanoj-sjednici-slatinskog-gradskog-vijeca-laureatima-urucena-javna-priznanja-grada-slatine-2\/","title":{"rendered":"Na sve\u010danoj sjednici slatinskog Gradskog vije\u0107a laureatima uru\u010dena javna priznanja Grada Slatine"},"content":{"rendered":"<p>Na sve\u010danoj sjednici slatinskog Gradskog vije\u0107a u prigodi obilje\u017eavanja Dana grada Slatine i 728. obljetnice prvoga pisanog spomena imena Slatine odr\u017eana je sve\u010danost na kojoj su zaslu\u017enima uru\u010dena javna priznanja Grada Slatine, a ove ih je godine dodijeljeno ukupno 13, \u0161est zahvalnica, jedna srebrna i \u0161est zlatnih plaketa.<\/p>\n<p>Ovogodi\u0161nji laureati su:<\/p>\n<p>Odlukom Gradskog vije\u0107a Zahvalnicom Grada Slatine nagra\u0111eni su:<\/p>\n<ol>\n<li><strong>Patrik Alati\u0107<\/strong>, za uspje\u0161an rad i doprinos razvoju \u017dupe bl. Ivana Merza u Slatini,<\/li>\n<li><strong>Stjepan Kaiser<\/strong>, za vi\u0161egodi\u0161nji predani rad u Udruzi umirovljenika Slatina,<\/li>\n<li><strong>Nikola Grahovac<\/strong>, za vi\u0161egodi\u0161nji predani rad u Udruzi umirovljenika Slatina,<\/li>\n<li><strong>Tamara Dori\u0107<\/strong>, za nesebi\u010dan volonterski rad na podru\u010dju Grada Slatine,<\/li>\n<li><strong>Jasminka Popovi\u0107<\/strong>, za rad u podru\u010dju udomiteljstva i nesebi\u010dnu brigu za djecu,<\/li>\n<li><strong>Tena Jurlina<\/strong>, za iznimne uspjehe ostvarene u rukometu te promid\u017ebi Grada Slatine.<\/li>\n<\/ol>\n<div id=\"ngg-gallery-df76ca098e88a9cfc0167965f1284eb4-1\" class=\"ngg-galleryoverview default-view \">\n<div class=\"ngg-clear\">ngg_shortcode_0_placeholder<\/div>\n<\/div>\n<p>Odlukom Gradskog vije\u0107a, Srebrnom plaketom Grada Slatine ove godine nagra\u0111en je<\/p>\n<ol>\n<li><strong>Stolarski obrt \u201eMarjanovi\u0107\u201c, vl. Ljupka Marjanovi\u0107a<\/strong>, za dugogodi\u0161nje uspje\u0161no poslovanje te izniman doprinos razvoju gospodarstva na podru\u010dju Grada Slatine.<\/li>\n<\/ol>\n<p><a href=\"https:\/\/www.radioslatina.hr\/na-svecanoj-sjednici-slatinskog-gradskog-vijeca-laureatima-urucena-javna-priznanja-grada-slatine-2\/p1038290\/\" rel=\"attachment wp-att-402385 noopener\" target=\"_blank\"><img loading=\"lazy\" decoding=\"async\" class=\"alignnone size-full wp-image-402385\" src=\"https:\/\/www.radioslatina.hr\/wp-content\/uploads\/2025\/09\/P1038290.jpg\" sizes=\"auto, (max-width: 800px) 100vw, 800px\" srcset=\"https:\/\/www.radioslatina.hr\/wp-content\/uploads\/2025\/09\/P1038290.jpg 800w, https:\/\/www.radioslatina.hr\/wp-content\/uploads\/2025\/09\/P1038290-768x511.jpg 768w\" alt=\"\" width=\"800\" height=\"532\"><\/a><\/p>\n<p>Odlukom Gradskog vije\u0107a Grada Slatine, Zlatnom plaketom Grada Slatine ove su godine nagra\u0111eni:<\/p>\n<ol>\n<li><strong>Dragan Hrgi\u0107<\/strong>, za dugogodi\u0161nji samoprijegoran rad u \u017dupi sv. Josipa te humanitarni i dru\u0161tveni rad na podru\u010dju Grada Slatine,<\/li>\n<li><strong>Ivan Ro\u0161ta\u0161<\/strong>, za izniman doprinos obrani Republike Hrvatske, upravnom, dru\u0161tvenom i gospodarskom zna\u010daju Grada Slatine te dugogodi\u0161nji samoprijegoran rad u \u0161kolstvu,<\/li>\n<li><strong>Vlado Me\u0111umurac<\/strong>, za izniman doprinos obrani Republike Hrvatske i razvoju \u0161porta na podru\u010dju Grada Slatine,<\/li>\n<li><strong>\u017deljko Felb<\/strong>ar, za izniman doprinos razvoju medijske kulture i dugogodi\u0161nji samoprijegoran rad u pra\u0107enju i dokumentiranju doga\u0111anja na podru\u010dju Grada Slatine,<\/li>\n<li><strong>Borivoje Koci\u0107<\/strong>, za izniman doprinos razvitku hrvanja i promicanju \u0161porta me\u0111u djecom i mladima,<\/li>\n<li><strong>Dragan Klement<\/strong>, za izniman doprinos ugledu prosvjetne djelatnosti na podru\u010dju Grada Slatine i dugogodi\u0161nji samoprijegoran rad u srednjo\u0161kolskom odgoju i obrazovanju.<\/li>\n<\/ol>\n<p><a href=\"https:\/\/www.radioslatina.hr\/na-svecanoj-sjednici-slatinskog-gradskog-vijeca-laureatima-urucena-javna-priznanja-grada-slatine-2\/1-216\/\" rel=\"attachment wp-att-402387 noopener\" target=\"_blank\"><img loading=\"lazy\" decoding=\"async\" class=\"alignnone size-full wp-image-402387\" src=\"https:\/\/www.radioslatina.hr\/wp-content\/uploads\/2025\/09\/1.jpg\" sizes=\"auto, (max-width: 800px) 100vw, 800px\" srcset=\"https:\/\/www.radioslatina.hr\/wp-content\/uploads\/2025\/09\/1.jpg 800w, https:\/\/www.radioslatina.hr\/wp-content\/uploads\/2025\/09\/1-768x305.jpg 768w\" alt=\"\" width=\"800\" height=\"318\"><\/a><\/p>\n<p>Priznanja su ovogodi\u0161njim laureatima uru\u010dili predsjednik Gradskog vije\u0107a Grada Slatine Luka Repi\u0107 i gradona\u010delnik Grada Slatine Tomo Tomi\u0107, a u ime svih nagra\u0111enih zahvalio se jedan od dobitnika Zlatne plakete, pre\u010d. Dragan Hrgi\u0107.<\/p>\n<p><a href=\"https:\/\/www.radioslatina.hr\/na-svecanoj-sjednici-slatinskog-gradskog-vijeca-laureatima-urucena-javna-priznanja-grada-slatine-2\/p1038366-2\/\" rel=\"attachment wp-att-402388 noopener\" target=\"_blank\"><img loading=\"lazy\" decoding=\"async\" class=\"alignnone size-full wp-image-402388\" src=\"https:\/\/www.radioslatina.hr\/wp-content\/uploads\/2025\/09\/P1038366-1.jpg\" sizes=\"auto, (max-width: 800px) 100vw, 800px\" srcset=\"https:\/\/www.radioslatina.hr\/wp-content\/uploads\/2025\/09\/P1038366-1.jpg 800w, https:\/\/www.radioslatina.hr\/wp-content\/uploads\/2025\/09\/P1038366-1-768x511.jpg 768w\" alt=\"\" width=\"800\" height=\"532\"><\/a><\/p>\n<p>Zlatne plakete:<\/p>\n<p><strong>Dragan Hrgi\u0107<\/strong>, za dugogodi\u0161nji samoprijegoran rad u \u017dupi sv. Josipa te humanitarni i dru\u0161tveni rad na podru\u010dju Grada Slatine.<\/p>\n<p><a href=\"https:\/\/www.radioslatina.hr\/na-svecanoj-sjednici-slatinskog-gradskog-vijeca-laureatima-urucena-javna-priznanja-grada-slatine-2\/p1038317\/\" rel=\"attachment wp-att-402389 noopener\" target=\"_blank\"><img loading=\"lazy\" decoding=\"async\" class=\"alignnone size-full wp-image-402389\" src=\"https:\/\/www.radioslatina.hr\/wp-content\/uploads\/2025\/09\/P1038317.jpg\" sizes=\"auto, (max-width: 800px) 100vw, 800px\" srcset=\"https:\/\/www.radioslatina.hr\/wp-content\/uploads\/2025\/09\/P1038317.jpg 800w, https:\/\/www.radioslatina.hr\/wp-content\/uploads\/2025\/09\/P1038317-768x511.jpg 768w\" alt=\"\" width=\"800\" height=\"532\"><\/a><\/p>\n<p>Puno bi toga lijepoga mogli re\u0107i o na\u0161em biv\u0161em \u017eupniku Hrgi\u0107u \u010diji nas je odlazak iz Slatine nemjerljivo rastu\u017eio.<\/p>\n<p>Trag njegovog djelovanja jo\u0161 je svje\u017e u duhovnom, kulturnom i dru\u0161tvenom \u017eivotu na\u0161ega grada.<\/p>\n<p>Od dolaska u Slatinu 2014. godine, pre\u010d. Hrgi\u0107 svojim predanim sve\u0107eni\u010dkim radom, pastoralnom revno\u0161\u0107u i zalaganjem pokre\u0107e obnovu \u017eupne crkve, o\u010duvanje kulturne ba\u0161tine te poti\u010de izdavanje vrijednih zbornika i knjiga. Inicijator je brojnih znanstvenih skupova, ure\u0111enja spomen-sobe \u017eupniku Juliju B\u00fcrgeru, kao i obnove samostanske kapele Majke Bo\u017eje Lurdske u samostanu sestara Presvetog Srca Isusova u Slatini.<\/p>\n<p>Njegovo zalaganje nadilazi crkvene okvire \u2013 aktivno sudjeluje u karitativnim, edukativnim i dru\u0161tvenim inicijativama, a \u017eupni prostor otvara svima: od vjernika do hodo\u010dasnika i kulturnih udruga.<\/p>\n<p>Pre\u010d. Hrgi\u0107 zaslu\u017euje i vi\u0161e od ove nagrade jer nas je zadu\u017eio svojom dobrotom i nesebi\u010dnim davanjem u promicanju duhovnih vrijednosti, kulturne svijesti i ja\u010danju identiteta na\u0161ega grada.<\/p>\n<p><strong>Ivan Ro\u0161ta\u0161<\/strong>, za izniman doprinos obrani Republike Hrvatske, upravnom, dru\u0161tvenom i gospodarskom zna\u010daju Grada Slatine te dugogodi\u0161nji samoprijegoran rad u \u0161kolstvu.<\/p>\n<p>Plaketu je na sve\u010danosti u ime nagra\u0111enog prof. Ro\u0161ta\u0161a preuzela njegova k\u0107i Anamarija Ro\u0161ta\u0161 Kufner.<\/p>\n<p><a href=\"https:\/\/www.radioslatina.hr\/na-svecanoj-sjednici-slatinskog-gradskog-vijeca-laureatima-urucena-javna-priznanja-grada-slatine-2\/p1038314\/\" rel=\"attachment wp-att-402390 noopener\" target=\"_blank\"><img loading=\"lazy\" decoding=\"async\" class=\"alignnone size-full wp-image-402390\" src=\"https:\/\/www.radioslatina.hr\/wp-content\/uploads\/2025\/09\/P1038314.jpg\" sizes=\"auto, (max-width: 800px) 100vw, 800px\" srcset=\"https:\/\/www.radioslatina.hr\/wp-content\/uploads\/2025\/09\/P1038314.jpg 800w, https:\/\/www.radioslatina.hr\/wp-content\/uploads\/2025\/09\/P1038314-768x511.jpg 768w\" alt=\"\" width=\"800\" height=\"532\"><\/a><\/p>\n<p>Ivan Ro\u0161ta\u0161 je \u010dovjek koji je uvijek bio uz svoj grad, kao gra\u0111anin, vojnik i gradona\u010delnik.<\/p>\n<p>Mnogi ga pamte kao profesora tjelesne i zdravstvene kulture i trenera karatea, ali i kao ravnatelja, prvo Osnovne \u0161kole Josipa Kozarca Slatina, a potom i Srednje \u0161kole Marka Maruli\u0107a Slatina iz koje odlazi u mirovinu, ali ostavlja dubok trag u razvoju osnovnog i srednjeg \u0161kolstva na podru\u010dju grada Slatine.&nbsp;<\/p>\n<p>Tako\u0111er jedan je od prvih dragovoljaca Domovinskog rata na na\u0161im prostorima te je obna\u0161ao du\u017enost prvog ratnog zapovjednika Zbora narodne garde i \u010dlana Kriznog \u0161taba biv\u0161e Op\u0107ine Podravska Slatina, te 64. samostalnog bataljuna ZNG-a. Velike zasluge ima u stvaranju postrojbi Hrvatske vojske, planiranju i razvoju obrambenog sustava te vo\u0111enju operacija tijekom osloba\u0111anja okupiranih podru\u010dja Zapadne Slavonije.<\/p>\n<p>Bio je gradona\u010delnik Grada Slatine u tri mandata tijekom kojih je kroz brojne projekte znatno doprinio rastu i razvoju Slatine.<\/p>\n<p><strong>Vlado Me\u0111umurac<\/strong>, za izniman doprinos obrani Republike Hrvatske i razvoju \u0161porta na podru\u010dju Grada Slatine.<\/p>\n<p><a href=\"https:\/\/www.radioslatina.hr\/na-svecanoj-sjednici-slatinskog-gradskog-vijeca-laureatima-urucena-javna-priznanja-grada-slatine-2\/p1038311\/\" rel=\"attachment wp-att-402391 noopener\" target=\"_blank\"><img loading=\"lazy\" decoding=\"async\" class=\"alignnone size-full wp-image-402391\" src=\"https:\/\/www.radioslatina.hr\/wp-content\/uploads\/2025\/09\/P1038311.jpg\" sizes=\"auto, (max-width: 800px) 100vw, 800px\" srcset=\"https:\/\/www.radioslatina.hr\/wp-content\/uploads\/2025\/09\/P1038311.jpg 800w, https:\/\/www.radioslatina.hr\/wp-content\/uploads\/2025\/09\/P1038311-768x511.jpg 768w\" alt=\"\" width=\"800\" height=\"532\"><\/a><\/p>\n<p>Vlado Me\u0111umurac \u010dasnik je Hrvatske vojske koji je tijekom Domovinskog rata dao izniman doprinos u ustroju i razvitku ratnih postrojbi, te u obrani, ne samo slatinskog kraja ve\u0107 i ostalih podru\u010dja Republike Hrvatske, a svoje djelovanje nastavlja i kroz rad u nekoliko braniteljskih udruga, izme\u0111u ostaloga Hrvatskog \u010dasni\u010dkog zbora grada Slatine \u010diji je predsjednik.<\/p>\n<p>Dobitnik je spomenice domovinske zahvalnosti, Reda hrvatskog pletera i Reda hrvatskog trolista.<\/p>\n<p>Njegovu mladost obilje\u017eila je sjajna sportska karijera koju je zapo\u010deo kao nogometa\u0161 Nogometnog kluba Slavonija Sladojevci, a nastavio trenerskom palicom pod kojom su u vi\u0161e klubova stasali odli\u010dni nogometa\u0161i.<\/p>\n<p>Uz obrazovni profil vi\u0161eg sportskog trenera vlasnik je i UEFA A licence za trenera u nogometu \u010diji su savjeti novim generacijama i danas itekako vrijedni, tim vi\u0161e \u0161to je stekao i iskustvo kroz vodstvo Nogometnog kluba Slatina u funkciji predsjednika i to u vi\u0161e navrata.<\/p>\n<p><strong>\u017deljko Felbar<\/strong>, za izniman doprinos razvoju medijske kulture i dugogodi\u0161nji samoprijegoran rad u pra\u0107enju i dokumentiranju doga\u0111anja na podru\u010dju grada Slatine.<\/p>\n<p><a href=\"https:\/\/www.radioslatina.hr\/na-svecanoj-sjednici-slatinskog-gradskog-vijeca-laureatima-urucena-javna-priznanja-grada-slatine-2\/p1038303\/\" rel=\"attachment wp-att-402392 noopener\" target=\"_blank\"><img loading=\"lazy\" decoding=\"async\" class=\"alignnone size-full wp-image-402392\" src=\"https:\/\/www.radioslatina.hr\/wp-content\/uploads\/2025\/09\/P1038303.jpg\" sizes=\"auto, (max-width: 800px) 100vw, 800px\" srcset=\"https:\/\/www.radioslatina.hr\/wp-content\/uploads\/2025\/09\/P1038303.jpg 800w, https:\/\/www.radioslatina.hr\/wp-content\/uploads\/2025\/09\/P1038303-768x511.jpg 768w\" alt=\"\" width=\"800\" height=\"532\"><\/a><\/p>\n<p>\u017deljko Felbar neumorni je kroni\u010dar koji ve\u0107 desetlje\u0107ima svojom kamerom bilje\u017ei sve \u0161to se doga\u0111a u Slatini i okolici.<\/p>\n<p>\u017deljkova ljubav prema pokretnim slikama vremenom se pretvorila u posao i ostala je do danas. Sve je krenulo osamdesetih godina otvaranjem \u010dak osam videoteka, te snimanjem raznih doga\u0111aja. Tijekom Domovinskog rata sa svojom suprugom Jadrankom Srdo\u010d osnovao je prvu privatnu radiostanicu u Hrvatskoj koja je sve do 2004. godine radila pod imenom Marinianis radio.<\/p>\n<p>Iako je 2021. godine izgubio svoju \u017eivotnu suputnicu koja je s njim dijelila strast za dokumentiranjem svega onoga \u0161to se zbiva na na\u0161em podru\u010dju, \u017deljko i dalje neumorno svojom kamerom bilje\u017ei ljepote slavonskih pejza\u017ea, ali i gotovo sve doga\u0111aje i promjene koje se doga\u0111aju u na\u0161em gradu, i puno \u0161ire.<\/p>\n<p>\u017deljkovi video zapisi su danas izuzetno vrijedno arhivsko povijesno i dokumentarno gradivo kakvo rijetko koji grad ima.<\/p>\n<p><strong>Borivoje Koci\u0107<\/strong>, za izniman doprinos razvitku hrvanja i promicanju \u0161porta me\u0111u djecom i mladima.<\/p>\n<p><a href=\"https:\/\/www.radioslatina.hr\/na-svecanoj-sjednici-slatinskog-gradskog-vijeca-laureatima-urucena-javna-priznanja-grada-slatine-2\/p1038302\/\" rel=\"attachment wp-att-402393 noopener\" target=\"_blank\"><img loading=\"lazy\" decoding=\"async\" class=\"alignnone size-full wp-image-402393\" src=\"https:\/\/www.radioslatina.hr\/wp-content\/uploads\/2025\/09\/P1038302.jpg\" sizes=\"auto, (max-width: 800px) 100vw, 800px\" srcset=\"https:\/\/www.radioslatina.hr\/wp-content\/uploads\/2025\/09\/P1038302.jpg 800w, https:\/\/www.radioslatina.hr\/wp-content\/uploads\/2025\/09\/P1038302-768x511.jpg 768w\" alt=\"\" width=\"800\" height=\"532\"><\/a><\/p>\n<p>U svijetu slatinskog sporta nema osobe koja nije \u010dula za Borivoja Koci\u0107a, profesora kineziologije koji je cijeli svoj \u017eivotni vijek posvetio hrvanju, a ovih je dana iz Osnovne \u0161kole Eugena Kumi\u010di\u0107a u Slatini oti\u0161ao u zaslu\u017eenu mirovinu.<\/p>\n<p>Oni malo stariji sje\u0107aju ga se kao vrhunskog sporta\u0161a koji je ostvario svjetski poznata odli\u010dja, a ono \u0161to ga je jo\u0161 vi\u0161e proslavilo je njegov sta\u017e klupskog trenera od ukupno 38 godina. Kroz rad u Hrva\u010dkom klubu Slatina svoje je znanje i vje\u0161tine prenio generacijama mladih hrva\u010da te zajedno s njima ostvario zna\u010dajne rezultate, a time ime Slatine pronio, i ne\u0107emo pogrije\u0161iti kada ka\u017eemo, gotovo cijelim svijetom.<\/p>\n<p><strong>Dragan Klement<\/strong>, za izniman doprinos ugledu prosvjetne djelatnosti na podru\u010dju Grada Slatine i dugogodi\u0161nji samoprijegoran rad u srednjo\u0161kolskom odgoju i obrazovanju.<\/p>\n<p><a href=\"https:\/\/www.radioslatina.hr\/na-svecanoj-sjednici-slatinskog-gradskog-vijeca-laureatima-urucena-javna-priznanja-grada-slatine-2\/p1038293\/\" rel=\"attachment wp-att-402394 noopener\" target=\"_blank\"><img loading=\"lazy\" decoding=\"async\" class=\"alignnone size-full wp-image-402394\" src=\"https:\/\/www.radioslatina.hr\/wp-content\/uploads\/2025\/09\/P1038293.jpg\" sizes=\"auto, (max-width: 800px) 100vw, 800px\" srcset=\"https:\/\/www.radioslatina.hr\/wp-content\/uploads\/2025\/09\/P1038293.jpg 800w, https:\/\/www.radioslatina.hr\/wp-content\/uploads\/2025\/09\/P1038293-768x511.jpg 768w\" alt=\"\" width=\"800\" height=\"532\"><\/a><\/p>\n<p>Profesor fizike i matematike Dragan Klement ove je godine oti\u0161ao u zaslu\u017eenu mirovinu, a te\u0161ko je rije\u010dima opisati trag koji je ostavio \u2014 ne samo u u\u010dionicama slatinske Srednje \u0161kole Marka Maruli\u0107a, nego i u srcima svih onih koji su imali sre\u0107u biti njegovi u\u010denici.<\/p>\n<p>Generacije srednjo\u0161kolaca prolazile su kroz njegove sate, gdje se u\u010dila fizika, ali jo\u0161 va\u017enije \u2014 u\u010dilo se po\u0161tenju, upornosti, logi\u010dkom razmi\u0161ljanju i \u017eivotu. Profesor Klement tijekom svoje karijere nije bio samo nastavnik \u2013 bio je uzor, strpljivi vodi\u010d i \u010dovjek koji je znao kako znanje u\u010diniti zanimljivim, a odgoj nenametljivim, ali sna\u017enim. Mnogi od njih danas ka\u017eu da su im njegove lekcije bile temelj ne samo za studij, nego i za \u017eivotne odluke \u2013 odluke kojima pojedinci danas grade bolju Slatinu.<\/p>\n<p>(www.radioslatina.hr; Foto: Kristijan Toplak, Robert Turkalj)<\/p>\n","protected":false},"excerpt":{"rendered":"<p>Na sve\u010danoj sjednici slatinskog Gradskog vije\u0107a u prigodi obilje\u017eavanja Dana grada Slatine i 728. obljetnice prvoga pisanog spomena imena Slatine odr\u017eana je sve\u010danost na kojoj<span class=\"excerpt-hellip\"> [\u2026]<\/span><\/p>\n","protected":false},"author":5,"featured_media":124428,"comment_status":"closed","ping_status":"closed","sticky":false,"template":"","format":"standard","meta":{"ngg_post_thumbnail":0,"footnotes":""},"categories":[137,136,11],"tags":[],"class_list":["post-124420","post","type-post","status-publish","format-standard","has-post-thumbnail","hentry","category-naslovnica","category-grad-slatina","category-gradskovijece"],"_links":{"self":[{"href":"https:\/\/www.slatina.hr\/portal\/wp-json\/wp\/v2\/posts\/124420","targetHints":{"allow":["GET"]}}],"collection":[{"href":"https:\/\/www.slatina.hr\/portal\/wp-json\/wp\/v2\/posts"}],"about":[{"href":"https:\/\/www.slatina.hr\/portal\/wp-json\/wp\/v2\/types\/post"}],"author":[{"embeddable":true,"href":"https:\/\/www.slatina.hr\/portal\/wp-json\/wp\/v2\/users\/5"}],"replies":[{"embeddable":true,"href":"https:\/\/www.slatina.hr\/portal\/wp-json\/wp\/v2\/comments?post=124420"}],"version-history":[{"count":2,"href":"https:\/\/www.slatina.hr\/portal\/wp-json\/wp\/v2\/posts\/124420\/revisions"}],"predecessor-version":[{"id":124430,"href":"https:\/\/www.slatina.hr\/portal\/wp-json\/wp\/v2\/posts\/124420\/revisions\/124430"}],"wp:featuredmedia":[{"embeddable":true,"href":"https:\/\/www.slatina.hr\/portal\/wp-json\/wp\/v2\/media\/124428"}],"wp:attachment":[{"href":"https:\/\/www.slatina.hr\/portal\/wp-json\/wp\/v2\/media?parent=124420"}],"wp:term":[{"taxonomy":"category","embeddable":true,"href":"https:\/\/www.slatina.hr\/portal\/wp-json\/wp\/v2\/categories?post=124420"},{"taxonomy":"post_tag","embeddable":true,"href":"https:\/\/www.slatina.hr\/portal\/wp-json\/wp\/v2\/tags?post=124420"}],"curies":[{"name":"wp","href":"https:\/\/api.w.org\/{rel}","templated":true}]}}