{"id":124332,"date":"2025-09-01T19:14:54","date_gmt":"2025-09-01T17:14:54","guid":{"rendered":"https:\/\/www.slatina.hr\/portal\/?p=124332"},"modified":"2025-09-01T19:14:54","modified_gmt":"2025-09-01T17:14:54","slug":"povodom-obiljezavanja-dana-grada-slatine-polozeni-vijenci-u-spomen-na-poginule-hrvatske-branitelje","status":"publish","type":"post","link":"https:\/\/www.slatina.hr\/portal\/povodom-obiljezavanja-dana-grada-slatine-polozeni-vijenci-u-spomen-na-poginule-hrvatske-branitelje\/","title":{"rendered":"Povodom obilje\u017eavanja Dana grada Slatine polo\u017eeni vijenci u spomen na poginule hrvatske branitelje"},"content":{"rendered":"<p>Uo\u010di sve\u010dane sjednice slatinskog Gradskog vije\u0107a u prigodi Dana grada Slatine&nbsp; i 728. obljetnice prvog pisanog spomena imena Slatine u Parku 136. slatinske brigade ispred spomenika poginulim hrvatskim braniteljima iz Domovinskog rata uprili\u010dena je sve\u010danost na kojoj su brojna izaslanstva odala po\u010dast poginulim hrvatskim braniteljima, koji su dali ono najvrjednije, svoje \u017eivote za slobodnu nam i nezavisnu Republiku Hrvatsku, te ju nesebi\u010dno branili do posljednjeg daha.<\/p>\n<p>Vijence su redom polo\u017eili: predstavnici Udruge roditelja poginulih branitelja Slatina-Orahovica predvo\u0111eni predsjednikom Tomom Grahovcem, te predstavnici ostalih braniteljskih i stradalni\u010dkih udruga proisteklih iz Domovinskog rata predvo\u0111eni prvim ratnim zapovjednikom 136. slatinske brigade Hrvatske vojske, brigadnim generalom Josipom \u010cernijem, zatim izaslanik predsjednika Hrvatskog sabora Gordana Jandrokovi\u0107a, saborski zastupnik, predsjednik saborskog Odbora za ratne veterane i predsjednik HVIDR-e Republike Hrvatske Josip \u0110aki\u0107 i izaslanica predsjednika Vlade RH Andreja Plenkovi\u0107a, dr\u017eavna tajnica u Ministarstvu prostornog ure\u0111enja, graditeljstva i dr\u017eavne imovine Sanja Bo\u0161njak, a zajedno s njima po\u010dast su odali i saborska zastupnica Vesna Bedekovi\u0107, dr\u017eavni tajnik u Ministarstvu regionalnog razvoja i EU fondova Domagoj Mikuli\u0107, izaslanik ministra Obrane Ivana Anu\u0161i\u0107a, stru\u010dni savjetnik u Podru\u010dnom odjelu za poslove obrane u Virovitici Damir \u0160arabok i voditeljica Podru\u010dnog odjela Ministarstva hrvatskih branitelja u Virovitici Marina Kralji\u0107.<\/p>\n<p>Nadalje po\u010dast su odali \u017eupan Viroviti\u010dko-podravske \u017eupanije Igor Androvi\u0107 i do\u017eupan Marijo Klement, predsjednik \u017eupanijske skup\u0161tine Viroviti\u010dko-podravske \u017eupanije Dinko Begovi\u0107 zajedno s predstavnicima gostuju\u0107ih gradova i op\u0107ina, zatim izaslanik na\u010delnika Policijske uprave viroviti\u010dko-podravske Marcela \u0160troka, njegov zamjenik Nenad Kri\u017ei\u0107 i zamjenik na\u010delnika Policijske postaje Slatina Nenad Lanko, te predstavnici Vije\u0107a srpske nacionalne manjine Grada Slatine na \u010delu sa zamjenikom predsjednice Milom Maksimovi\u0107em, dok su u ime Grada Slatine po\u010dast odali predsjednik Gradskog vije\u0107a Grada Slatine Luka Repi\u0107, gradona\u010delnik Grada Slatine Tomo Tomi\u0107 i njegov zamjenik Ivan Drokan zajedno sa slatinskim gradskim vije\u0107nicima.<\/p>\n<p>Molitvu u znak sje\u0107anja na poginule hrvatske branitelje predvodili su \u017eupnici slatinskih \u017eupa sv. Josipa i bl. Ivana Merza, vl\u010d. Tomislav Dokoz i vl\u010d. Tomislav Varela.<\/p>\n<p>U nastavku sve\u010danosti po\u010dast je odana i prvom Hrvatskom predsjedniku dr. Franji Tu\u0111manu polaganjem cvije\u0107a i paljenjem svije\u0107a ispred njegove biste, a potom je odr\u017eana sve\u010dana sjednica Gradskog vije\u0107a Grada Slatine u kino dvorani Pu\u010dkog otvorenog u\u010dili\u0161ta Slatina.<\/p>\n<p>(www.radioslatina.hr; Foto: Krstijan Toplak, Robert Turkalj)<\/p>\nngg_shortcode_0_placeholder\n","protected":false},"excerpt":{"rendered":"<p>Uo\u010di sve\u010dane sjednice slatinskog Gradskog vije\u0107a u prigodi Dana grada Slatine&nbsp; i 728. obljetnice prvog pisanog spomena imena Slatine u Parku 136. slatinske brigade ispred<span class=\"excerpt-hellip\"> [\u2026]<\/span><\/p>\n","protected":false},"author":5,"featured_media":124354,"comment_status":"closed","ping_status":"closed","sticky":false,"template":"","format":"standard","meta":{"ngg_post_thumbnail":0,"footnotes":""},"categories":[1,136,11,137],"tags":[],"class_list":["post-124332","post","type-post","status-publish","format-standard","has-post-thumbnail","hentry","category-uncategorized","category-grad-slatina","category-gradskovijece","category-naslovnica"],"_links":{"self":[{"href":"https:\/\/www.slatina.hr\/portal\/wp-json\/wp\/v2\/posts\/124332","targetHints":{"allow":["GET"]}}],"collection":[{"href":"https:\/\/www.slatina.hr\/portal\/wp-json\/wp\/v2\/posts"}],"about":[{"href":"https:\/\/www.slatina.hr\/portal\/wp-json\/wp\/v2\/types\/post"}],"author":[{"embeddable":true,"href":"https:\/\/www.slatina.hr\/portal\/wp-json\/wp\/v2\/users\/5"}],"replies":[{"embeddable":true,"href":"https:\/\/www.slatina.hr\/portal\/wp-json\/wp\/v2\/comments?post=124332"}],"version-history":[{"count":1,"href":"https:\/\/www.slatina.hr\/portal\/wp-json\/wp\/v2\/posts\/124332\/revisions"}],"predecessor-version":[{"id":124355,"href":"https:\/\/www.slatina.hr\/portal\/wp-json\/wp\/v2\/posts\/124332\/revisions\/124355"}],"wp:featuredmedia":[{"embeddable":true,"href":"https:\/\/www.slatina.hr\/portal\/wp-json\/wp\/v2\/media\/124354"}],"wp:attachment":[{"href":"https:\/\/www.slatina.hr\/portal\/wp-json\/wp\/v2\/media?parent=124332"}],"wp:term":[{"taxonomy":"category","embeddable":true,"href":"https:\/\/www.slatina.hr\/portal\/wp-json\/wp\/v2\/categories?post=124332"},{"taxonomy":"post_tag","embeddable":true,"href":"https:\/\/www.slatina.hr\/portal\/wp-json\/wp\/v2\/tags?post=124332"}],"curies":[{"name":"wp","href":"https:\/\/api.w.org\/{rel}","templated":true}]}}