{"id":124329,"date":"2025-09-01T19:10:09","date_gmt":"2025-09-01T17:10:09","guid":{"rendered":"https:\/\/www.slatina.hr\/portal\/?p=124329"},"modified":"2025-09-01T19:10:09","modified_gmt":"2025-09-01T17:10:09","slug":"cestitka-predsjednika-slatinskog-gradskog-vijeca-luke-repica-u-prigodi-dana-grada-slatine","status":"publish","type":"post","link":"https:\/\/www.slatina.hr\/portal\/cestitka-predsjednika-slatinskog-gradskog-vijeca-luke-repica-u-prigodi-dana-grada-slatine\/","title":{"rendered":"\u010cestitka predsjednika slatinskog Gradskog vije\u0107a Luke Repi\u0107a u prigodi Dana grada Slatine"},"content":{"rendered":"<p>Dragi sugra\u0111ani,<\/p>\n<p>Povodom Dana grada Slatine, upu\u0107ujem iskrene \u010destitke i najbolje \u017eelje. Ovaj dan prilika je da se prisjetimo svih onih koji su gradili na\u0161u Slatinu i da s optimizmom gledamo u budu\u0107nost. Nastavimo zajedno graditi grad ponosan na svoju pro\u0161lost i spreman za izazove sutra\u0161njice.<\/p>\n<p>Predsjednik Gradskog vije\u0107a Grada Slatine<\/p>\n<p>Luka Repi\u0107<\/p>\n","protected":false},"excerpt":{"rendered":"<p>Dragi sugra\u0111ani, Povodom Dana grada Slatine, upu\u0107ujem iskrene \u010destitke i najbolje \u017eelje. Ovaj dan prilika je da se prisjetimo svih onih koji su gradili na\u0161u<span class=\"excerpt-hellip\"> [\u2026]<\/span><\/p>\n","protected":false},"author":5,"featured_media":124330,"comment_status":"closed","ping_status":"closed","sticky":false,"template":"","format":"standard","meta":{"ngg_post_thumbnail":0,"footnotes":""},"categories":[137,136,11],"tags":[],"class_list":["post-124329","post","type-post","status-publish","format-standard","has-post-thumbnail","hentry","category-naslovnica","category-grad-slatina","category-gradskovijece"],"_links":{"self":[{"href":"https:\/\/www.slatina.hr\/portal\/wp-json\/wp\/v2\/posts\/124329","targetHints":{"allow":["GET"]}}],"collection":[{"href":"https:\/\/www.slatina.hr\/portal\/wp-json\/wp\/v2\/posts"}],"about":[{"href":"https:\/\/www.slatina.hr\/portal\/wp-json\/wp\/v2\/types\/post"}],"author":[{"embeddable":true,"href":"https:\/\/www.slatina.hr\/portal\/wp-json\/wp\/v2\/users\/5"}],"replies":[{"embeddable":true,"href":"https:\/\/www.slatina.hr\/portal\/wp-json\/wp\/v2\/comments?post=124329"}],"version-history":[{"count":1,"href":"https:\/\/www.slatina.hr\/portal\/wp-json\/wp\/v2\/posts\/124329\/revisions"}],"predecessor-version":[{"id":124331,"href":"https:\/\/www.slatina.hr\/portal\/wp-json\/wp\/v2\/posts\/124329\/revisions\/124331"}],"wp:featuredmedia":[{"embeddable":true,"href":"https:\/\/www.slatina.hr\/portal\/wp-json\/wp\/v2\/media\/124330"}],"wp:attachment":[{"href":"https:\/\/www.slatina.hr\/portal\/wp-json\/wp\/v2\/media?parent=124329"}],"wp:term":[{"taxonomy":"category","embeddable":true,"href":"https:\/\/www.slatina.hr\/portal\/wp-json\/wp\/v2\/categories?post=124329"},{"taxonomy":"post_tag","embeddable":true,"href":"https:\/\/www.slatina.hr\/portal\/wp-json\/wp\/v2\/tags?post=124329"}],"curies":[{"name":"wp","href":"https:\/\/api.w.org\/{rel}","templated":true}]}}