{"id":124127,"date":"2025-07-29T12:34:11","date_gmt":"2025-07-29T10:34:11","guid":{"rendered":"https:\/\/www.slatina.hr\/portal\/?p=124127"},"modified":"2025-07-29T12:36:43","modified_gmt":"2025-07-29T10:36:43","slug":"u-ponedjeljak-4-kolovoza-u-slatini-svecanost-povodom-dana-pobjede-i-domovinske-zahvalnosti-te-dana-hrvatskih-branitelja","status":"publish","type":"post","link":"https:\/\/www.slatina.hr\/portal\/u-ponedjeljak-4-kolovoza-u-slatini-svecanost-povodom-dana-pobjede-i-domovinske-zahvalnosti-te-dana-hrvatskih-branitelja\/","title":{"rendered":"U ponedjeljak, 4. kolovoza u Slatini sve\u010danost povodom Dana pobjede i domovinske zahvalnosti te Dana hrvatskih branitelja"},"content":{"rendered":"<p>Prigodom obilje\u017eavanja Dana pobjede i domovinske zahvalnosti te Dana hrvatskih branitelja u ponedjeljak, 4. kolovoza bit \u0107e uprili\u010dena sve\u010danost polaganja vijenaca kojom \u0107e se odati po\u010dast svim poginulim, nestalim i stradalim hrvatskim braniteljima iz Domovinskog rata.<\/p>\n<p>Polaganje vijenaca odr\u017eat \u0107e se s po\u010detkom u 18 sati ispred spomenika poginulim hrvatskim braniteljima iz Domovinskog rata u Parku 136. slatinske brigade, a potom i kod Kri\u017ea mu\u010denika na gradskom groblju u Slatini.<\/p>\n<p>Istoga dana u 18:30 sati bit \u0107e slu\u017eena sveta misa za domovinu u crkvi sv. Josipa u Slatini.<\/p>\n<p>Grad Slatina poziva Vas da svojom nazo\u010dno\u0161\u0107u uveli\u010date obilje\u017eavanje Dana pobjede i domovinske zahvalnosti te Dana hrvatskih branitelja.<\/p>\n<p>(www.radioslatina.hr)<\/p>\n","protected":false},"excerpt":{"rendered":"<p>Prigodom obilje\u017eavanja Dana pobjede i domovinske zahvalnosti te Dana hrvatskih branitelja u ponedjeljak, 4. kolovoza bit \u0107e uprili\u010dena sve\u010danost polaganja vijenaca kojom \u0107e se odati<span class=\"excerpt-hellip\"> [\u2026]<\/span><\/p>\n","protected":false},"author":5,"featured_media":124128,"comment_status":"closed","ping_status":"closed","sticky":false,"template":"","format":"standard","meta":{"ngg_post_thumbnail":0,"footnotes":""},"categories":[137,136],"tags":[],"class_list":["post-124127","post","type-post","status-publish","format-standard","has-post-thumbnail","hentry","category-naslovnica","category-grad-slatina"],"_links":{"self":[{"href":"https:\/\/www.slatina.hr\/portal\/wp-json\/wp\/v2\/posts\/124127","targetHints":{"allow":["GET"]}}],"collection":[{"href":"https:\/\/www.slatina.hr\/portal\/wp-json\/wp\/v2\/posts"}],"about":[{"href":"https:\/\/www.slatina.hr\/portal\/wp-json\/wp\/v2\/types\/post"}],"author":[{"embeddable":true,"href":"https:\/\/www.slatina.hr\/portal\/wp-json\/wp\/v2\/users\/5"}],"replies":[{"embeddable":true,"href":"https:\/\/www.slatina.hr\/portal\/wp-json\/wp\/v2\/comments?post=124127"}],"version-history":[{"count":2,"href":"https:\/\/www.slatina.hr\/portal\/wp-json\/wp\/v2\/posts\/124127\/revisions"}],"predecessor-version":[{"id":124130,"href":"https:\/\/www.slatina.hr\/portal\/wp-json\/wp\/v2\/posts\/124127\/revisions\/124130"}],"wp:featuredmedia":[{"embeddable":true,"href":"https:\/\/www.slatina.hr\/portal\/wp-json\/wp\/v2\/media\/124128"}],"wp:attachment":[{"href":"https:\/\/www.slatina.hr\/portal\/wp-json\/wp\/v2\/media?parent=124127"}],"wp:term":[{"taxonomy":"category","embeddable":true,"href":"https:\/\/www.slatina.hr\/portal\/wp-json\/wp\/v2\/categories?post=124127"},{"taxonomy":"post_tag","embeddable":true,"href":"https:\/\/www.slatina.hr\/portal\/wp-json\/wp\/v2\/tags?post=124127"}],"curies":[{"name":"wp","href":"https:\/\/api.w.org\/{rel}","templated":true}]}}