{"id":123532,"date":"2025-05-05T11:16:18","date_gmt":"2025-05-05T09:16:18","guid":{"rendered":"https:\/\/www.slatina.hr\/portal\/?p=123532"},"modified":"2025-05-05T11:16:18","modified_gmt":"2025-05-05T09:16:18","slug":"na-10-jubilarnom-obrtnicko-gospodarskom-sajmu-u-slatini-rekordan-broj-izlagaca-i-posjetitelja","status":"publish","type":"post","link":"https:\/\/www.slatina.hr\/portal\/na-10-jubilarnom-obrtnicko-gospodarskom-sajmu-u-slatini-rekordan-broj-izlagaca-i-posjetitelja\/","title":{"rendered":"Na 10. jubilarnom obrtni\u010dko-gospodarskom sajmu u Slatini rekordan broj izlaga\u010da i posjetitelja"},"content":{"rendered":"<p>Ju\u010der (nedjelja) je u Slatini odr\u017ean jubilarni, 10. po redu obrtni\u010dko-gospodarski sajam koji je privukao preko 70 izlaga\u010da i nevjerojatan broj posjetitelja.<br \/>\nI za ovogodi\u0161nje izdanje ove tradicionalne manifestacije zaslu\u017ena je i vi\u0161e nego uspje\u0161na organizacija Udru\u017eenja obrtnika Slatina, naravno pod pokroviteljstvom Grada Slatine, Turisti\u010dke zajednice Grada Slatine, Gradske razvojne agencije Slatine, Viroviti\u010dko-podravske \u017eupanije te Hrvatske obrtni\u010dke komore i Podru\u010dne obrtni\u010dke komore Viroviti\u010dko-podravske \u017eupanije.<\/p>\n<p>Valja naglasiti da je sajam odr\u017ean uz medijsko pokroviteljstvo Slatinskog informativnog centra uz izravno javljanje u eter Radio Slatine, \u0161to je zasigurno pripomoglo odazivu posjetitelja koji su po izuzetno lijepom vremenu mogli provesti ovu nedjelju u sredi\u0161tu grada, okru\u017eeni zelenilom Parka 136. slatinske brigade, ali i u ugodnom dru\u0161tvu, \u0161etnji i razgledavanju raznovrsne ponude \u0161tandova obrtnika, poduzetnika, obiteljskih poljoprivrednih gospodarstva, ku\u0107nih radinosti i udruga iz Slatine, slatinskih prigradskih naselja, susjednih op\u0107ina, te s podru\u010dja Osijeka, \u0110akova, Re\u0161etara, Vinkovaca, Koprivnice, Valpova, Slavonskog Broda, Kri\u017eevaca, Bjelovara, Na\u0161ica, Virovitice, Pitoma\u010de\u2026<\/p>\n<p>Sve\u010dano otvorenje sajma zapo\u010delo je intoniranjem Hrvatske himne i odavanjem po\u010dasti poginulim hrvatskim braniteljima minutom \u0161utnje, a nakon rije\u010di dobrodo\u0161lice doma\u0107ina, predsjednika slatinskog Udru\u017eenja obrtnika Zlatka \u0160omo\u0111ija i zamjenika gradona\u010delnika koji obna\u0161a du\u017enost gradona\u010delnika Grada Slatine Ilije Nikoli\u0107a, rije\u010di hvale sajmu i potpore slatinskim obrtnicima uputili su i predsjednik Hrvatske obrtni\u010dke komore Dalibor Kratohvil i \u017eupan Viroviti\u010dko-podravske \u017eupanije Igor Androvi\u0107 kojemu je pripala \u010dast otvoriti sajam.<\/p>\n<p><a href=\"https:\/\/www.radioslatina.hr\/foto-na-10-jubilarnom-obrtnicko-gospodarskom-sajmu-u-slatini-rekordan-broj-izlagaca-i-posjetitelja\/img_4204_1024x683-5\/\" rel=\"attachment wp-att-387227 noopener\" target=\"_blank\"><img loading=\"lazy\" decoding=\"async\" class=\"wp-image-387227 alignleft\" src=\"https:\/\/www.radioslatina.hr\/wp-content\/uploads\/2025\/05\/IMG_4204_1024x683.jpg\" sizes=\"auto, (max-width: 300px) 100vw, 300px\" srcset=\"https:\/\/www.radioslatina.hr\/wp-content\/uploads\/2025\/05\/IMG_4204_1024x683.jpg 1024w, https:\/\/www.radioslatina.hr\/wp-content\/uploads\/2025\/05\/IMG_4204_1024x683-768x512.jpg 768w\" alt=\"\" width=\"300\" height=\"200\"><\/a>Predsjednik Udru\u017eenja obrtnika Slatina Zlatko \u0160omo\u0111i u svom je govoru naglasio kako je cilj sajma obrtnicima i svim izlaga\u010dima pru\u017eiti priliku da svoj rad i svoje proizvode predstave gra\u0111anima, potencijalnim kupcima i poslovnim partnerima kroz proces nastanka proizvoda ili usluge.<\/p>\n<p>\u2013 Osobito mi je drago \u0161to je ideja o organizaciji Obrtni\u010dko-gospodarskog sajma u Slatini za\u017eivjela u punom smislu, a sajam do\u017eivio svoj jubilej te je u ovih deset godina rastao i postao itekako prepoznatljiv na podru\u010dju na\u0161e \u017eupanije, ali i cijele Slavonije i \u0161ire.<\/p>\n<p>U suradnji sa slatinskim srednjim \u0161kolama, kroz promociju obrtni\u010dkih zanimanja, \u017eelimo budu\u0107e u\u010denike potaknuti da upi\u0161u neko obrtni\u010dko zanimanje te im pokazati koje su vje\u0161tine njihovi vr\u0161njaci ve\u0107 usvojili tijekom \u0161kolovanja, \u2013 istaknuo je \u0160omo\u0111i te se zahvalio svima koji su pomogli njegovu realizaciju.<\/p>\n<p><a href=\"https:\/\/www.radioslatina.hr\/foto-na-10-jubilarnom-obrtnicko-gospodarskom-sajmu-u-slatini-rekordan-broj-izlagaca-i-posjetitelja\/img_4220_1024x683-2\/\" rel=\"attachment wp-att-387228 noopener\" target=\"_blank\"><img loading=\"lazy\" decoding=\"async\" class=\"wp-image-387228 alignright\" src=\"https:\/\/www.radioslatina.hr\/wp-content\/uploads\/2025\/05\/IMG_4220_1024x683.jpg\" sizes=\"auto, (max-width: 300px) 100vw, 300px\" srcset=\"https:\/\/www.radioslatina.hr\/wp-content\/uploads\/2025\/05\/IMG_4220_1024x683.jpg 1024w, https:\/\/www.radioslatina.hr\/wp-content\/uploads\/2025\/05\/IMG_4220_1024x683-768x512.jpg 768w\" alt=\"\" width=\"300\" height=\"200\"><\/a>U ime Grada Slatine, ali i Gradske razvojne agencije Slatine i Turisti\u010dke zajednice Grada Slatine sve nazo\u010dne je pozdravio zamjenik gradona\u010delnika koji obna\u0161a du\u017enost gradona\u010delnika Grada Slatine Ilija Nikoli\u0107 te se zahvalio svim izlaga\u010dima, osobito onima koji dolaze ve\u0107 niz godina.<\/p>\n<p>\u2013 Ovaj 10. jubilarni sajam najve\u0107i je do sada i okupio je preko 70 izlaga\u010da \u0161to zna\u010di da idemo naprijed. Izuzetno mi je drago na tome, te se zahvaljujem svima na odazivu. Ponosan sam \u0161to ovaj na\u0161 sajam iz godine u godinu raste, te vjerujem da mo\u017ee prerasti u jo\u0161 ve\u0107u manifestaciju koja \u0107e mo\u0107i ponuditi i dvodnevni program. Slatina je uvijek bila grad obrtni\u0161ta te se nadam da \u0107e tako i ostati, \u2013 istaknuo je Nikoli\u0107, te svim izlaga\u010dima i posjetiteljima za\u017eelio ugodan boravak u Slatini<\/p>\n<p><a href=\"https:\/\/www.radioslatina.hr\/foto-na-10-jubilarnom-obrtnicko-gospodarskom-sajmu-u-slatini-rekordan-broj-izlagaca-i-posjetitelja\/img_4228_1024x683-4\/\" rel=\"attachment wp-att-387229 noopener\" target=\"_blank\"><img loading=\"lazy\" decoding=\"async\" class=\"wp-image-387229 alignleft\" src=\"https:\/\/www.radioslatina.hr\/wp-content\/uploads\/2025\/05\/IMG_4228_1024x683.jpg\" sizes=\"auto, (max-width: 300px) 100vw, 300px\" srcset=\"https:\/\/www.radioslatina.hr\/wp-content\/uploads\/2025\/05\/IMG_4228_1024x683.jpg 1024w, https:\/\/www.radioslatina.hr\/wp-content\/uploads\/2025\/05\/IMG_4228_1024x683-768x512.jpg 768w\" alt=\"\" width=\"300\" height=\"200\"><\/a>Pohvale organizatorima sajma i \u010destitke svim izlaga\u010dima na ustrajnosti \u010duvanja svojih zanata uputio je predsjednik Hrvatske obrtni\u010dke komore Dalibor Kratohvil koji je ove godine gost sajma bio po tre\u0107i puta. Tom je prigodom Slatin\u010danima osim u svoje, uputio pozdrave i u ime 126.000 hrvatskih obrtnika.<\/p>\n<p>\u2013 Veseli me dolazak ovdje u Slatinu jer na ovom sajmu imamo \u0161to vidjeti, to su zlatne ruke na\u0161ih poduzetnika, obrtnika i OPG-ova, te me veseli ovako veliki broj izlaga\u010da.<br \/>\nTradicija slatinskog obrtni\u0161tva ima dugu povijest, a ja volim \u010desto re\u0107i da od kad je svijeta i obrtni\u0161tva, a mi u Hrvatskoj imamo 175 godina kontroliranoga obrtni\u0161tva, odnosno organiziranosti obrtnika u zajednice. Ovo \u0161to danas vidite ovdje to je trud i napor ljudi koji vode Udru\u017eenje obrtnika Slatina, a ono \u0161to je njihova naknada, jedino je \u010dast obna\u0161anja svoje du\u017enosti na \u010demu im veliko hvala, \u2013 istaknuo je Kratohvil te dodao:<\/p>\n<p>\u2013 Da je obrtni\u0161tvo snaga koja raste, a da je obrtni\u0161tvo jedan od glavnih stupova gospodarstva u Republici Hrvatskoj govore nam brojke, za 11.000 obrtnika smo bogatiji nego u pro\u0161loj godini, a ono \u0161to me posebno veseli je da je u proteklih pet godina na podru\u010dju Viroviti\u010dko-podravske \u017eupanije obrtni\u0161tvo raslo za 38, nevjerojatnih 38% a u samom gradu Slatini 37%. A to nam sve govori o jednoj sinergiji i poduzetnika, obrtnika ali svakako i lokalne, te regionalne samouprave, i jedino tim putem hrvatsko gospodarstvo mo\u017ee sna\u017eno rasti kako danas raste, \u2013 zaklju\u010dio je Kratohvil.<\/p>\n<p><a href=\"https:\/\/www.radioslatina.hr\/foto-na-10-jubilarnom-obrtnicko-gospodarskom-sajmu-u-slatini-rekordan-broj-izlagaca-i-posjetitelja\/img-242bd7ee9d6b0053b7d41efb5f6f65ab-v_1024x682_1024x682\/\" rel=\"attachment wp-att-387230 noopener\" target=\"_blank\"><img loading=\"lazy\" decoding=\"async\" class=\"wp-image-387230 alignright\" src=\"https:\/\/www.radioslatina.hr\/wp-content\/uploads\/2025\/05\/IMG-242bd7ee9d6b0053b7d41efb5f6f65ab-V_1024x682_1024x682.jpg\" sizes=\"auto, (max-width: 300px) 100vw, 300px\" srcset=\"https:\/\/www.radioslatina.hr\/wp-content\/uploads\/2025\/05\/IMG-242bd7ee9d6b0053b7d41efb5f6f65ab-V_1024x682_1024x682.jpg 1024w, https:\/\/www.radioslatina.hr\/wp-content\/uploads\/2025\/05\/IMG-242bd7ee9d6b0053b7d41efb5f6f65ab-V_1024x682_1024x682-768x512.jpg 768w\" alt=\"\" width=\"300\" height=\"200\"><\/a>Na kraju se okupljenima obratio \u017eupan Viroviti\u010dko-podravske \u017eupanije Igor Androvi\u0107 izraziv\u0161i zadovoljstvo ponovnim dolaskom na ovaj sajam.<\/p>\n<p>\u2013 Drago mi je da mogu \u010destitati naravno svim organizatorima i svim izlaga\u010dima koji su danas ovdje na ovom mjestu susreta, znanja, inovacija, truda i poduzetni\u010dkog duha. Drago mi je da ovaj sajam svake godine raste i da se vidi napredak. Ovo nije samo mjesto susreta poduzetnika ovo je doista mjesto gdje trebate prikazati \u0161to proizvodite, va\u0161e usluge, va\u0161 trud, negdje i pri\u010de generacije iz generacije. Drago mi je da smo kao \u017eupanija poznata po tradiciji sajmovanja i \u017eelim da to tako ostane i dalje, \u2013 naglasio je \u017eupan Androvi\u0107 te dodao kako su za spomenute pozitivne statisti\u010dke pokazatelje zaslu\u017eni upravo obrtnici i poduzetnici.<\/p>\n<p>\u2013 Zadovoljstvo i \u010dast mi je \u0161to ste i vi obrtnici pridonijeli tome, a i mi kao \u017eupanija imamo potpore i za poduzetnike i za obrtnike, za poduzetnike po\u010detnike, to je na razini pola miliona eura godi\u0161nje i ja vjerujem da smo i mi kroz te potpore, kroz na\u0161e poduzetni\u010dke inkubatore doprinijeli da ovakvi statisti\u010dki pokazatelji na razini \u017eupanije budu pozitivni.<\/p>\n<p>Ovaj sajam je za vas doista prilika i jedna pozornica, da prezentirate svoje proizvode, da se na kraju krajeva i vi me\u0111usobno kao obrtnici pove\u017eete, ali i da prezentirate svoj proizvode, te \u0161irite dobre vijesti i dobre pri\u010de o svima vama, \u2013 rekao je \u017eupan Androvi\u0107 te proglasio sajam otvorenim.<\/p>\n<p>Otvorenju sajma prisustvovali su i do\u017eupan viroviti\u010dko-podravski Marijo Klement, pro\u010delnik Upravnog odjela za gospodarstvo i poljoprivredu Viroviti\u010dko-podravske \u017eupanije Bojan Mijok, direktorica Turisti\u010dke zajednice Grada Slatine Martina Kostanjevac, ravnateljica Gradske razvojne agencije Slatine Martina Kireta, na\u010delnik Op\u0107ine \u010ca\u0111avica Mirko Ron\u010devi\u0107, predsjednik Podru\u010dne obrtni\u010dke komore VP\u017d Stjepan Kenjeri\u0107, njegova zamjenica Ivana Vanjhal i tajnica iste Maja Geci, predsjednik obrtni\u010dke komore Osje\u010dko-baranjske \u017eupanije Stjepan Birovi\u0107, dopredsjednik Udru\u017eenja obrtnika Virovitica Tomislav Malo\u010da, predsjednica Nadzornog odbora Podru\u010dne obrtni\u010dke komore Virovitica Ivana Sajden\u0161ajf, ravnatelj Industrijsko-obrtni\u010dke \u0161kole Slatina Mladen Graovac, ravnatelj Srednje \u0161kole Marka Maruli\u0107a Slatina Ivan Ro\u0161ta\u0161, te predstavnici gradskih institucija i udruga.<\/p>\n<p>U kulturnom dijelu sve\u010danog otvorenja nastupili su \u010dlanovi Hrvatskog kulturno-umjetni\u010dkog dru\u0161tva Dika Slatina i koji su se predstavili spletom pjesama i plesova posavskog kraja i KUD-a Podravina iz \u010ca\u0111avice koji su prikazali splet pjesama i plesova Slavonije, dok se glazbeni sastav Otkazani let pobrinuo za dobru atmosferu tijekom cijeloga trajanja sajma.<\/p>\n<p><a href=\"https:\/\/www.radioslatina.hr\/foto-na-10-jubilarnom-obrtnicko-gospodarskom-sajmu-u-slatini-rekordan-broj-izlagaca-i-posjetitelja\/img_4662_1024x683-2\/\" rel=\"attachment wp-att-387231 noopener\" target=\"_blank\"><img loading=\"lazy\" decoding=\"async\" class=\"wp-image-387231 alignleft\" src=\"https:\/\/www.radioslatina.hr\/wp-content\/uploads\/2025\/05\/IMG_4662_1024x683-rotated.jpg\" alt=\"\" width=\"171\" height=\"256\"><\/a>Uz raznoliku i atraktivnu ponudu izlaga\u010da posjetitelji su mogli sudjelovati u zanimljivim demonstracijama i nagradnim igrama, te prezentacijama starih zanata gdje je posebna atrakcija bio majstor lon\u010dar Ivan Serdar iz Kujnika kod Slavonskog broda \u010dije se kolo vrtjelo cijeli dan i rukama ovoga umjetnika stvaralo prava remek djela od gline.<\/p>\n<p>Promocija obrtni\u010dkih zanimanja tako\u0111er je va\u017ean segment ovoga sajma, a prezentirali su ih u\u010denici i mentori Srednje \u0161kole Marka Maruli\u0107a i Industrijsko-obrtni\u010dke \u0161kole Slatina.<\/p>\n<p><a href=\"https:\/\/www.radioslatina.hr\/foto-na-10-jubilarnom-obrtnicko-gospodarskom-sajmu-u-slatini-rekordan-broj-izlagaca-i-posjetitelja\/img_5238_1024x683-3\/\" rel=\"attachment wp-att-387232 noopener\" target=\"_blank\"><img loading=\"lazy\" decoding=\"async\" class=\"wp-image-387232 alignright\" src=\"https:\/\/www.radioslatina.hr\/wp-content\/uploads\/2025\/05\/IMG_5238_1024x683.jpg\" sizes=\"auto, (max-width: 300px) 100vw, 300px\" srcset=\"https:\/\/www.radioslatina.hr\/wp-content\/uploads\/2025\/05\/IMG_5238_1024x683.jpg 1024w, https:\/\/www.radioslatina.hr\/wp-content\/uploads\/2025\/05\/IMG_5238_1024x683-768x512.jpg 768w\" alt=\"\" width=\"300\" height=\"200\"><\/a>Atrakcija sajma bila je i modno-frizerska pri\u010da crvenog tepiha, jedinstvena prezentacija odjevnih kreacija i frizura u re\u017eiji u\u010denika i profesora IO\u0160-a, a u reviju su bili uklju\u010deni u\u010denici zanimanja kroja\u010d i frizer.<\/p>\n<p>One najmla\u0111e privukli su veliki napuhanci, vrtuljci i jumperi gdje su prona\u0161li izvrsnu zabavu te im nije bilo te\u0161ko \u010dekati da na njih do\u0111e red u\u017eivati u svim njihovim atrakcijama, a nije izostala ni odli\u010dna gastronomska ponuda te su se mogle kupiti lepinje, fritule, fast food jela, kokice i druge delicije te razli\u010dite slastice, od kola\u010da, \u010dokoladnih specijaliteta do slatki\u0161a, kao i osvje\u017eavaju\u0107a pi\u0107a.<\/p>\n<p><a href=\"https:\/\/www.radioslatina.hr\/foto-na-10-jubilarnom-obrtnicko-gospodarskom-sajmu-u-slatini-rekordan-broj-izlagaca-i-posjetitelja\/img_4179_1024x683-3\/\" rel=\"attachment wp-att-387233 noopener\" target=\"_blank\"><img loading=\"lazy\" decoding=\"async\" class=\"wp-image-387233 alignleft\" src=\"https:\/\/www.radioslatina.hr\/wp-content\/uploads\/2025\/05\/IMG_4179_1024x683.jpg\" sizes=\"auto, (max-width: 300px) 100vw, 300px\" srcset=\"https:\/\/www.radioslatina.hr\/wp-content\/uploads\/2025\/05\/IMG_4179_1024x683.jpg 1024w, https:\/\/www.radioslatina.hr\/wp-content\/uploads\/2025\/05\/IMG_4179_1024x683-768x512.jpg 768w\" alt=\"\" width=\"300\" height=\"200\"><\/a>Svoj doprinos dala je i Dijabeti\u010dka udruga Slatina koja je organizirala akciju mjerenja tlaka i \u0161e\u0107era u krvi. S obzirom na izuzetnu posje\u0107enost sajma i ova je akcija polu\u010dila odli\u010dan odaziv.<\/p>\n<p>Jedna od ve\u0107ih atrakcija sajma bila je i turisti\u010dka vo\u017enja ko\u010dijom po gradu koju je omogu\u0107io Dra\u017een Mad\u017earevi\u0107 iz Re\u0161etara kod Po\u017eege,&nbsp;<a href=\"https:\/\/www.radioslatina.hr\/foto-na-10-jubilarnom-obrtnicko-gospodarskom-sajmu-u-slatini-rekordan-broj-izlagaca-i-posjetitelja\/img_5307_1024x683-2\/\" rel=\"attachment wp-att-387234 noopener\" target=\"_blank\"><img loading=\"lazy\" decoding=\"async\" class=\"wp-image-387234 alignright\" src=\"https:\/\/www.radioslatina.hr\/wp-content\/uploads\/2025\/05\/IMG_5307_1024x683.jpg\" sizes=\"auto, (max-width: 300px) 100vw, 300px\" srcset=\"https:\/\/www.radioslatina.hr\/wp-content\/uploads\/2025\/05\/IMG_5307_1024x683.jpg 1024w, https:\/\/www.radioslatina.hr\/wp-content\/uploads\/2025\/05\/IMG_5307_1024x683-768x512.jpg 768w\" alt=\"\" width=\"300\" height=\"200\"><\/a>vlasnik Obrta Ma\u0111o koji je na svom \u0161tandu ujedno predstavio rukotvorine, odnosno slavonske suvenire i tradicionalne slavonske reklje, narodne no\u0161nje, \u0161e\u0161ire\u2026<\/p>\n<p>Program je dodatno obogatilo izvla\u010denje vrijednih nagrada koje je darovalo preko 40 sponzora, a podijeljeno je preko sto nagrada.<\/p>\n<p>Uz sve to Udru\u017eenje obrtnika Slatina pokazali su se izvrsnim doma\u0107inima te je za sve izlaga\u010de osiguralo ru\u010dak, a odli\u010dan gula\u0161 pripremio je kuhar restorana Sequoia Sini\u0161a \u0160imunovi\u0107.<\/p>\n<p>Vrhunac ovogodi\u0161njeg sajma bio je koncert Najboljih hrvatskih tambura\u0161a koji su svojom svirkom razgalili mnoga srca u publici koja je ispunila u velikom broju sredi\u0161nji slatinski park oko paviljona.<\/p>\n<p>(www.radioslatina.hr)<\/p>\nngg_shortcode_0_placeholder\n","protected":false},"excerpt":{"rendered":"<p>Ju\u010der (nedjelja) je u Slatini odr\u017ean jubilarni, 10. po redu obrtni\u010dko-gospodarski sajam koji je privukao preko 70 izlaga\u010da i nevjerojatan broj posjetitelja. I za ovogodi\u0161nje<span class=\"excerpt-hellip\"> [\u2026]<\/span><\/p>\n","protected":false},"author":5,"featured_media":123579,"comment_status":"closed","ping_status":"closed","sticky":false,"template":"","format":"standard","meta":{"ngg_post_thumbnail":0,"footnotes":""},"categories":[137,136],"tags":[],"class_list":["post-123532","post","type-post","status-publish","format-standard","has-post-thumbnail","hentry","category-naslovnica","category-grad-slatina"],"_links":{"self":[{"href":"https:\/\/www.slatina.hr\/portal\/wp-json\/wp\/v2\/posts\/123532","targetHints":{"allow":["GET"]}}],"collection":[{"href":"https:\/\/www.slatina.hr\/portal\/wp-json\/wp\/v2\/posts"}],"about":[{"href":"https:\/\/www.slatina.hr\/portal\/wp-json\/wp\/v2\/types\/post"}],"author":[{"embeddable":true,"href":"https:\/\/www.slatina.hr\/portal\/wp-json\/wp\/v2\/users\/5"}],"replies":[{"embeddable":true,"href":"https:\/\/www.slatina.hr\/portal\/wp-json\/wp\/v2\/comments?post=123532"}],"version-history":[{"count":1,"href":"https:\/\/www.slatina.hr\/portal\/wp-json\/wp\/v2\/posts\/123532\/revisions"}],"predecessor-version":[{"id":123580,"href":"https:\/\/www.slatina.hr\/portal\/wp-json\/wp\/v2\/posts\/123532\/revisions\/123580"}],"wp:featuredmedia":[{"embeddable":true,"href":"https:\/\/www.slatina.hr\/portal\/wp-json\/wp\/v2\/media\/123579"}],"wp:attachment":[{"href":"https:\/\/www.slatina.hr\/portal\/wp-json\/wp\/v2\/media?parent=123532"}],"wp:term":[{"taxonomy":"category","embeddable":true,"href":"https:\/\/www.slatina.hr\/portal\/wp-json\/wp\/v2\/categories?post=123532"},{"taxonomy":"post_tag","embeddable":true,"href":"https:\/\/www.slatina.hr\/portal\/wp-json\/wp\/v2\/tags?post=123532"}],"curies":[{"name":"wp","href":"https:\/\/api.w.org\/{rel}","templated":true}]}}