{"id":123529,"date":"2025-05-04T09:33:40","date_gmt":"2025-05-04T07:33:40","guid":{"rendered":"https:\/\/www.slatina.hr\/portal\/?p=123529"},"modified":"2025-05-04T09:33:40","modified_gmt":"2025-05-04T07:33:40","slug":"zamjenik-gradonacelnika-koji-obnasa-duznost-gradonacelnika-grada-slatine-ilija-nikolic-uputio-je-cestitku-povodom-4-svibnja-svjetskog-dana-vatrogasaca-i-blagdana-sv-florijana","status":"publish","type":"post","link":"https:\/\/www.slatina.hr\/portal\/zamjenik-gradonacelnika-koji-obnasa-duznost-gradonacelnika-grada-slatine-ilija-nikolic-uputio-je-cestitku-povodom-4-svibnja-svjetskog-dana-vatrogasaca-i-blagdana-sv-florijana\/","title":{"rendered":"Zamjenik gradona\u010delnika koji obna\u0161a du\u017enost gradona\u010delnika Grada Slatine Ilija Nikoli\u0107 uputio je \u010destitku povodom 4. svibnja \u2013 Svjetskog dana vatrogasaca i blagdana sv. Florijana"},"content":{"rendered":"<p>Svim pripadnicima vatrogasnih postrojbi i dobrovoljnih vatrogasnih dru\u0161tava upu\u0107ujem iskrene \u010destitke!<br \/>\nHvala vam na iznimnom zalaganju, trudu i radu koji gotovo svakodnevno ula\u017eete u spa\u0161avanje ljudi i njihove imovine te vam zahvaljujem na iznimnoj profesionalnosti i po\u017ertvovnosti koju iskazujete kada god je to potrebno obavljaju\u0107i ovu nadasve humanu profesiju.<br \/>\nNeka vas uvijek prati blagoslov sv. Florijana!<\/p>\n<p>U ime Grada Slatine, svojih suradnika i u svoje osobno ime, \u010destitam vam 4. svibnja \u2013 Svjetski dan vatrogasaca i blagdan sv. Florijana!<\/p>\n<p>&nbsp; &nbsp; &nbsp; &nbsp; &nbsp; &nbsp; &nbsp; &nbsp; &nbsp; &nbsp; &nbsp; &nbsp; &nbsp; &nbsp; &nbsp; &nbsp; &nbsp; &nbsp; &nbsp; &nbsp; &nbsp; &nbsp; &nbsp; &nbsp; &nbsp; &nbsp; &nbsp; &nbsp; &nbsp; &nbsp; &nbsp; &nbsp; &nbsp;Zamjenik gradona\u010delnika koji obna\u0161a du\u017enost &nbsp;<br \/>\n&nbsp; &nbsp; &nbsp; &nbsp; &nbsp; &nbsp; &nbsp; &nbsp; &nbsp; &nbsp; &nbsp; &nbsp; &nbsp; &nbsp; &nbsp; &nbsp; &nbsp; &nbsp; &nbsp; &nbsp; &nbsp; &nbsp; &nbsp; &nbsp; &nbsp; &nbsp; &nbsp; &nbsp; &nbsp; &nbsp; &nbsp; &nbsp; &nbsp; &nbsp; &nbsp; &nbsp; &nbsp; &nbsp; gradona\u010delnika Grada Slatine<br \/>\n&nbsp; &nbsp; &nbsp; &nbsp; &nbsp; &nbsp; &nbsp; &nbsp; &nbsp; &nbsp; &nbsp; &nbsp; &nbsp; &nbsp; &nbsp; &nbsp; &nbsp; &nbsp; &nbsp; &nbsp; &nbsp; &nbsp; &nbsp; &nbsp; &nbsp; &nbsp; &nbsp; &nbsp; &nbsp; &nbsp; &nbsp; &nbsp; &nbsp; &nbsp; &nbsp; &nbsp; &nbsp; &nbsp; &nbsp; &nbsp; &nbsp; &nbsp; &nbsp; &nbsp; Ilija Nikoli\u0107&nbsp;<\/p>\n<p><a href=\"https:\/\/www.radioslatina.hr\/?attachment_id=387177\" rel=\"attachment wp-att-387177 noopener\" target=\"_blank\"><img loading=\"lazy\" decoding=\"async\" class=\"alignnone size-full wp-image-387177\" src=\"https:\/\/www.radioslatina.hr\/wp-content\/uploads\/2025\/05\/IMG-8bc1b28290fe1f867eee5a9a9f6979a0-V.jpg\" sizes=\"auto, (max-width: 1080px) 100vw, 1080px\" srcset=\"https:\/\/www.radioslatina.hr\/wp-content\/uploads\/2025\/05\/IMG-8bc1b28290fe1f867eee5a9a9f6979a0-V.jpg 1080w, https:\/\/www.radioslatina.hr\/wp-content\/uploads\/2025\/05\/IMG-8bc1b28290fe1f867eee5a9a9f6979a0-V-768x768.jpg 768w\" alt=\"\" width=\"1080\" height=\"1080\"><\/a><\/p>\n","protected":false},"excerpt":{"rendered":"<p>Svim pripadnicima vatrogasnih postrojbi i dobrovoljnih vatrogasnih dru\u0161tava upu\u0107ujem iskrene \u010destitke! Hvala vam na iznimnom zalaganju, trudu i radu koji gotovo svakodnevno ula\u017eete u spa\u0161avanje<span class=\"excerpt-hellip\"> [\u2026]<\/span><\/p>\n","protected":false},"author":5,"featured_media":123530,"comment_status":"closed","ping_status":"closed","sticky":false,"template":"","format":"standard","meta":{"ngg_post_thumbnail":0,"footnotes":""},"categories":[137,136],"tags":[],"class_list":["post-123529","post","type-post","status-publish","format-standard","has-post-thumbnail","hentry","category-naslovnica","category-grad-slatina"],"_links":{"self":[{"href":"https:\/\/www.slatina.hr\/portal\/wp-json\/wp\/v2\/posts\/123529","targetHints":{"allow":["GET"]}}],"collection":[{"href":"https:\/\/www.slatina.hr\/portal\/wp-json\/wp\/v2\/posts"}],"about":[{"href":"https:\/\/www.slatina.hr\/portal\/wp-json\/wp\/v2\/types\/post"}],"author":[{"embeddable":true,"href":"https:\/\/www.slatina.hr\/portal\/wp-json\/wp\/v2\/users\/5"}],"replies":[{"embeddable":true,"href":"https:\/\/www.slatina.hr\/portal\/wp-json\/wp\/v2\/comments?post=123529"}],"version-history":[{"count":1,"href":"https:\/\/www.slatina.hr\/portal\/wp-json\/wp\/v2\/posts\/123529\/revisions"}],"predecessor-version":[{"id":123531,"href":"https:\/\/www.slatina.hr\/portal\/wp-json\/wp\/v2\/posts\/123529\/revisions\/123531"}],"wp:featuredmedia":[{"embeddable":true,"href":"https:\/\/www.slatina.hr\/portal\/wp-json\/wp\/v2\/media\/123530"}],"wp:attachment":[{"href":"https:\/\/www.slatina.hr\/portal\/wp-json\/wp\/v2\/media?parent=123529"}],"wp:term":[{"taxonomy":"category","embeddable":true,"href":"https:\/\/www.slatina.hr\/portal\/wp-json\/wp\/v2\/categories?post=123529"},{"taxonomy":"post_tag","embeddable":true,"href":"https:\/\/www.slatina.hr\/portal\/wp-json\/wp\/v2\/tags?post=123529"}],"curies":[{"name":"wp","href":"https:\/\/api.w.org\/{rel}","templated":true}]}}