{"id":123492,"date":"2025-05-01T16:38:39","date_gmt":"2025-05-01T14:38:39","guid":{"rendered":"https:\/\/www.slatina.hr\/portal\/?p=123492"},"modified":"2025-05-01T16:38:39","modified_gmt":"2025-05-01T14:38:39","slug":"proslava-medunarodnog-praznika-rada-u-mjesnim-odborima-slatine-i-prigradskih-naselja","status":"publish","type":"post","link":"https:\/\/www.slatina.hr\/portal\/proslava-medunarodnog-praznika-rada-u-mjesnim-odborima-slatine-i-prigradskih-naselja\/","title":{"rendered":"Proslava Me\u0111unarodnog praznika rada u mjesnim odborima Slatine i prigradskih naselja"},"content":{"rendered":"<p>Uz tradicionalnu prvosvibanjsku proslavu koju Grad Slatina svake godine organizira za svoje sugra\u0111ane u Parku 136. slatinske brigade, proslavu Me\u0111unarodnog praznika rada uz potporu Grada organizirali su i mjesni odbori Bistrica i Javorica, te NK Meljani.<\/p>\n<p>Zamjenik gradona\u010delnika koji obna\u0161a du\u017enost gradona\u010delnika Grada Slatine Ilija Nikoli\u0107 tako je obi\u0161ao slatinsko prigradsko naselje Bistrica gdje mu je srda\u010dnu dobrodo\u0161licu za\u017eeljela predsjednica MO Bistrica Beata Kralj koja je ujedno bila zadu\u017eena za kuhanje graha uz asistenciju Goranke Povr\u017eeni\u0107.<\/p>\n<p>Tom se prigodom zahvalila Gradu na dosada\u0161njoj suradnji kao i mje\u0161tanima Bistrice koji su se odazvali na zajedni\u010dko dru\u017eenje uz besplatan grah.<\/p>\n<p>Nikoli\u0107 je potom svratio na dru\u017eenje u Donjim Meljanima gdje je proslavu organizirao Nogometni klub Meljani.<\/p>\n<p>\u2013 Odlu\u010dili smo u suradnji s Gradom Slatinom pripremiti grah za sve mje\u0161tane, iskoristiti ovaj prelijepi dan i podru\u017eiti se na otvorenom, \u2013 rekao je dopredsjednik kluba Nikola Perkovac uz zahvalu Gradu na suradnji.<br \/>\nZa pripremu graha u kotli\u0107u bio je zadu\u017een Manuel Presje\u010dan.<\/p>\n<p>Sljede\u0107a lokacija koju je obi\u0161ao obna\u0161atelj du\u017enosti slatinskog gradona\u010delnika Ilija Nikoli\u0107 bilo je dje\u010dje igrali\u0161te na Lipi gdje je u organizaciji Mjesnog odbora Javorica tako\u0111er organizirano zajedni\u010dko dru\u017eenje povodom Praznika rada.<\/p>\n<p>\u2013 Budu\u0107i da je Grad Slatina obilje\u017eavanje Me\u0111unarodnog praznika rada uz podjelu besplatnog graha premjestio s jezera Javorica u sredi\u0161nji gradski park, ove smo se godine odlu\u010dili po prvi puta organizirati proslavu u svom mjesnom odboru te sam zadovoljna odazivom, \u2013 rekla nam je predsjednica MO Javorica Nikolina Tomi\u0107 koja je bila zadu\u017eena za podjelu graha, a u tome joj je pomogao i njezin zamjenik Zoran Suhi.<br \/>\nVrlo ukusan grah skuhao je Matija Grahovac unato\u010d \u010dinjenici neprospavane no\u0107i zbog slavlja povodom ro\u0111enja k\u0107eri, tako da je danas na Lipi bilo dvostruko slavlje.<\/p>\n<p>\u2013 Drago mi je \u0161to su ljudi zaista pozitivni. Pohvalili su ovo doga\u0111anje, te se nadamo idu\u0107e godine jo\u0161 ve\u0107em odazivu, \u2013 zaklju\u010dila je Nikolina Tomi\u0107.<\/p>\n<p>Svoj obilazak Nikoli\u0107 je zavr\u0161io povratkom u Park 136. slatinske brigade gdje je odmah zapo\u010deo s podjelom graha gra\u0111anima Slatine koji su se okupili pod velikim \u0161atorom na zajedni\u010dko dru\u017eenje uz taktove Tambura\u0161kog sastava Vertigo.<\/p>\n<p>(www.radioslatina,hr)<\/p>\nngg_shortcode_0_placeholder\n","protected":false},"excerpt":{"rendered":"<p>Uz tradicionalnu prvosvibanjsku proslavu koju Grad Slatina svake godine organizira za svoje sugra\u0111ane u Parku 136. slatinske brigade, proslavu Me\u0111unarodnog praznika rada uz potporu Grada<span class=\"excerpt-hellip\"> [\u2026]<\/span><\/p>\n","protected":false},"author":5,"featured_media":123522,"comment_status":"closed","ping_status":"closed","sticky":false,"template":"","format":"standard","meta":{"ngg_post_thumbnail":0,"footnotes":""},"categories":[137,136],"tags":[],"class_list":["post-123492","post","type-post","status-publish","format-standard","has-post-thumbnail","hentry","category-naslovnica","category-grad-slatina"],"_links":{"self":[{"href":"https:\/\/www.slatina.hr\/portal\/wp-json\/wp\/v2\/posts\/123492","targetHints":{"allow":["GET"]}}],"collection":[{"href":"https:\/\/www.slatina.hr\/portal\/wp-json\/wp\/v2\/posts"}],"about":[{"href":"https:\/\/www.slatina.hr\/portal\/wp-json\/wp\/v2\/types\/post"}],"author":[{"embeddable":true,"href":"https:\/\/www.slatina.hr\/portal\/wp-json\/wp\/v2\/users\/5"}],"replies":[{"embeddable":true,"href":"https:\/\/www.slatina.hr\/portal\/wp-json\/wp\/v2\/comments?post=123492"}],"version-history":[{"count":1,"href":"https:\/\/www.slatina.hr\/portal\/wp-json\/wp\/v2\/posts\/123492\/revisions"}],"predecessor-version":[{"id":123523,"href":"https:\/\/www.slatina.hr\/portal\/wp-json\/wp\/v2\/posts\/123492\/revisions\/123523"}],"wp:featuredmedia":[{"embeddable":true,"href":"https:\/\/www.slatina.hr\/portal\/wp-json\/wp\/v2\/media\/123522"}],"wp:attachment":[{"href":"https:\/\/www.slatina.hr\/portal\/wp-json\/wp\/v2\/media?parent=123492"}],"wp:term":[{"taxonomy":"category","embeddable":true,"href":"https:\/\/www.slatina.hr\/portal\/wp-json\/wp\/v2\/categories?post=123492"},{"taxonomy":"post_tag","embeddable":true,"href":"https:\/\/www.slatina.hr\/portal\/wp-json\/wp\/v2\/tags?post=123492"}],"curies":[{"name":"wp","href":"https:\/\/api.w.org\/{rel}","templated":true}]}}