{"id":123439,"date":"2025-04-22T15:01:02","date_gmt":"2025-04-22T13:01:02","guid":{"rendered":"https:\/\/www.slatina.hr\/portal\/?p=123439"},"modified":"2026-04-20T08:26:16","modified_gmt":"2026-04-20T06:26:16","slug":"gradu-slatini-odobrena-sredstva-za-projekt-opremanje-i-uredenje-djecjeg-igralista-u-malom-parku-u-slatini","status":"publish","type":"post","link":"https:\/\/www.slatina.hr\/portal\/gradu-slatini-odobrena-sredstva-za-projekt-opremanje-i-uredenje-djecjeg-igralista-u-malom-parku-u-slatini\/","title":{"rendered":"Gradu Slatini odobrena sredstva za projekt \u201eOpremanje i ure\u0111enje dje\u010djeg igrali\u0161ta u Malom parku u Slatini\u201c"},"content":{"rendered":"<p>Na adresu Grada Slatine stigle su odli\u010dne vijesti od strane Ministarstva demografije i useljeni\u0161tva.<br \/>\nNaime, sukladno Odluci o financiranju, Gradu Slatini dodijeljena su sredstva za projekt \u201eOpremanje i ure\u0111enje dje\u010djeg igrali\u0161ta u Malom parku u Slatini\u201c u vrijednosti od 49.782,87 eura koji je Grad Slatina u suradnji s Gradskom razvojnom agencijom Slatine prijavio na Poziv Ministarstva demografije i useljeni\u0161tva&nbsp;\u201eDostupnost kvalitetnih i priu\u0161tivih sadr\u017eaja za djecu u lokalnim zajednicama kroz opremanje i ure\u0111enje igrali\u0161ta za djecu\u201c.<\/p>\n<p>Cilj projekta je unaprje\u0111enje kvalitete provo\u0111enja slobodnog vremena djece i mladih kroz opremanje i ure\u0111enje dje\u010djih igrali\u0161ta.<\/p>\n<p>Projektom je, na postoje\u0107em dje\u010djem igrali\u0161tu u Malom parku u Slatini, planirano ukloniti stara i dotrajala igrala te postaviti nova sa za\u0161titnom antitraumatskom podlogom te popratnom urbanom opremom.<br \/>\nUlaganjem u opremanje i ure\u0111enje postoje\u0107eg dje\u010djeg igrali\u0161ta pridonosi se osiguravanju boljih uvjeta, standarda i sigurnosti dje\u010djih igrali\u0161ta, te unaprje\u0111enju dru\u0161tvene infrastrukture za pove\u0107anje kvalitete \u017eivota djece i mladih u Gradu Slatini.<\/p>\n<p>Zadovoljstvo radom djelatnika Gradske uprave i Gradske razvojne agencije Slatine te ostvarenim sufinanciranjem nije krio zamjenik gradona\u010delnika koji obna\u0161a du\u017enost gradona\u010delnika Grada Slatine Ilija Nikoli\u0107 koji je tim povodom rekao:<\/p>\n<p>\u2013 Ova sredstva dolaze kao rezultat na\u0161eg kontinuiranog rada na unapre\u0111enju \u017eivotnog standarda na\u0161ih gra\u0111ana, a posebno djece. Djeca su na\u0161a budu\u0107nost, i vjerujem da svako dijete zaslu\u017euje imati sigurno mjesto za igru, odrastanje i razvijanje svojih socijalnih i motori\u010dkih vje\u0161tina. Grad Slatina \u0107e poseban naglasak staviti na pristupa\u010dnost igrali\u0161ta djeci s te\u0161ko\u0107ama u razvoju kao i prilagoditi sva dje\u010dja igrali\u0161ta na podru\u010dju Grada Slatine razli\u010ditim dobnim skupinama. Jo\u0161 jednom zahvaljujem svima koji su sudjelovali u pripremi ovog projekta, \u010dija realizacija kre\u0107e ve\u0107 ovoga ljeta, \u2013 rekao je Nikoli\u0107, te dodao kako je ukupna vrijednost projekta 57.887,06 eura.<\/p>\n<p>(www.radioslatina.hr)<\/p>\n<p><a href=\"https:\/\/www.radioslatina.hr\/?attachment_id=385388\" rel=\"attachment wp-att-385388 noopener\" target=\"_blank\"><img loading=\"lazy\" decoding=\"async\" class=\"alignnone size-full wp-image-385388\" src=\"https:\/\/www.radioslatina.hr\/wp-content\/uploads\/2025\/04\/20250321_082134_1024x768.jpg\" alt=\"\" width=\"1024\" height=\"768\"><\/a><\/p>\n","protected":false},"excerpt":{"rendered":"<p>Na adresu Grada Slatine stigle su odli\u010dne vijesti od strane Ministarstva demografije i useljeni\u0161tva. Naime, sukladno Odluci o financiranju, Gradu Slatini dodijeljena su sredstva za<span class=\"excerpt-hellip\"> [\u2026]<\/span><\/p>\n","protected":false},"author":5,"featured_media":123440,"comment_status":"closed","ping_status":"closed","sticky":false,"template":"","format":"standard","meta":{"ngg_post_thumbnail":0,"footnotes":""},"categories":[137,136],"tags":[],"class_list":["post-123439","post","type-post","status-publish","format-standard","has-post-thumbnail","hentry","category-naslovnica","category-grad-slatina"],"_links":{"self":[{"href":"https:\/\/www.slatina.hr\/portal\/wp-json\/wp\/v2\/posts\/123439","targetHints":{"allow":["GET"]}}],"collection":[{"href":"https:\/\/www.slatina.hr\/portal\/wp-json\/wp\/v2\/posts"}],"about":[{"href":"https:\/\/www.slatina.hr\/portal\/wp-json\/wp\/v2\/types\/post"}],"author":[{"embeddable":true,"href":"https:\/\/www.slatina.hr\/portal\/wp-json\/wp\/v2\/users\/5"}],"replies":[{"embeddable":true,"href":"https:\/\/www.slatina.hr\/portal\/wp-json\/wp\/v2\/comments?post=123439"}],"version-history":[{"count":2,"href":"https:\/\/www.slatina.hr\/portal\/wp-json\/wp\/v2\/posts\/123439\/revisions"}],"predecessor-version":[{"id":126273,"href":"https:\/\/www.slatina.hr\/portal\/wp-json\/wp\/v2\/posts\/123439\/revisions\/126273"}],"wp:featuredmedia":[{"embeddable":true,"href":"https:\/\/www.slatina.hr\/portal\/wp-json\/wp\/v2\/media\/123440"}],"wp:attachment":[{"href":"https:\/\/www.slatina.hr\/portal\/wp-json\/wp\/v2\/media?parent=123439"}],"wp:term":[{"taxonomy":"category","embeddable":true,"href":"https:\/\/www.slatina.hr\/portal\/wp-json\/wp\/v2\/categories?post=123439"},{"taxonomy":"post_tag","embeddable":true,"href":"https:\/\/www.slatina.hr\/portal\/wp-json\/wp\/v2\/tags?post=123439"}],"curies":[{"name":"wp","href":"https:\/\/api.w.org\/{rel}","templated":true}]}}