{"id":123226,"date":"2025-04-07T14:51:06","date_gmt":"2025-04-07T12:51:06","guid":{"rendered":"https:\/\/www.slatina.hr\/portal\/?p=123226"},"modified":"2025-04-07T14:51:06","modified_gmt":"2025-04-07T12:51:06","slug":"polaganjem-kamena-temeljca-u-slatini-svecano-obiljezen-pocetak-izgradnje-podrucnog-objekta-djecjeg-vrtica-zeko-slatina","status":"publish","type":"post","link":"https:\/\/www.slatina.hr\/portal\/polaganjem-kamena-temeljca-u-slatini-svecano-obiljezen-pocetak-izgradnje-podrucnog-objekta-djecjeg-vrtica-zeko-slatina\/","title":{"rendered":"Polaganjem kamena temeljca u Slatini sve\u010dano obilje\u017een po\u010detak izgradnje podru\u010dnog objekta Dje\u010djeg vrti\u0107a Zeko Slatina"},"content":{"rendered":"<p>Danas (ponedjeljak) je u Slatini odr\u017eano sve\u010dano polaganje kamena temeljca u sklopu projekta \u201eIzgradnja i opremanje podru\u010dnog objekta Dje\u010djeg vrti\u0107a Zeko u Slatini\u201c.<\/p>\n<p>Grad Slatina je u suradnji s Gradskom razvojnom agencijom Slatine na Poziv za dodjelu bespovratnih sredstava Izgradnja, dogradnja, rekonstrukcija i opremanje pred\u0161kolskih ustanova, prijavio spomenuti projekt ukupne vrijednosti 4.773.316,75 eura, te ostvario sufinanciranje vrti\u0107a koji \u0107e pomo\u0107i zaposlenim roditeljima, ali prije svega djeci koja \u0107e zasigurno imati bolje rezultate u daljnjem \u0161kolovanju i socijalizaciji, a pomo\u0107i \u0107e i na osna\u017eivanju sadr\u017eaja Grada Slatine i Viroviti\u010dko-podravske \u017eupanije.<\/p>\n<p>Bit \u0107e i ovo primjer vrti\u0107a kakav zaslu\u017euju sva djeca u svim dijelovima Republike Hrvatske, a koji je sufinanciran iz Nacionalnog plana oporavka i otpornosti kao i&nbsp; sredstvima Ministarstva znanosti obrazovanja i mladih.<\/p>\n<p><a href=\"https:\/\/www.radioslatina.hr\/?attachment_id=383419\" rel=\"attachment wp-att-383419 noopener\" target=\"_blank\"><img loading=\"lazy\" decoding=\"async\" class=\"size-full wp-image-383419\" src=\"https:\/\/www.radioslatina.hr\/wp-content\/uploads\/2025\/04\/DJI_20250407105457_0028_D_1024x576.jpg\" sizes=\"auto, (max-width: 1024px) 100vw, 1024px\" srcset=\"https:\/\/www.radioslatina.hr\/wp-content\/uploads\/2025\/04\/DJI_20250407105457_0028_D_1024x576.jpg 1024w, https:\/\/www.radioslatina.hr\/wp-content\/uploads\/2025\/04\/DJI_20250407105457_0028_D_1024x576-768x432.jpg 768w, https:\/\/www.radioslatina.hr\/wp-content\/uploads\/2025\/04\/DJI_20250407105457_0028_D_1024x576-390x220.jpg 390w\" alt=\"\" width=\"1024\" height=\"576\"><\/a><\/p>\n<p>Sve\u010danost je u Stublova\u010dkoj ulici, na mjestu budu\u0107eg vrti\u0107a, zapo\u010dela intoniranjem Hrvatske himne i odavanjem po\u010dasti poginulim, nestalim i preminulim hrvatskim braniteljima, kao i \u017ertvama Domovinskog rata, a prigodno ju je otvorio Dje\u010dji zbor Dje\u010djeg vrti\u0107a Zeko iz Slatine pjesmom Domovina to je radost, te po\u010dastio jo\u0161 jednom izvedbom pjesme Igrajmo se, pod ravnanjem odgojiteljica Kristine Mar\u010dek i Ane Zlatuni\u0107.<\/p>\n<p><a href=\"https:\/\/www.radioslatina.hr\/?attachment_id=383420\" rel=\"attachment wp-att-383420 noopener\" target=\"_blank\"><img loading=\"lazy\" decoding=\"async\" class=\"wp-image-383420 alignleft\" src=\"https:\/\/www.radioslatina.hr\/wp-content\/uploads\/2025\/04\/IMG_5540_1200x800_1024x683.jpg\" sizes=\"auto, (max-width: 300px) 100vw, 300px\" srcset=\"https:\/\/www.radioslatina.hr\/wp-content\/uploads\/2025\/04\/IMG_5540_1200x800_1024x683.jpg 1024w, https:\/\/www.radioslatina.hr\/wp-content\/uploads\/2025\/04\/IMG_5540_1200x800_1024x683-768x512.jpg 768w\" alt=\"\" width=\"300\" height=\"200\"><\/a>Potom se prigodnim rije\u010dima obratila v.d. ravnateljice DV Zeko Helena Hegedi\u0161.<\/p>\n<p>\u2013 Ovo nije va\u017ean i povijesni trenutak samo za roditelje i nas u Dje\u010djem vrti\u0107u Zeko, ve\u0107 za na\u0161 cijeli grad i ispunjava me ponosom i optimizmom \u0161to sam danas s vama kao vr\u0161iteljica du\u017enosti ravnateljice. Po\u010detak radova na izgradnji novog modernog dje\u010djeg vrti\u0107a u Slatini samo je jo\u0161 jedan znak da se u na\u0161em gradu cijeni rani i pred\u0161kolski odgoj, a na\u0161a odgovornost nije samo u pru\u017eanju prostora za igru i u\u010denje, ve\u0107 i u oblikovanju budu\u0107nosti na\u0161e djece, koja \u0107e nositi temelje ovog ulaganja u svoje \u017eivote, \u2013 uvodno je rekla Hegedi\u0161, te dodala:<\/p>\n<p>\u2013 U Dje\u010djem vrti\u0107u Zeko zaposleno je 30 odgojiteljica, od kojih su vi\u0161e od pola magistre struke. Gradnjom novog vrti\u0107a nove kolegice dobit \u0107e priliku za zapo\u0161ljavanje u struci, vjerojatno i one iz ve\u0107 sada \u010detvrte generacije studentica koje studiraju u Slatini studijski program izvanrednog preddiplomskog sveu\u010dili\u0161nog studija Ranog i Pred\u0161kolskog odgoja i obrazovanja.<br \/>\nPolaganjem kamena temeljca za novi podru\u010dni objekt ulazimo u jednu novu, svijetlu fazu razvoja na\u0161eg odgojno-obrazovnog sustava.<br \/>\nDana\u0161nji dan nije samo simboli\u010dan ve\u0107 predstavlja i odgovor na dugogodi\u0161nji problem s kojim se suo\u010davamo \u2013 manjak kapaciteta za prihvat djece svih zainteresiranih obitelji, \u2013 istaknula je v.d. ravnateljice Helena Hegedi\u0161 te se, naglasiv\u0161i dobru suradnju s Gradom Slatinom i Upravnim vije\u0107em Vrti\u0107a, zahvalila svima koji su prepoznali va\u017enost ovog projekta te se anga\u017eirali da isti postane stvarnost.<\/p>\n<p>Ve\u0107 pedago\u0161ke 2026.\/2027. godine o\u010dekuju se prvi polaznici u osam odgojno obrazovnih skupina ovog dje\u010djeg vrti\u0107a.<br \/>\nOsim \u0161to \u0107e imati najmoderniju opremu unutar vrti\u0107a, polaznici \u0107e imati i vanjsko dje\u010dje igrali\u0161te, te sve popratne sadr\u017eaje koje imaju moderni vrti\u0107i u puno ve\u0107im gradovima.<\/p>\n<p><a href=\"https:\/\/www.radioslatina.hr\/?attachment_id=383421\" rel=\"attachment wp-att-383421 noopener\" target=\"_blank\"><img loading=\"lazy\" decoding=\"async\" class=\"wp-image-383421 alignright\" src=\"https:\/\/www.radioslatina.hr\/wp-content\/uploads\/2025\/04\/IMG_5545_1200x800_1024x683.jpg\" sizes=\"auto, (max-width: 300px) 100vw, 300px\" srcset=\"https:\/\/www.radioslatina.hr\/wp-content\/uploads\/2025\/04\/IMG_5545_1200x800_1024x683.jpg 1024w, https:\/\/www.radioslatina.hr\/wp-content\/uploads\/2025\/04\/IMG_5545_1200x800_1024x683-768x512.jpg 768w\" alt=\"\" width=\"300\" height=\"200\"><\/a>\u2013 Danas je poseban dan za na\u0161u zajednicu, jer otvaramo radove na izgradnji novog podru\u010dnog objekta Dje\u010djeg vrti\u0107a Zeko u Slatini, prostora koji \u0107e postati sigurno i toplo mjesto za odrastanje na\u0161ih najmla\u0111ih. Ovaj trenutak je i po\u010detak jednog novog poglavlja za na\u0161u djecu, obitelji i cijeli grad.<br \/>\nIzgradnja vrti\u0107a rezultat je kontinuiranog truda i ulaganja u na\u0161u budu\u0107nost, a ovaj vrti\u0107 ne\u0107e biti samo zgrada, ve\u0107 prostor u kojem \u0107e se djeca igrati, u\u010diti, razvijati svoje talente i, \u0161to je najva\u017enije, osje\u0107ati se voljeno i sigurno, \u2013 naglasio je uvodno obna\u0161atelj du\u017enosti slatinskog gradona\u010delnika Ilija Nikoli\u0107 te dodao kako nema ni\u010deg va\u017enijeg od pru\u017eanja kvalitetnog obrazovanja i stvaranja sigurnog okru\u017eenja za najmla\u0111e, jer oni su budu\u0107nost na\u0161e zajednice.<\/p>\n<p>\u2013 Radovi \u0107e ve\u0107 sljede\u0107e godine biti zavr\u0161eni, a ovaj vrti\u0107 bit \u0107e moderan prostor s najsuvremenijom opremom, prilago\u0111en potrebama svakog djeteta.<br \/>\nOvaj vrti\u0107 \u0107e biti i znak da kao zajednica rastemo i razvijamo se, \u2013 zaklju\u010dio je Nikoli\u0107 te se zahvalio svima koji su sudjelovali u izradi projektne prijave, prije svega djelatnicima Gradske uprave i Gradske razvojne agencije Slatine, te Dje\u010djeg vrti\u0107a Zeko koji su omogu\u0107ili da ovaj projekt postane stvarnost, kao i Viroviti\u010dko-podravskoj \u017eupaniji, Vladi Republike Hrvatske, Ministarstvu znanosti obrazovanja i mladih, vije\u0107nicima slatinskog Gradskog vije\u0107a koji su tako\u0111er podr\u017eali ovaj projekt, te svima ostalima koji su se anga\u017eirali u njegovoj realizaciji.<\/p>\n<p><a href=\"https:\/\/www.radioslatina.hr\/?attachment_id=383422\" rel=\"attachment wp-att-383422 noopener\" target=\"_blank\"><img loading=\"lazy\" decoding=\"async\" class=\"wp-image-383422 alignleft\" src=\"https:\/\/www.radioslatina.hr\/wp-content\/uploads\/2025\/04\/IMG_5573_1200x800_1024x683.jpg\" sizes=\"auto, (max-width: 300px) 100vw, 300px\" srcset=\"https:\/\/www.radioslatina.hr\/wp-content\/uploads\/2025\/04\/IMG_5573_1200x800_1024x683.jpg 1024w, https:\/\/www.radioslatina.hr\/wp-content\/uploads\/2025\/04\/IMG_5573_1200x800_1024x683-768x512.jpg 768w\" alt=\"\" width=\"300\" height=\"200\"><\/a>Izgradnju podru\u010dnog vrti\u0107a u Slatini u pratnji pro\u010delnice Upravnog odjela za obrazovanje, kulturu i sport Martine Buni\u0107, pozdravio je i \u017eupan Viroviti\u010dko-podravske \u017eupanije Igor Androvi\u0107 koji je tom prigodom naglasio kako se polaganjem ovoga kamena temeljca danas u Slatini postavljaju i temelji za sigurnije djetinjstvo, sretniju budu\u0107nost na\u0161e djece, te sna\u017eniju zajednicu, sna\u017enije dru\u0161tvo, sna\u017eniju Slatinu, ali i sna\u017eniju Viroviti\u010dko-podravsku \u017eupaniju u kojoj je unazad nekoliko godina izgra\u0111eno \u010dak 15 novih vrti\u0107a dok su \u010detiri, uklju\u010duju\u0107i i ovaj slatinski trenutno u izgradnji.<\/p>\n<p>\u2013 Ovaj vrti\u0107 ne\u0107e biti obi\u010dna zgrada to \u0107e biti mjesto gdje \u0107e slatinski mali\u0161ani provoditi ve\u0107inu svog dana, gdje \u0107e stjecati prva prijateljstva, prve sva\u0111e, prve ljubavi\u2026<br \/>\nIzgradnja novog vrti\u0107a zna\u010di gradnju budu\u0107nosti za na\u0161u djecu i nema ljep\u0161eg, nema boljeg projekta nego izgradnje vrti\u0107a jer zasigurno da izgradnja vrti\u0107a zna\u010di i poticaj pro\u0161irenja na\u0161ih obitelji ali isto tako i ostanka u manjim sredinama.<br \/>\nTo je velika stvar za demografiju i ono \u0161to je najbitnije da \u0107e svako dijete na\u0107i svoje mjesto u vrti\u0107u \u0161to uvelike olak\u0161ava i roditeljima ali poma\u017ee i odgoju i obrazovanju svakog djeteta, \u2013 rekao je \u017eupan Androvi\u0107 te dodao kako je samo pro\u0161le godine na razini \u017eupanije bilo pove\u0107anje upisa u vrti\u0107 za 126 djece.<\/p>\n<p>Uslijedio je sve\u010dani \u010din polaganja kamena temeljca, a zajedni\u010dki su ga polo\u017eili zamjenik gradona\u010delnika koji obna\u0161a du\u017enost gradona\u010delnika Grada Slatine Ilija Nikoli\u0107 i \u017eupan viroviti\u010dko-podravski Igor Androvi\u0107.<\/p>\n<p>Uz kamen temeljac, v.d. ravnateljice DV Zeko Slatina Helena Hegedi\u0161 polo\u017eila je vremensku kapsulu u kojoj se nalazi popis svih zaposlenika Dje\u010djeg vrti\u0107a Zeko i popis sve djece upisane u Vrti\u0107 na dana\u0161nji dan, 7. travnja 2025. godine, te likovni radovi djece iz 15 odgojnih skupina: Pande, Obla\u010di\u0107i, P\u010delice, Jabu\u010dice, Leptiri\u0107i, Bubamare, Je\u017ei\u0107i, Ivan\u010dice, Ribe, Krijesnice, Vjeverice, Loptice, Suncokreti, Lavi\u0107i i Pahuljice.<\/p>\n<p>Nakon \u0161to je po\u010detak radova blagoslovio \u017eupnik \u017dupe sv. Josipa u Slatini pre\u010dasni Dragan Hrgi\u0107 sve\u010danost je nastavljena prigodnim domjenkom u restoranu Sequoia.<\/p>\n<p>(www.radioslatina.hr)<\/p>\n<p><a href=\"https:\/\/www.radioslatina.hr\/?attachment_id=383423\" rel=\"attachment wp-att-383423 noopener\" target=\"_blank\"><img loading=\"lazy\" decoding=\"async\" class=\"size-full wp-image-383423\" src=\"https:\/\/www.radioslatina.hr\/wp-content\/uploads\/2025\/04\/DJI_20250407105407_0025_D_1024x576.jpg\" sizes=\"auto, (max-width: 1024px) 100vw, 1024px\" srcset=\"https:\/\/www.radioslatina.hr\/wp-content\/uploads\/2025\/04\/DJI_20250407105407_0025_D_1024x576.jpg 1024w, https:\/\/www.radioslatina.hr\/wp-content\/uploads\/2025\/04\/DJI_20250407105407_0025_D_1024x576-768x432.jpg 768w, https:\/\/www.radioslatina.hr\/wp-content\/uploads\/2025\/04\/DJI_20250407105407_0025_D_1024x576-390x220.jpg 390w\" alt=\"\" width=\"1024\" height=\"576\"><\/a><\/p>\n<p>ngg_shortcode_0_placeholderngg_shortcode_1_placeholder&nbsp;<\/p>\n<p>&nbsp;<\/p>\n","protected":false},"excerpt":{"rendered":"<p>Danas (ponedjeljak) je u Slatini odr\u017eano sve\u010dano polaganje kamena temeljca u sklopu projekta \u201eIzgradnja i opremanje podru\u010dnog objekta Dje\u010djeg vrti\u0107a Zeko u Slatini\u201c. Grad Slatina<span class=\"excerpt-hellip\"> [\u2026]<\/span><\/p>\n","protected":false},"author":5,"featured_media":123263,"comment_status":"closed","ping_status":"closed","sticky":false,"template":"","format":"standard","meta":{"ngg_post_thumbnail":0,"footnotes":""},"categories":[1,136,137,227],"tags":[],"class_list":["post-123226","post","type-post","status-publish","format-standard","has-post-thumbnail","hentry","category-uncategorized","category-grad-slatina","category-naslovnica","category-projekt-izgradnja-i-opremanje-podrucnog-objekta-dv-zeko"],"_links":{"self":[{"href":"https:\/\/www.slatina.hr\/portal\/wp-json\/wp\/v2\/posts\/123226","targetHints":{"allow":["GET"]}}],"collection":[{"href":"https:\/\/www.slatina.hr\/portal\/wp-json\/wp\/v2\/posts"}],"about":[{"href":"https:\/\/www.slatina.hr\/portal\/wp-json\/wp\/v2\/types\/post"}],"author":[{"embeddable":true,"href":"https:\/\/www.slatina.hr\/portal\/wp-json\/wp\/v2\/users\/5"}],"replies":[{"embeddable":true,"href":"https:\/\/www.slatina.hr\/portal\/wp-json\/wp\/v2\/comments?post=123226"}],"version-history":[{"count":1,"href":"https:\/\/www.slatina.hr\/portal\/wp-json\/wp\/v2\/posts\/123226\/revisions"}],"predecessor-version":[{"id":123264,"href":"https:\/\/www.slatina.hr\/portal\/wp-json\/wp\/v2\/posts\/123226\/revisions\/123264"}],"wp:featuredmedia":[{"embeddable":true,"href":"https:\/\/www.slatina.hr\/portal\/wp-json\/wp\/v2\/media\/123263"}],"wp:attachment":[{"href":"https:\/\/www.slatina.hr\/portal\/wp-json\/wp\/v2\/media?parent=123226"}],"wp:term":[{"taxonomy":"category","embeddable":true,"href":"https:\/\/www.slatina.hr\/portal\/wp-json\/wp\/v2\/categories?post=123226"},{"taxonomy":"post_tag","embeddable":true,"href":"https:\/\/www.slatina.hr\/portal\/wp-json\/wp\/v2\/tags?post=123226"}],"curies":[{"name":"wp","href":"https:\/\/api.w.org\/{rel}","templated":true}]}}