{"id":123126,"date":"2025-03-27T11:30:03","date_gmt":"2025-03-27T10:30:03","guid":{"rendered":"https:\/\/www.slatina.hr\/portal\/?p=123126"},"modified":"2025-03-27T11:30:03","modified_gmt":"2025-03-27T10:30:03","slug":"proljetno-uredenje-zelenih-povrsina-i-cvijetnjaka-u-slatini","status":"publish","type":"post","link":"https:\/\/www.slatina.hr\/portal\/proljetno-uredenje-zelenih-povrsina-i-cvijetnjaka-u-slatini\/","title":{"rendered":"Proljetno ure\u0111enje zelenih povr\u0161ina i cvijetnjaka u Slatini"},"content":{"rendered":"<p>Prolje\u0107e je stiglo i unato\u010d ki\u0161ovitom vremenu i ni\u017eim jutarnjim temperaturama ovih su dana na podru\u010dju grada Slatine intenzivirani radovi na odr\u017eavanju zelenih povr\u0161ina i cvijetnjaka.<\/p>\n<p>Tako su djelatnici tvrtke Slatina kom u koordinaciji s Gradom Slatinom prionuli sadnji cvije\u0107a i ukrasnog bilja na Trgu sv. Josipa i u Ulici bra\u0107e Radi\u0107.<\/p>\n<p>Rije\u010d je o ure\u0111enju betonskih \u017eardinjera kojima je utjecajem \u201ezuba vremena\u201c zaista potrebna sanacija.<br \/>\nNakon sadnje trajnica kojoj je prethodila zamjena zemlje i postavljanje drena\u017enog sloja u istima, 9 velikih i 4 manje \u017eardinjere \u0107e se o\u010distiti i novim slojem boje dobiti novo ruho.<\/p>\n<p>Osim toga idu\u0107eg tjedna, odnosno \u010dim vrijeme dozvoli cvjetne gredice u u\u017eem sredi\u0161tu grada osvje\u017eit \u0107e se sadnjom proljetnica \u0161to \u0107e vjerujemo uz gradsku fontanu koja nakon \u201ezimskog sna\u201c ponovno blista u svojoj vodenoj rasko\u0161i, donijeti i ljep\u0161e raspolo\u017eenje na\u0161im sugra\u0111anima.<\/p>\n<p>Poslovi na orezivanju ukrasnih stabala obavljeni su u svim gradskim ulicama gdje je bilo potrebno ure\u0111enje, a u narednom razdoblju slijede poslovi na \u010di\u0161\u0107enju i ure\u0111enju ostalih zelenih povr\u0161ina na slatinskim trgovima i parkovima.<\/p>\n<p>(www.radioslatina.hr)<\/p>\nngg_shortcode_0_placeholder\n","protected":false},"excerpt":{"rendered":"<p>Prolje\u0107e je stiglo i unato\u010d ki\u0161ovitom vremenu i ni\u017eim jutarnjim temperaturama ovih su dana na podru\u010dju grada Slatine intenzivirani radovi na odr\u017eavanju zelenih povr\u0161ina i<span class=\"excerpt-hellip\"> [\u2026]<\/span><\/p>\n","protected":false},"author":5,"featured_media":123132,"comment_status":"closed","ping_status":"closed","sticky":false,"template":"","format":"standard","meta":{"ngg_post_thumbnail":0,"footnotes":""},"categories":[137,136],"tags":[],"class_list":["post-123126","post","type-post","status-publish","format-standard","has-post-thumbnail","hentry","category-naslovnica","category-grad-slatina"],"_links":{"self":[{"href":"https:\/\/www.slatina.hr\/portal\/wp-json\/wp\/v2\/posts\/123126","targetHints":{"allow":["GET"]}}],"collection":[{"href":"https:\/\/www.slatina.hr\/portal\/wp-json\/wp\/v2\/posts"}],"about":[{"href":"https:\/\/www.slatina.hr\/portal\/wp-json\/wp\/v2\/types\/post"}],"author":[{"embeddable":true,"href":"https:\/\/www.slatina.hr\/portal\/wp-json\/wp\/v2\/users\/5"}],"replies":[{"embeddable":true,"href":"https:\/\/www.slatina.hr\/portal\/wp-json\/wp\/v2\/comments?post=123126"}],"version-history":[{"count":1,"href":"https:\/\/www.slatina.hr\/portal\/wp-json\/wp\/v2\/posts\/123126\/revisions"}],"predecessor-version":[{"id":123133,"href":"https:\/\/www.slatina.hr\/portal\/wp-json\/wp\/v2\/posts\/123126\/revisions\/123133"}],"wp:featuredmedia":[{"embeddable":true,"href":"https:\/\/www.slatina.hr\/portal\/wp-json\/wp\/v2\/media\/123132"}],"wp:attachment":[{"href":"https:\/\/www.slatina.hr\/portal\/wp-json\/wp\/v2\/media?parent=123126"}],"wp:term":[{"taxonomy":"category","embeddable":true,"href":"https:\/\/www.slatina.hr\/portal\/wp-json\/wp\/v2\/categories?post=123126"},{"taxonomy":"post_tag","embeddable":true,"href":"https:\/\/www.slatina.hr\/portal\/wp-json\/wp\/v2\/tags?post=123126"}],"curies":[{"name":"wp","href":"https:\/\/api.w.org\/{rel}","templated":true}]}}