{"id":122987,"date":"2025-03-08T07:08:08","date_gmt":"2025-03-08T06:08:08","guid":{"rendered":"https:\/\/www.slatina.hr\/portal\/?p=122987"},"modified":"2025-03-08T07:08:08","modified_gmt":"2025-03-08T06:08:08","slug":"zamjenik-gradonacelnika-koji-obnasa-duznost-gradonacelnika-grada-slatine-ilija-nikolic-uputio-cestitku-u-prigodi-medunarodnog-dana-zena","status":"publish","type":"post","link":"https:\/\/www.slatina.hr\/portal\/zamjenik-gradonacelnika-koji-obnasa-duznost-gradonacelnika-grada-slatine-ilija-nikolic-uputio-cestitku-u-prigodi-medunarodnog-dana-zena\/","title":{"rendered":"Zamjenik gradona\u010delnika koji obna\u0161a du\u017enost gradona\u010delnika Grada Slatine Ilija Nikoli\u0107 uputio \u010destitku u prigodi Me\u0111unarodnog dana \u017eena"},"content":{"rendered":"<p>Drage sugra\u0111anke,<\/p>\n<p>&nbsp;&nbsp;&nbsp;&nbsp;&nbsp; s posebnim po\u0161tovanjem i zahvalno\u0161\u0107u upu\u0107ujem vam najiskrenije \u010destitke povodom Me\u0111unarodnog dana \u017eena. Ovaj dan prilika je da se prisjetimo dugogodi\u0161nje borbe za ravnopravnost, ali i izrazimo zahvalnost i divljenje svim \u017eenama koje svojim trudom, znanjem i predano\u0161\u0107u doprinose razvoju na\u0161eg dru\u0161tva.<\/p>\n<p>Hvala vam na va\u0161oj snazi, hrabrosti i nesebi\u010dnosti. Va\u0161a uloga u obitelji, zajednici i na radnim mjestima neizmjerno je va\u017ena i zaslu\u017euje priznanje svakoga dana u godini.<\/p>\n<p>Svim \u017eenama, majkama, suprugama, bakama, sestrama i kolegicama od srca \u010destitam njihov dan uz najljep\u0161e \u017eelje, da budete cijenjene i po\u0161tovane u svakom segmentu.<\/p>\n<p>Sretan vam Dan \u017eena!<\/p>\n<p>&nbsp;&nbsp;&nbsp;&nbsp;&nbsp;&nbsp;&nbsp;&nbsp;&nbsp;&nbsp;&nbsp;&nbsp;&nbsp;&nbsp;&nbsp;&nbsp;&nbsp;&nbsp;&nbsp;&nbsp;&nbsp;&nbsp;&nbsp;&nbsp;&nbsp;&nbsp;&nbsp;&nbsp;&nbsp;&nbsp;&nbsp;&nbsp;&nbsp;&nbsp;&nbsp;&nbsp;&nbsp;&nbsp;&nbsp;&nbsp;&nbsp;&nbsp; Zamjenik gradona\u010delnika koji obna\u0161a du\u017enost&nbsp; &nbsp; &nbsp; &nbsp; &nbsp; &nbsp; &nbsp; &nbsp; &nbsp; &nbsp; &nbsp; &nbsp; &nbsp; &nbsp; &nbsp; &nbsp; &nbsp; &nbsp; &nbsp; &nbsp; &nbsp; &nbsp; &nbsp; &nbsp; &nbsp; &nbsp; &nbsp; &nbsp; &nbsp; &nbsp; &nbsp; &nbsp; &nbsp; &nbsp; &nbsp; &nbsp; &nbsp; &nbsp; &nbsp; &nbsp; &nbsp; &nbsp; &nbsp; &nbsp; &nbsp; &nbsp; &nbsp; &nbsp; &nbsp; &nbsp; &nbsp; &nbsp; &nbsp; &nbsp; &nbsp; &nbsp; &nbsp; &nbsp; &nbsp; &nbsp; &nbsp; &nbsp; &nbsp; &nbsp; &nbsp; &nbsp; &nbsp; &nbsp; &nbsp; &nbsp; &nbsp; &nbsp; &nbsp; &nbsp; &nbsp; &nbsp; &nbsp; &nbsp; &nbsp; &nbsp; &nbsp; &nbsp; &nbsp; &nbsp; &nbsp; &nbsp; &nbsp; &nbsp; &nbsp; &nbsp; &nbsp; &nbsp; &nbsp; &nbsp; &nbsp; &nbsp; &nbsp; &nbsp; &nbsp; &nbsp; &nbsp; &nbsp; &nbsp; &nbsp; &nbsp; &nbsp; &nbsp; &nbsp; &nbsp; &nbsp; &nbsp; &nbsp; &nbsp; &nbsp; &nbsp; &nbsp; &nbsp; &nbsp; &nbsp; &nbsp; &nbsp; &nbsp; &nbsp; &nbsp; &nbsp; &nbsp; &nbsp; &nbsp; &nbsp; &nbsp; &nbsp; &nbsp; &nbsp; &nbsp; &nbsp; &nbsp; &nbsp; &nbsp; &nbsp; gradona\u010delnika Grada Slatine Ilija Nikoli\u0107<\/p>\n","protected":false},"excerpt":{"rendered":"<p>Drage sugra\u0111anke, &nbsp;&nbsp;&nbsp;&nbsp;&nbsp; s posebnim po\u0161tovanjem i zahvalno\u0161\u0107u upu\u0107ujem vam najiskrenije \u010destitke povodom Me\u0111unarodnog dana \u017eena. Ovaj dan prilika je da se prisjetimo dugogodi\u0161nje borbe<span class=\"excerpt-hellip\"> [\u2026]<\/span><\/p>\n","protected":false},"author":5,"featured_media":122988,"comment_status":"closed","ping_status":"closed","sticky":false,"template":"","format":"standard","meta":{"ngg_post_thumbnail":0,"footnotes":""},"categories":[137,136],"tags":[],"class_list":["post-122987","post","type-post","status-publish","format-standard","has-post-thumbnail","hentry","category-naslovnica","category-grad-slatina"],"_links":{"self":[{"href":"https:\/\/www.slatina.hr\/portal\/wp-json\/wp\/v2\/posts\/122987","targetHints":{"allow":["GET"]}}],"collection":[{"href":"https:\/\/www.slatina.hr\/portal\/wp-json\/wp\/v2\/posts"}],"about":[{"href":"https:\/\/www.slatina.hr\/portal\/wp-json\/wp\/v2\/types\/post"}],"author":[{"embeddable":true,"href":"https:\/\/www.slatina.hr\/portal\/wp-json\/wp\/v2\/users\/5"}],"replies":[{"embeddable":true,"href":"https:\/\/www.slatina.hr\/portal\/wp-json\/wp\/v2\/comments?post=122987"}],"version-history":[{"count":4,"href":"https:\/\/www.slatina.hr\/portal\/wp-json\/wp\/v2\/posts\/122987\/revisions"}],"predecessor-version":[{"id":122992,"href":"https:\/\/www.slatina.hr\/portal\/wp-json\/wp\/v2\/posts\/122987\/revisions\/122992"}],"wp:featuredmedia":[{"embeddable":true,"href":"https:\/\/www.slatina.hr\/portal\/wp-json\/wp\/v2\/media\/122988"}],"wp:attachment":[{"href":"https:\/\/www.slatina.hr\/portal\/wp-json\/wp\/v2\/media?parent=122987"}],"wp:term":[{"taxonomy":"category","embeddable":true,"href":"https:\/\/www.slatina.hr\/portal\/wp-json\/wp\/v2\/categories?post=122987"},{"taxonomy":"post_tag","embeddable":true,"href":"https:\/\/www.slatina.hr\/portal\/wp-json\/wp\/v2\/tags?post=122987"}],"curies":[{"name":"wp","href":"https:\/\/api.w.org\/{rel}","templated":true}]}}