{"id":122893,"date":"2025-03-04T14:31:08","date_gmt":"2025-03-04T13:31:08","guid":{"rendered":"https:\/\/www.slatina.hr\/portal\/?p=122893"},"modified":"2025-03-04T14:31:08","modified_gmt":"2025-03-04T13:31:08","slug":"grad-slatina-i-gradska-knjiznica-i-citaonica-slatina-nastavljaju-zajednicku-suradnju","status":"publish","type":"post","link":"https:\/\/www.slatina.hr\/portal\/grad-slatina-i-gradska-knjiznica-i-citaonica-slatina-nastavljaju-zajednicku-suradnju\/","title":{"rendered":"Grad Slatina i Gradska knji\u017enica i \u010ditaonica Slatina nastavljaju zajedni\u010dku suradnju"},"content":{"rendered":"<p>Zamjenik gradona\u010delnika koji obna\u0161a du\u017enost gradona\u010delnika Grada Slatine Ilija Nikoli\u0107 u sklopu svog redovitog obilaska gradskih institucija danas (utorak) je posjetio Gradsku knji\u017enicu i \u010ditaonicu Slatina gdje ga je srda\u010dno do\u010dekala ravnateljica Sanja Pajni\u0107.<\/p>\n<p>Redovita je to praksa kako bi se upoznao s radom i novostima koje donosi plan i program rada svake pojedine institucije tijekom nove kalendarske godine.<\/p>\n<p>Tako ga je ravnateljica Pajni\u0107 upoznala s redovitim radom knji\u017enice koji se primarno temelji na redovitoj nabavi knji\u017ene i neknji\u017ene gra\u0111e te organiziranju edukativnih doga\u0111aja putem kojih se promovira i poti\u010de \u010ditanje. Osim toga, obnavlja se i informati\u010dka oprema te razvija publika u kulturi.<\/p>\n<p>Tako je u 2024. godini izme\u0111u ostaloga zavr\u0161en program opremanja studijskog odjela unutar kojega su nabavljena i nova ra\u010dunala kojima se korisnici mogu slu\u017eiti.<\/p>\n<p>\u2013 Drago nam je \u0161to je pro\u0161le godine u suradnji Nacionalne i sveu\u010dili\u0161ne knji\u017enice i Srednje \u0161kole Marka Maruli\u0107a osnovana virtualna zbirka o Viktoru \u017dmega\u010du na Hrvatskom arhivu weba:<\/p>\n<p><a href=\"https:\/\/haw.nsk.hr\/tematske-zbirke\/31\/viktor-%C5%BDmega%C4%8D\/\" target=\"_blank\" rel=\"noopener\">https:\/\/haw.nsk.hr\/tematske-zbirke\/31\/viktor-%C5%BDmega%C4%8D\/<\/a><\/p>\n<p>Zadovoljni smo i suradnjom s na\u0161im osnovnim i srednjim \u0161kolama te vrti\u0107ima, \u2013 istaknula je ravnateljica Pajni\u0107 te posebno istaknula projekt u sklopu kojega je pro\u0161le godine u suradnji s Industrijsko-obrtni\u010dkom \u0161kolom Slatina izra\u0111ena ku\u0107ica za knjige i postavljena u parku ispred Knji\u017enice \u010dime se slatinska Knji\u017enica priklju\u010dila mre\u017ei Malih slobodnih Knji\u017enica Hrvatske.<\/p>\n<p>\u2013 Postavljanjem ku\u0107ica za knjige, gdje \u0107e svatko mo\u0107i uzeti, posuditi, vratiti ili zamijeniti knjige, knji\u017enice stvaraju nove kontakte s publikom koja odrasta zajedno s knji\u017enicom i njenim kulturnim sadr\u017eajima, \u2013 podsjetila je ravnateljica Pajni\u0107 te dodala kako Knji\u017enica i ove godine planira niz programa i projekata za koje je, kao i za nabavu knji\u017ene gra\u0111e, ostvarila znatna sredstva od strane Ministarstva kulture i medija RH putem javnih poziva na koje se redovito prijavljuje uz podr\u0161ku osniva\u010da, odnosno Grada Slatine.<\/p>\n<p>Tako \u0107e tijekom ove godine za nabavu knji\u017ene i neknji\u017ene gra\u0111e na raspolaganju imati 13.274,00 eura, a za otkup knjiga uvr\u0161tenih na popis A i popis B 16.000,00 eura.<br \/>\nZa program razvoja publike u kulturi imena \u201eDobrodo\u0161lica kulturi\u201c slatinskoj je Knji\u017enici odobreno 3.000,00 eura, za program poticanja \u010ditanja \u201eKnjigice za bebice\u201c 400,00, a za program likovnih radionica \u201eUmjetnici po\u010detnici\u201c 300,00 eura.<\/p>\n<p>Na kraju ovoga susreta ravnateljica Pajni\u0107 je naglasila kako je Gradska knji\u017enica i \u010ditaonica Slatina 2024. godinu zaklju\u010dila s ukupno 64 866 jedinica knji\u017eni\u010dne gra\u0111e.<\/p>\n<p>\u2013 Vjerujemo da \u0107e svatko od korisnika prona\u0107i ne\u0161to zanimljivo za sebe u na\u0161oj Knji\u017enici. Tako\u0111er, pozivamo sve gra\u0111ane na\u0161eg grada da se priklju\u010de razli\u010ditim javnim doga\u0111ajima koje organiziramo i koji su besplatni. Me\u0111u njima su knji\u017eevni susreti, predavanja, izlo\u017ebe, pri\u010daonice za djecu te na\u0161i \u010ditateljski klubovi, za mlade i za odrasle, koji ve\u0107 godinama okupljaju stalne \u010ditatelje, \u2013 zaklju\u010dila je ravnateljica Sanja Pajni\u0107.<\/p>\n<p>Zamjenik gradona\u010delnika koji obna\u0161a du\u017enost gradona\u010delnika Grada Slatine Ilija Nikoli\u0107 izrazio je zadovoljstvo marljivim radom svih djelatnika ove gradske ustanove te pohvalio njihove planove tijekom ove godine.<\/p>\n<p>\u2013 Drago mi je \u0161to je Gradska knji\u017enica mjesto gdje na\u0161i gra\u0111ani mogu prona\u0107i lijepu rije\u010d i to ne samo u knjigama ve\u0107 i na raznim doga\u0111anjima. Slatinska je knji\u017enica prekrasan prostor koji nudi razne mogu\u0107nosti za sve skupine dru\u0161tva, od najmla\u0111ih i njihovih prvih susreta s knjigom, do onih u najboljim godinama koji ne samo uz knjigu, ve\u0107 i uz dru\u0161tvene igre te medijsku kulturu imaju priliku uljep\u0161ati svoje dane, \u2013 istaknuo je Nikoli\u0107 naglasiv\u0161i daljnju podr\u0161ku Grada Slatine kroz zajedni\u010dku suradnju.<\/p>\n<p>(www.radioslatina.hr)<\/p>\nngg_shortcode_0_placeholder\n","protected":false},"excerpt":{"rendered":"<p>Zamjenik gradona\u010delnika koji obna\u0161a du\u017enost gradona\u010delnika Grada Slatine Ilija Nikoli\u0107 u sklopu svog redovitog obilaska gradskih institucija danas (utorak) je posjetio Gradsku knji\u017enicu i \u010ditaonicu<span class=\"excerpt-hellip\"> [\u2026]<\/span><\/p>\n","protected":false},"author":5,"featured_media":122903,"comment_status":"closed","ping_status":"closed","sticky":false,"template":"","format":"standard","meta":{"ngg_post_thumbnail":0,"footnotes":""},"categories":[137,136],"tags":[],"class_list":["post-122893","post","type-post","status-publish","format-standard","has-post-thumbnail","hentry","category-naslovnica","category-grad-slatina"],"_links":{"self":[{"href":"https:\/\/www.slatina.hr\/portal\/wp-json\/wp\/v2\/posts\/122893","targetHints":{"allow":["GET"]}}],"collection":[{"href":"https:\/\/www.slatina.hr\/portal\/wp-json\/wp\/v2\/posts"}],"about":[{"href":"https:\/\/www.slatina.hr\/portal\/wp-json\/wp\/v2\/types\/post"}],"author":[{"embeddable":true,"href":"https:\/\/www.slatina.hr\/portal\/wp-json\/wp\/v2\/users\/5"}],"replies":[{"embeddable":true,"href":"https:\/\/www.slatina.hr\/portal\/wp-json\/wp\/v2\/comments?post=122893"}],"version-history":[{"count":1,"href":"https:\/\/www.slatina.hr\/portal\/wp-json\/wp\/v2\/posts\/122893\/revisions"}],"predecessor-version":[{"id":122904,"href":"https:\/\/www.slatina.hr\/portal\/wp-json\/wp\/v2\/posts\/122893\/revisions\/122904"}],"wp:featuredmedia":[{"embeddable":true,"href":"https:\/\/www.slatina.hr\/portal\/wp-json\/wp\/v2\/media\/122903"}],"wp:attachment":[{"href":"https:\/\/www.slatina.hr\/portal\/wp-json\/wp\/v2\/media?parent=122893"}],"wp:term":[{"taxonomy":"category","embeddable":true,"href":"https:\/\/www.slatina.hr\/portal\/wp-json\/wp\/v2\/categories?post=122893"},{"taxonomy":"post_tag","embeddable":true,"href":"https:\/\/www.slatina.hr\/portal\/wp-json\/wp\/v2\/tags?post=122893"}],"curies":[{"name":"wp","href":"https:\/\/api.w.org\/{rel}","templated":true}]}}