{"id":122883,"date":"2025-03-04T14:18:28","date_gmt":"2025-03-04T13:18:28","guid":{"rendered":"https:\/\/www.slatina.hr\/portal\/?p=122883"},"modified":"2025-03-04T14:18:28","modified_gmt":"2025-03-04T13:18:28","slug":"obnasatelj-duznosti-slatinskog-gradonacelnika-ilija-nikolic-obisao-obnovljeno-kroviste-na-kuci-ivana-nikolausa","status":"publish","type":"post","link":"https:\/\/www.slatina.hr\/portal\/obnasatelj-duznosti-slatinskog-gradonacelnika-ilija-nikolic-obisao-obnovljeno-kroviste-na-kuci-ivana-nikolausa\/","title":{"rendered":"Obna\u0161atelj du\u017enosti slatinskog gradona\u010delnika Ilija Nikoli\u0107 obi\u0161ao obnovljeno krovi\u0161te na ku\u0107i Ivana Nikolausa"},"content":{"rendered":"<p>Zamjenik gradona\u010delnika koji obna\u0161a du\u017enost gradona\u010delnika Grada Slatine Ilija Nikoli\u0107 obi\u0161ao je zavr\u0161etak radova na krovi\u0161tu ku\u0107e Ivana Nikolausa, koje je prije nekoliko dana te\u0161ko stradalo u po\u017earu.<\/p>\n<p>Obnovu krovi\u0161ta u potpunosti je financirao Grad Slatina, a radove je izveo Gra\u0111evni obrt Bili\u0107 iz Slatine. U sklopu sanacije zamijenjen je dio izgorjelog krovi\u0161ta, ugra\u0111en novi dimnjak te postavljena limarija, \u010dime je osigurana dugotrajna za\u0161tita objekta od vremenskih nepogoda.<\/p>\n<p>Nikoli\u0107 je tom prilikom istaknuo kako je pomo\u0107 gra\u0111anima u te\u0161kim trenucima temeljna du\u017enost Grada te da Slatina uvijek stoji uz svoje sugra\u0111ane, osobito kada se na\u0111u u situacijama koje zahtijevaju hitnu reakciju i podr\u0161ku.<\/p>\n<p>\u2013 Ovo nije samo obnova krovi\u0161ta \u2013 ovo je poruka solidarnosti i zajedni\u0161tva. Grad Slatina uvijek \u0107e biti tu za svoje ljude, pru\u017eaju\u0107i im sigurnost i oslonac kada im je to najpotrebnije, \u2013 poru\u010dio je Nikoli\u0107.<\/p>\n<p>Ivan Nikolaus zahvalio je Gradu Slatini i zamjeniku gradona\u010delnika Nikoli\u0107u na brzoj reakciji i nesebi\u010dnoj pomo\u0107i, kao i vatrogascima \u2013 posebice zapovjedniku Tomislavu Uheru, HEP-u, Mihaelu Dlabu vlasniku obrta D&amp;D Elmont Slatina, te Ivi Bili\u0107u vlasniku Gra\u0111evnog obrta Bili\u0107 na iznimnoj a\u017eurnosti i kvalitetno izvedenim radovima.<br \/>\nNa kraju je posebno naglasio va\u017enost redovitog \u010di\u0161\u0107enja dimnjaka i pravilnog izvo\u0111enja radova, kako bi se izbjegle ovakve tragedije u budu\u0107nosti.<\/p>\n<p>(www.radioslatina.hr)<\/p>\nngg_shortcode_0_placeholder\n","protected":false},"excerpt":{"rendered":"<p>Zamjenik gradona\u010delnika koji obna\u0161a du\u017enost gradona\u010delnika Grada Slatine Ilija Nikoli\u0107 obi\u0161ao je zavr\u0161etak radova na krovi\u0161tu ku\u0107e Ivana Nikolausa, koje je prije nekoliko dana te\u0161ko<span class=\"excerpt-hellip\"> [\u2026]<\/span><\/p>\n","protected":false},"author":5,"featured_media":122889,"comment_status":"closed","ping_status":"closed","sticky":false,"template":"","format":"standard","meta":{"ngg_post_thumbnail":0,"footnotes":""},"categories":[137,136],"tags":[],"class_list":["post-122883","post","type-post","status-publish","format-standard","has-post-thumbnail","hentry","category-naslovnica","category-grad-slatina"],"_links":{"self":[{"href":"https:\/\/www.slatina.hr\/portal\/wp-json\/wp\/v2\/posts\/122883","targetHints":{"allow":["GET"]}}],"collection":[{"href":"https:\/\/www.slatina.hr\/portal\/wp-json\/wp\/v2\/posts"}],"about":[{"href":"https:\/\/www.slatina.hr\/portal\/wp-json\/wp\/v2\/types\/post"}],"author":[{"embeddable":true,"href":"https:\/\/www.slatina.hr\/portal\/wp-json\/wp\/v2\/users\/5"}],"replies":[{"embeddable":true,"href":"https:\/\/www.slatina.hr\/portal\/wp-json\/wp\/v2\/comments?post=122883"}],"version-history":[{"count":1,"href":"https:\/\/www.slatina.hr\/portal\/wp-json\/wp\/v2\/posts\/122883\/revisions"}],"predecessor-version":[{"id":122890,"href":"https:\/\/www.slatina.hr\/portal\/wp-json\/wp\/v2\/posts\/122883\/revisions\/122890"}],"wp:featuredmedia":[{"embeddable":true,"href":"https:\/\/www.slatina.hr\/portal\/wp-json\/wp\/v2\/media\/122889"}],"wp:attachment":[{"href":"https:\/\/www.slatina.hr\/portal\/wp-json\/wp\/v2\/media?parent=122883"}],"wp:term":[{"taxonomy":"category","embeddable":true,"href":"https:\/\/www.slatina.hr\/portal\/wp-json\/wp\/v2\/categories?post=122883"},{"taxonomy":"post_tag","embeddable":true,"href":"https:\/\/www.slatina.hr\/portal\/wp-json\/wp\/v2\/tags?post=122883"}],"curies":[{"name":"wp","href":"https:\/\/api.w.org\/{rel}","templated":true}]}}