{"id":122862,"date":"2025-02-18T12:40:03","date_gmt":"2025-02-18T11:40:03","guid":{"rendered":"https:\/\/www.slatina.hr\/portal\/?p=122862"},"modified":"2025-02-18T12:40:03","modified_gmt":"2025-02-18T11:40:03","slug":"predstavnici-mjesnih-odbora-medinci-sladojevacki-lug-i-lukavac-iznijeli-svoju-problematiku-celnicima-grada-slatine","status":"publish","type":"post","link":"https:\/\/www.slatina.hr\/portal\/predstavnici-mjesnih-odbora-medinci-sladojevacki-lug-i-lukavac-iznijeli-svoju-problematiku-celnicima-grada-slatine\/","title":{"rendered":"Predstavnici mjesnih odbora Medinci, Sladojeva\u010dki Lug i Lukavac iznijeli svoju problematiku \u010delnicima Grada Slatine"},"content":{"rendered":"<p>U slatinskoj Gradskoj upravi i ovoga tjedna odr\u017ean je niz sastanaka s predstavnicima mjesnih odbora.<\/p>\n<p><a href=\"https:\/\/www.radioslatina.hr\/predstavnici-mjesnih-odbora-medinci-sladojevacki-lug-i-lukavac-iznijeli-svoju-problematiku-celnicima-grada-slatine\/img_5547_1024x683-2\/\" rel=\"attachment wp-att-378276 noopener\" target=\"_blank\"><img loading=\"lazy\" decoding=\"async\" class=\"wp-image-378276 alignleft\" src=\"https:\/\/www.radioslatina.hr\/wp-content\/uploads\/2025\/02\/IMG_5547_1024x683.jpg\" sizes=\"auto, (max-width: 300px) 100vw, 300px\" srcset=\"https:\/\/www.radioslatina.hr\/wp-content\/uploads\/2025\/02\/IMG_5547_1024x683.jpg 1024w, https:\/\/www.radioslatina.hr\/wp-content\/uploads\/2025\/02\/IMG_5547_1024x683-768x512.jpg 768w\" alt=\"\" width=\"300\" height=\"200\"><\/a>Ovoga puta zamjenik gradona\u010delnika koji obna\u0161a du\u017enost gradona\u010delnika Grada Slatine Ilija Nikoli\u0107 u nazo\u010dnosti pro\u010delnika Stru\u010dne slu\u017ebe Grada Slatine Krunoslava \u0160araboka i privremenog pro\u010delnika Upravnog odjela za razvoj Grada Marina Kokori\u0107a razgovarao je s predsjednicima mjesnih odbora Medinci, Sladojeva\u010dki Lug i Lukavac koji su im ujedno predstavili plan rada za 2025. godinu te iznijeli aktualne probleme s kojima se susre\u0107u u svojim sredinama.<br \/>\nNikoli\u0107 je izrazio spremnost za suradnju i naglasio kako \u0107e gradske slu\u017ebe analizirati iznesene probleme te, sukladno prora\u010dunskim mogu\u0107nostima, nastojati prona\u0107i odgovaraju\u0107a rje\u0161enja.<\/p>\n<p>Tijekom sastanka raspravljalo se o klju\u010dnim infrastrukturnim i komunalnim pitanjima, kao i o mogu\u0107nostima daljnje zajedni\u010dke suradnje.<\/p>\n<p><a href=\"https:\/\/www.radioslatina.hr\/predstavnici-mjesnih-odbora-medinci-sladojevacki-lug-i-lukavac-iznijeli-svoju-problematiku-celnicima-grada-slatine\/img_5850_1024x683-4\/\" rel=\"attachment wp-att-378277 noopener\" target=\"_blank\"><img loading=\"lazy\" decoding=\"async\" class=\"wp-image-378277 alignright\" src=\"https:\/\/www.radioslatina.hr\/wp-content\/uploads\/2025\/02\/IMG_5850_1024x683.jpg\" sizes=\"auto, (max-width: 300px) 100vw, 300px\" srcset=\"https:\/\/www.radioslatina.hr\/wp-content\/uploads\/2025\/02\/IMG_5850_1024x683.jpg 1024w, https:\/\/www.radioslatina.hr\/wp-content\/uploads\/2025\/02\/IMG_5850_1024x683-768x512.jpg 768w\" alt=\"\" width=\"300\" height=\"200\"><\/a>Predsjednik Mjesnog odbora Medinci Marko Molnar prije svega po\u017ealio se na brzinu prometa kroz Medince gdje rijetki voza\u010di po\u0161tuju postavljene znakove za ograni\u010denje brzine izraziv\u0161i bojazan za \u017eivot svojih sumje\u0161tana, osobito djece, gdje je zamjenik gradona\u010delnika koji obna\u0161a du\u017enost gradona\u010delnika Grada Slatine Ilija Nikoli\u0107 najavio sastanak s predstavnicima policije vezan uz tu problematiku s kojom se na \u017ealost susre\u0107u i ostala prigradska naselja kao i brojne dionice u samoj Slatini.<\/p>\n<p>Uz potrebu izgradnje nogostupa i nasipavanja poljskih puteva razgovaralo se i o prijedlogu izgradnje biciklisti\u010dke staze i \u0161etnice prema gradu Slatini.<\/p>\n<p>Na kraju je dogovoreno opremanje doma potrebnim inventarom kako bi se osigurao prostor za kvalitetan rad Vije\u0107a ovog mjesnog odbora.<\/p>\n<p><a href=\"https:\/\/www.radioslatina.hr\/predstavnici-mjesnih-odbora-medinci-sladojevacki-lug-i-lukavac-iznijeli-svoju-problematiku-celnicima-grada-slatine\/img_5516_1024x683-2\/\" rel=\"attachment wp-att-378278 noopener\" target=\"_blank\"><img loading=\"lazy\" decoding=\"async\" class=\"wp-image-378278 alignleft\" src=\"https:\/\/www.radioslatina.hr\/wp-content\/uploads\/2025\/02\/IMG_5516_1024x683.jpg\" sizes=\"auto, (max-width: 300px) 100vw, 300px\" srcset=\"https:\/\/www.radioslatina.hr\/wp-content\/uploads\/2025\/02\/IMG_5516_1024x683.jpg 1024w, https:\/\/www.radioslatina.hr\/wp-content\/uploads\/2025\/02\/IMG_5516_1024x683-768x512.jpg 768w\" alt=\"\" width=\"300\" height=\"200\"><\/a>Predsjednik Mjesnog odbora Sladojeva\u010dki Lug Nino Hodak naglasak je stavio na problematiku vezanu uz cestovnu sigurnost, osobito \u0161kolske djece koja na glavnoj prometnici na potezu izme\u0111u slatinske obilaznice i Donjih Meljana \u010dekaju \u0161kolski autobus. Tim vi\u0161e \u0161to su autobusna stajali\u0161ta, kao i \u017eeljezni\u010dko stajali\u0161te u Sladojeva\u010dkom Lugu u potpunosti neosvijetljena tako da bi na tim dionicama trebalo rije\u0161iti javnu rasvjetu.<br \/>\nNadalje je istaknuo potrebu \u010di\u0161\u0107enja kanala, a u planu za daljnje razdoblje na\u0161la se i problematika ure\u0111enja doma u kojemu bi osim fasade trebalo rije\u0161iti i sustav grijanja.<\/p>\n<p><a href=\"https:\/\/www.radioslatina.hr\/predstavnici-mjesnih-odbora-medinci-sladojevacki-lug-i-lukavac-iznijeli-svoju-problematiku-celnicima-grada-slatine\/img_5536_1024x683\/\" rel=\"attachment wp-att-378279 noopener\" target=\"_blank\"><img loading=\"lazy\" decoding=\"async\" class=\"wp-image-378279 alignright\" src=\"https:\/\/www.radioslatina.hr\/wp-content\/uploads\/2025\/02\/IMG_5536_1024x683.jpg\" sizes=\"auto, (max-width: 300px) 100vw, 300px\" srcset=\"https:\/\/www.radioslatina.hr\/wp-content\/uploads\/2025\/02\/IMG_5536_1024x683.jpg 1024w, https:\/\/www.radioslatina.hr\/wp-content\/uploads\/2025\/02\/IMG_5536_1024x683-768x512.jpg 768w\" alt=\"\" width=\"300\" height=\"200\"><\/a>Predsjednik MO Lukavac Marinko Zlatuni\u0107 naglasio je kako mje\u0161tani ovog prigradskog naselja s nestrpljenjem i\u0161\u010dekuju zavr\u0161etak radova na izgradnji vodovodne mre\u017ee kako bi napokon imali pitku vodu u svojim doma\u0107instvima te mogli \u017eivjeti \u017eivot kakav zaslu\u017euju.<\/p>\n<p>Isto tako, s obzirom na broj mladih i djece ukazala se potreba za sanacijom dje\u010djeg, odnosno nogometnog igrali\u0161ta na kojemu bi trebalo poravnati travnatu povr\u0161inu. Zamjenik gradona\u010delnika koji obna\u0161a du\u017enost gradona\u010delnika Grada Slatine Ilija Nikoli\u0107 rekao je kako su golovi spremni te \u0107e se u \u0161to skorije vrijeme urediti i sam teren igrali\u0161ta, a najavio je i radove na ure\u0111enju sanitarnog \u010dvora u tamo\u0161njem domu, \u0161to je Zlatuni\u0107 uz nasipavanje poljskih i puta prema groblju tako\u0111er istaknuo kao jednu od potreba ovog mjesnog odbora.<\/p>\n<p>(www.radioslatina.hr)<\/p>\nngg_shortcode_0_placeholder\n","protected":false},"excerpt":{"rendered":"<p>U slatinskoj Gradskoj upravi i ovoga tjedna odr\u017ean je niz sastanaka s predstavnicima mjesnih odbora. Ovoga puta zamjenik gradona\u010delnika koji obna\u0161a du\u017enost gradona\u010delnika Grada Slatine<span class=\"excerpt-hellip\"> [\u2026]<\/span><\/p>\n","protected":false},"author":5,"featured_media":122868,"comment_status":"closed","ping_status":"closed","sticky":false,"template":"","format":"standard","meta":{"ngg_post_thumbnail":0,"footnotes":""},"categories":[137,136,10],"tags":[],"class_list":["post-122862","post","type-post","status-publish","format-standard","has-post-thumbnail","hentry","category-naslovnica","category-grad-slatina","category-mjesniodbori"],"_links":{"self":[{"href":"https:\/\/www.slatina.hr\/portal\/wp-json\/wp\/v2\/posts\/122862","targetHints":{"allow":["GET"]}}],"collection":[{"href":"https:\/\/www.slatina.hr\/portal\/wp-json\/wp\/v2\/posts"}],"about":[{"href":"https:\/\/www.slatina.hr\/portal\/wp-json\/wp\/v2\/types\/post"}],"author":[{"embeddable":true,"href":"https:\/\/www.slatina.hr\/portal\/wp-json\/wp\/v2\/users\/5"}],"replies":[{"embeddable":true,"href":"https:\/\/www.slatina.hr\/portal\/wp-json\/wp\/v2\/comments?post=122862"}],"version-history":[{"count":1,"href":"https:\/\/www.slatina.hr\/portal\/wp-json\/wp\/v2\/posts\/122862\/revisions"}],"predecessor-version":[{"id":122869,"href":"https:\/\/www.slatina.hr\/portal\/wp-json\/wp\/v2\/posts\/122862\/revisions\/122869"}],"wp:featuredmedia":[{"embeddable":true,"href":"https:\/\/www.slatina.hr\/portal\/wp-json\/wp\/v2\/media\/122868"}],"wp:attachment":[{"href":"https:\/\/www.slatina.hr\/portal\/wp-json\/wp\/v2\/media?parent=122862"}],"wp:term":[{"taxonomy":"category","embeddable":true,"href":"https:\/\/www.slatina.hr\/portal\/wp-json\/wp\/v2\/categories?post=122862"},{"taxonomy":"post_tag","embeddable":true,"href":"https:\/\/www.slatina.hr\/portal\/wp-json\/wp\/v2\/tags?post=122862"}],"curies":[{"name":"wp","href":"https:\/\/api.w.org\/{rel}","templated":true}]}}