{"id":122745,"date":"2025-02-12T14:36:15","date_gmt":"2025-02-12T13:36:15","guid":{"rendered":"https:\/\/www.slatina.hr\/portal\/?p=122745"},"modified":"2025-02-12T14:36:15","modified_gmt":"2025-02-12T13:36:15","slug":"u-slatinskoj-gradskoj-upravi-zapoceo-niz-sastanaka-s-predstavnicima-mjesnih-odbora","status":"publish","type":"post","link":"https:\/\/www.slatina.hr\/portal\/u-slatinskoj-gradskoj-upravi-zapoceo-niz-sastanaka-s-predstavnicima-mjesnih-odbora\/","title":{"rendered":"U slatinskoj Gradskoj upravi zapo\u010deo niz sastanaka s predstavnicima mjesnih odbora"},"content":{"rendered":"<p>Zamjenik gradona\u010delnika koji obna\u0161a du\u017enost gradona\u010delnika Grada Slatine Ilija Nikoli\u0107 u nazo\u010dnosti pro\u010delnika Stru\u010dne slu\u017ebe Grada Slatine Krunoslava \u0160araboka i privremenog pro\u010delnika Upravnog odjela za razvoj Grada Marina Kokori\u0107a te voditelja Odsjeka za poslove gradona\u010delnika i Gradskog vije\u0107a Kre\u0161imira \u0160timca, uprili\u010dio je niz sastanaka s predstavnicima mjesnih odbora s podru\u010dja grada Slatine i prigradskih naselja.<\/p>\n<p>Tako su slatinsku Gradsku upravu ju\u010der (utorak) i danas (srijeda) posjetili predstavnici iz sedam mjesnih odbora kako bi predstavili plan rada za 2025. godinu te iznijeli aktualne probleme s kojima se susre\u0107u u svojim sredinama.<\/p>\n<p>Tijekom sastanka raspravljalo se o klju\u010dnim infrastrukturnim i komunalnim pitanjima, kao i o mogu\u0107nostima daljnje zajedni\u010dke suradnje.<\/p>\n<p>Poseban naglasak stavljen je na pobolj\u0161anje cestovne, sportske i komunalne infrastrukture te odr\u017eavanje zelenih povr\u0161ina.<br \/>\nPredstavnici su istaknuli i potrebu za unapre\u0111enjem socijalnih i kulturnih sadr\u017eaja u pojedinim naseljima, s ciljem podizanja kvalitete \u017eivota.<\/p>\n<p><a href=\"https:\/\/www.radioslatina.hr\/u-slatinskoj-gradskoj-upravi-zapoceo-niz-sastanaka-s-predstavnicima-mjesnih-odbora\/img_4949_1024x683-2\/\" rel=\"attachment wp-att-377373 noopener\" target=\"_blank\"><img loading=\"lazy\" decoding=\"async\" class=\"wp-image-377373 alignleft\" src=\"https:\/\/www.radioslatina.hr\/wp-content\/uploads\/2025\/02\/IMG_4949_1024x683.jpg\" sizes=\"auto, (max-width: 257px) 100vw, 257px\" srcset=\"https:\/\/www.radioslatina.hr\/wp-content\/uploads\/2025\/02\/IMG_4949_1024x683.jpg 1024w, https:\/\/www.radioslatina.hr\/wp-content\/uploads\/2025\/02\/IMG_4949_1024x683-768x512.jpg 768w\" alt=\"\" width=\"257\" height=\"171\"><\/a>Predsjednica Vije\u0107a mjesnog odbora Gornji Miholjac Jasna Kizivat i \u010dlanovi istoga Savo Kolari\u0107 i Sini\u0161a Klement uz a\u017euriranje informacija vezanih uz zajedni\u010dku suradnju oko izrade projektne dokumentacije u sklopu projekta energetske obnove doma u Gornjem Miholjcu, ukazali su i na problem ru\u0161evnih ku\u0107a uz zgrade doma i \u0161kole u samom sredi\u0161tu mjesta koje predstavljaju opasnost za mje\u0161tane i ostale prolaznike.<\/p>\n<p><a href=\"https:\/\/www.radioslatina.hr\/u-slatinskoj-gradskoj-upravi-zapoceo-niz-sastanaka-s-predstavnicima-mjesnih-odbora\/img_4953_1024x683\/\" rel=\"attachment wp-att-377374 noopener\" target=\"_blank\"><img loading=\"lazy\" decoding=\"async\" class=\"wp-image-377374 alignright\" src=\"https:\/\/www.radioslatina.hr\/wp-content\/uploads\/2025\/02\/IMG_4953_1024x683.jpg\" sizes=\"auto, (max-width: 258px) 100vw, 258px\" srcset=\"https:\/\/www.radioslatina.hr\/wp-content\/uploads\/2025\/02\/IMG_4953_1024x683.jpg 1024w, https:\/\/www.radioslatina.hr\/wp-content\/uploads\/2025\/02\/IMG_4953_1024x683-768x512.jpg 768w\" alt=\"\" width=\"258\" height=\"172\"><\/a>Predsjednik Mjesnog odbora Bra\u0107e Radi\u0107 Dominik Bot naglasak je stavio na problematiku vezanu uz cestovnu sigurnost, te na potrebu obnove inventara u domu, odnosno zgradi Tre\u0107eg rajona u Slatini, kako bi se osigurao prostor za kvalitetan rad Vije\u0107a ovog mjesnog odbora.<\/p>\n<p><a href=\"https:\/\/www.radioslatina.hr\/u-slatinskoj-gradskoj-upravi-zapoceo-niz-sastanaka-s-predstavnicima-mjesnih-odbora\/img_4978_1024x683-3\/\" rel=\"attachment wp-att-377375 noopener\" target=\"_blank\"><img loading=\"lazy\" decoding=\"async\" class=\"wp-image-377375 alignleft\" src=\"https:\/\/www.radioslatina.hr\/wp-content\/uploads\/2025\/02\/IMG_4978_1024x683.jpg\" sizes=\"auto, (max-width: 258px) 100vw, 258px\" srcset=\"https:\/\/www.radioslatina.hr\/wp-content\/uploads\/2025\/02\/IMG_4978_1024x683.jpg 1024w, https:\/\/www.radioslatina.hr\/wp-content\/uploads\/2025\/02\/IMG_4978_1024x683-768x512.jpg 768w\" alt=\"\" width=\"258\" height=\"172\"><\/a>Josip Cader, predsjednik Mjesnog odbora Kozice ukazao je na daljnju potrebu ulaganja u prostor Mjesnog doma u Kozicama, osobito zbog dotrajalih podova. Pojasnio je kako je trenuta\u010dna podloga, odnosno linoleum, u lo\u0161em stanju i zahtijeva zamjenu kako bi se osigurala sigurnost i funkcionalnost.<\/p>\n<p><a href=\"https:\/\/www.radioslatina.hr\/u-slatinskoj-gradskoj-upravi-zapoceo-niz-sastanaka-s-predstavnicima-mjesnih-odbora\/img_4983_1024x683\/\" rel=\"attachment wp-att-377376 noopener\" target=\"_blank\"><img loading=\"lazy\" decoding=\"async\" class=\"wp-image-377376 alignright\" src=\"https:\/\/www.radioslatina.hr\/wp-content\/uploads\/2025\/02\/IMG_4983_1024x683.jpg\" sizes=\"auto, (max-width: 258px) 100vw, 258px\" srcset=\"https:\/\/www.radioslatina.hr\/wp-content\/uploads\/2025\/02\/IMG_4983_1024x683.jpg 1024w, https:\/\/www.radioslatina.hr\/wp-content\/uploads\/2025\/02\/IMG_4983_1024x683-768x512.jpg 768w\" alt=\"\" width=\"258\" height=\"172\"><\/a>Sanaciju \u201e\u0160umskog bara\u201c u sklopu Poto\u010danskog rekreacijskog centra, kao prioritet planiranih aktivnosti tijekom 2025. godine naglasio je predsjednik Mjesnog odbora Poto\u010dani Elvis Mali\u0161, istaknuv\u0161i kako se u isti godinama nije ulagalo te je vidljiv \u201ezub\u201c vremena.<\/p>\n<p>\u2013 Taj je prostor jedino mogu\u0107e mjesto okupljanja stanovnika na podru\u010dju na\u0161eg Mjesnog odbora jer nemamo dom kao ve\u0107ina ostalih odbora za provo\u0111enje raznih aktivnosti, stoga mu je potrebna kompletna obnova, \u2013 rekao je Mali\u0161.<\/p>\n<p><a href=\"https:\/\/www.radioslatina.hr\/u-slatinskoj-gradskoj-upravi-zapoceo-niz-sastanaka-s-predstavnicima-mjesnih-odbora\/img_5010_1024x683\/\" rel=\"attachment wp-att-377377 noopener\" target=\"_blank\"><img loading=\"lazy\" decoding=\"async\" class=\"wp-image-377377 alignleft\" src=\"https:\/\/www.radioslatina.hr\/wp-content\/uploads\/2025\/02\/IMG_5010_1024x683.jpg\" sizes=\"auto, (max-width: 258px) 100vw, 258px\" srcset=\"https:\/\/www.radioslatina.hr\/wp-content\/uploads\/2025\/02\/IMG_5010_1024x683.jpg 1024w, https:\/\/www.radioslatina.hr\/wp-content\/uploads\/2025\/02\/IMG_5010_1024x683-768x512.jpg 768w\" alt=\"\" width=\"258\" height=\"172\"><\/a>Probleme s kojima se susre\u0107u mje\u0161tani Novog Senkovca iznijeli su predsjednik VMO Novi Senkovac Tomislav Njega\u010d i \u010dlan istoga Josip Njega\u010d. Tom su prigodom uz potrebnu sanaciju dijela krovi\u0161ta na zgradi Mjesnog doma zbog proki\u0161njavanja uz dimnjak i planiranih aktivnosti oko izgradnje nadstre\u0161nice iza doma, naglasili potrebu ure\u0111enja parka na ulazu u samo mjesto, a uz sanaciju poljskih puteva prijeko je potrebno ure\u0111enje i ceste prema groblju.<\/p>\n<p><a href=\"https:\/\/www.radioslatina.hr\/u-slatinskoj-gradskoj-upravi-zapoceo-niz-sastanaka-s-predstavnicima-mjesnih-odbora\/img_5022_1024x683-2\/\" rel=\"attachment wp-att-377378 noopener\" target=\"_blank\"><img loading=\"lazy\" decoding=\"async\" class=\"wp-image-377378 alignright\" src=\"https:\/\/www.radioslatina.hr\/wp-content\/uploads\/2025\/02\/IMG_5022_1024x683.jpg\" sizes=\"auto, (max-width: 261px) 100vw, 261px\" srcset=\"https:\/\/www.radioslatina.hr\/wp-content\/uploads\/2025\/02\/IMG_5022_1024x683.jpg 1024w, https:\/\/www.radioslatina.hr\/wp-content\/uploads\/2025\/02\/IMG_5022_1024x683-768x512.jpg 768w\" alt=\"\" width=\"261\" height=\"174\"><\/a>Najbrojnija delegacija bila je ona iz Mjesnog odbora Baki\u0107 gdje su uz predsjednika Josipa Antolovi\u0107a sastanku prisustvovali i \u010dlanovi VMO Ivica Pavin, Mihael \u010colak, Mirela Prli\u0107 i Dragan Bene\u0161.<br \/>\nUz zahvalu Gradu Slatini na dosada\u0161njoj suradnji izrazili su zadovoljstvo planiranim po\u010detkom izgradnje crkve u Baki\u0107u tijekom ove godine. Kao prioritet su istaknuli i rje\u0161avanje problema dotrajale zgrade Dru\u0161tvenog doma, a dotakli su se i teme ure\u0111enja zelenog pojasa oko groblja te ure\u0111enja prostorija i nogometnog igrali\u0161ta NK Mladost Baki\u0107.<\/p>\n<p><a href=\"https:\/\/www.radioslatina.hr\/u-slatinskoj-gradskoj-upravi-zapoceo-niz-sastanaka-s-predstavnicima-mjesnih-odbora\/img_5034_1024x683-3\/\" rel=\"attachment wp-att-377379 noopener\" target=\"_blank\"><img loading=\"lazy\" decoding=\"async\" class=\"wp-image-377379 alignleft\" src=\"https:\/\/www.radioslatina.hr\/wp-content\/uploads\/2025\/02\/IMG_5034_1024x683.jpg\" sizes=\"auto, (max-width: 258px) 100vw, 258px\" srcset=\"https:\/\/www.radioslatina.hr\/wp-content\/uploads\/2025\/02\/IMG_5034_1024x683.jpg 1024w, https:\/\/www.radioslatina.hr\/wp-content\/uploads\/2025\/02\/IMG_5034_1024x683-768x512.jpg 768w\" alt=\"\" width=\"258\" height=\"172\"><\/a>Predsjednik Mjesnog odbora Kralj Zvonimir Danijel Kireta uz planirane aktivnosti vezane uz ure\u0111enje igrali\u0161ta i bo\u0107ali\u0161ta u Ulici Andrije Hebranga, ukazao je na problem gdje je na vi\u0161e lokacija ugro\u017eena sigurnost gra\u0111ana u cestovnom prometu te zatra\u017eio hitne mjere za pobolj\u0161anje infrastrukture. Posebno su istaknute kriti\u010dne to\u010dke na kojima je potrebno sanirati o\u0161te\u0107ene prometnice, pobolj\u0161ati horizontalnu i vertikalnu signalizaciju kako bi se osigurala bolja preglednost i ve\u0107a sigurnost svih sudionika u prometu.<\/p>\n<p>Jedna od tema spomenutih sastanaka bila je i proslava Praznika rada, 1. svibnja koju pripremaju gotovo svi mjesni&nbsp;<a href=\"https:\/\/www.radioslatina.hr\/u-slatinskoj-gradskoj-upravi-zapoceo-niz-sastanaka-s-predstavnicima-mjesnih-odbora\/img_4946_1024x683-2\/\" rel=\"attachment wp-att-377380 noopener\" target=\"_blank\"><img loading=\"lazy\" decoding=\"async\" class=\"wp-image-377380 alignright\" src=\"https:\/\/www.radioslatina.hr\/wp-content\/uploads\/2025\/02\/IMG_4946_1024x683.jpg\" sizes=\"auto, (max-width: 259px) 100vw, 259px\" srcset=\"https:\/\/www.radioslatina.hr\/wp-content\/uploads\/2025\/02\/IMG_4946_1024x683.jpg 1024w, https:\/\/www.radioslatina.hr\/wp-content\/uploads\/2025\/02\/IMG_4946_1024x683-768x512.jpg 768w\" alt=\"\" width=\"259\" height=\"173\"><\/a>odbori, naravno uz potporu Grada Slatine.<\/p>\n<p>Obna\u0161atelj du\u017enosti slatinskog gradona\u010delnika Ilija Nikoli\u0107 izrazio je spremnost za suradnju i naglasio kako \u0107e gradske slu\u017ebe analizirati iznesene probleme te, sukladno prora\u010dunskim mogu\u0107nostima, nastojati prona\u0107i odgovaraju\u0107a rje\u0161enja. Zaklju\u010deno je da \u0107e se ovakvi sastanci redovito odr\u017eavati, kao i susreti prilikom obilaska svakog pojedinom mjesnog odbora kako bi se osigurala jo\u0161 bolja komunikacija izme\u0111u Grada i mjesnih odbora.<br \/>\nSastanci s predstavnicima ostalih mjesnih odbora nastavljaju se idu\u0107u tjedan.<\/p>\n<p>(www.radioslatina.hr)<\/p>\nngg_shortcode_0_placeholder\n","protected":false},"excerpt":{"rendered":"<p>Zamjenik gradona\u010delnika koji obna\u0161a du\u017enost gradona\u010delnika Grada Slatine Ilija Nikoli\u0107 u nazo\u010dnosti pro\u010delnika Stru\u010dne slu\u017ebe Grada Slatine Krunoslava \u0160araboka i privremenog pro\u010delnika Upravnog odjela za<span class=\"excerpt-hellip\"> [\u2026]<\/span><\/p>\n","protected":false},"author":5,"featured_media":122759,"comment_status":"closed","ping_status":"closed","sticky":false,"template":"","format":"standard","meta":{"ngg_post_thumbnail":0,"footnotes":""},"categories":[137,136,10],"tags":[],"class_list":["post-122745","post","type-post","status-publish","format-standard","has-post-thumbnail","hentry","category-naslovnica","category-grad-slatina","category-mjesniodbori"],"_links":{"self":[{"href":"https:\/\/www.slatina.hr\/portal\/wp-json\/wp\/v2\/posts\/122745","targetHints":{"allow":["GET"]}}],"collection":[{"href":"https:\/\/www.slatina.hr\/portal\/wp-json\/wp\/v2\/posts"}],"about":[{"href":"https:\/\/www.slatina.hr\/portal\/wp-json\/wp\/v2\/types\/post"}],"author":[{"embeddable":true,"href":"https:\/\/www.slatina.hr\/portal\/wp-json\/wp\/v2\/users\/5"}],"replies":[{"embeddable":true,"href":"https:\/\/www.slatina.hr\/portal\/wp-json\/wp\/v2\/comments?post=122745"}],"version-history":[{"count":1,"href":"https:\/\/www.slatina.hr\/portal\/wp-json\/wp\/v2\/posts\/122745\/revisions"}],"predecessor-version":[{"id":122760,"href":"https:\/\/www.slatina.hr\/portal\/wp-json\/wp\/v2\/posts\/122745\/revisions\/122760"}],"wp:featuredmedia":[{"embeddable":true,"href":"https:\/\/www.slatina.hr\/portal\/wp-json\/wp\/v2\/media\/122759"}],"wp:attachment":[{"href":"https:\/\/www.slatina.hr\/portal\/wp-json\/wp\/v2\/media?parent=122745"}],"wp:term":[{"taxonomy":"category","embeddable":true,"href":"https:\/\/www.slatina.hr\/portal\/wp-json\/wp\/v2\/categories?post=122745"},{"taxonomy":"post_tag","embeddable":true,"href":"https:\/\/www.slatina.hr\/portal\/wp-json\/wp\/v2\/tags?post=122745"}],"curies":[{"name":"wp","href":"https:\/\/api.w.org\/{rel}","templated":true}]}}