{"id":12270,"date":"2014-08-04T11:29:33","date_gmt":"2014-08-04T10:29:33","guid":{"rendered":"http:\/\/www.slatina.hr\/?p=12270"},"modified":"2014-08-04T11:29:33","modified_gmt":"2014-08-04T10:29:33","slug":"obljetnica-osnivanja-i-postrojavanja-64-samostalnog-bataljuna-zng-a-slatina","status":"publish","type":"post","link":"https:\/\/www.slatina.hr\/portal\/obljetnica-osnivanja-i-postrojavanja-64-samostalnog-bataljuna-zng-a-slatina\/","title":{"rendered":"Obljetnica osnivanja i postrojavanja 64. samostalnog bataljuna ZNG-a Slatina"},"content":{"rendered":"<p>Obljetnicu osnivanja Zbora Narodne garde Slatina polaganjem vijenca na spomenik poginulim hrvatskim braniteljima i paljenjem svije\u0107e na grobu Zlatka Ki\u0161a u Novoj Bukovici\u00a0 obilje\u017eilo je njegovih prvih 13 pripadnika.<\/p>\n<p>Prema rije\u010dima zapovjednika specijalnog izvidni\u010dkog voda Stjepana Gala, od prvih naoru\u017eanih dragovoljaca ubrzo je nastao specijalni izvidni\u010dki vod s 28 pripadnika, od kojih je ve\u0107 krajem rujna ostalo samo 13, dok su ostali poginuli ili ranjeni. Izvidni\u010dki vod prerastao je u Zbor Narodne garde Slatina, zatim u 64. samostalni bataljun, a koncem listopada i u 136. brigadu.<\/p>\n<p>Prvi pripadnici Zbora Narodne garde Slatina uru\u010dili su gradona\u010delniku Ivanu Ro\u0161ta\u0161u kao osniva\u010du i prvom zapovjedniku ZNG-a Slatina zahvalnicu za iskazano domoljublje i odlu\u010dnost u obrani slatinskoga kraja i suvereniteta Republike Hrvatske.<\/p>\n<p>Zahvaljuju\u0107i se na primljenoj zahvalnici, gradona\u010delnik Ro\u0161ta\u0161 je rekao da obilje\u017eavanje obljetnice naoru\u017eavanja prvih pripadnika Zbora Narodne garde postaje redovita, lijepa praksa.<\/p>\n<p>Dodao je da nakon dosta vremena koje je pro\u0161lo svatko \u017eivi svoj \u017eivot, dru\u017eenja ima sve manje, a vremena nisu sjajna. Zahvalio se dragovoljcima koji su pokrenuli ovo dru\u017eenje i sje\u0107anje na poginule prijatelje, pozivaju\u0107i prve pripadnike Zbora Narodne garde Slatina da se pridru\u017ee i slu\u017ebenom obilje\u017eavanju obljetnice Oluje. (radioslatina.hr)<\/p>\n<p><!-- default-view.php -->\n<div\n\tclass=\"ngg-galleryoverview default-view\n\t ngg-ajax-pagination-none\t\"\n\tid=\"ngg-gallery-31c813f654a995b1b1eef63b0214b413-1\"\n\tdata-nextgen-gallery-id=\"596\"\n\tdata-gallery-id=\"596\"\n\t\tdata-gallery-name=\"19-10-2023 gras certifikat\"\n\t>\n\n\t\t<!-- Thumbnails -->\n\t\t\t\t<div id=\"ngg-image-0\" class=\"ngg-gallery-thumbnail-box\n\t\t\t\t\t\t\t\t\t\t\t\"\n\t\t\t>\n\t\t\t\t\t\t<div class=\"ngg-gallery-thumbnail\">\n\t\t<a href=\"https:\/\/www.slatina.hr\/portal\/wp-content\/gallery\/19-10-2023-gras-certifikat\/Certifikat_544x768.jpg?t=1697711856\"\n\t\t\ttitle=\"\"\n\t\t\tdata-src=\"https:\/\/www.slatina.hr\/portal\/wp-content\/gallery\/19-10-2023-gras-certifikat\/Certifikat_544x768.jpg?t=1697711856\"\n\t\t\tdata-thumbnail=\"https:\/\/www.slatina.hr\/portal\/wp-content\/gallery\/19-10-2023-gras-certifikat\/thumbs\/thumbs_Certifikat_544x768.jpg?t=1697711856\"\n\t\t\tdata-image-id=\"9607\"\n\t\t\tdata-image-name=\"Certifikat_544x768.jpg\"\n\t\t\tdata-title=\"Certifikat_544x768\"\n\t\t\tdata-description=\"\"\n\t\t\tdata-image-slug=\"certifikat_544x768\"\n\t\t\t\t\t\t\t\t\t\t\t\t\t\t\t\t\t\t\t\tclass=\"ngg-fancybox\" rel=\"31c813f654a995b1b1eef63b0214b413\">\n\t\t\t\t\t\t\t\t<img\n\t\t\t\t\ttitle=\"Certifikat_544x768\"\n\t\t\t\t\talt=\"Certifikat_544x768\"\n\t\t\t\t\tsrc=\"https:\/\/www.slatina.hr\/portal\/wp-content\/gallery\/19-10-2023-gras-certifikat\/thumbs\/thumbs_Certifikat_544x768.jpg?t=1697711856\"\n\t\t\t\t\twidth=\"240\"\n\t\t\t\t\theight=\"160\"\n\t\t\t\t\tstyle=\"max-width:100%;\"\n\t\t\t\t\/>\n\t\t\t<\/a>\n\t\t<\/div>\n\t\t\t\t\t\t\t<\/div>\n\t\t\t\n\t\t\t\t<div id=\"ngg-image-1\" class=\"ngg-gallery-thumbnail-box\n\t\t\t\t\t\t\t\t\t\t\t\"\n\t\t\t>\n\t\t\t\t\t\t<div class=\"ngg-gallery-thumbnail\">\n\t\t<a href=\"https:\/\/www.slatina.hr\/portal\/wp-content\/gallery\/19-10-2023-gras-certifikat\/Foto-1_1024x768.jpg?t=1697711856\"\n\t\t\ttitle=\"\"\n\t\t\tdata-src=\"https:\/\/www.slatina.hr\/portal\/wp-content\/gallery\/19-10-2023-gras-certifikat\/Foto-1_1024x768.jpg?t=1697711856\"\n\t\t\tdata-thumbnail=\"https:\/\/www.slatina.hr\/portal\/wp-content\/gallery\/19-10-2023-gras-certifikat\/thumbs\/thumbs_Foto-1_1024x768.jpg?t=1697711856\"\n\t\t\tdata-image-id=\"9608\"\n\t\t\tdata-image-name=\"Foto-1_1024x768.jpg\"\n\t\t\tdata-title=\"Foto-1_1024x768\"\n\t\t\tdata-description=\"\"\n\t\t\tdata-image-slug=\"foto-1_1024x768-3\"\n\t\t\t\t\t\t\t\t\t\t\t\t\t\t\t\t\t\t\t\tclass=\"ngg-fancybox\" rel=\"31c813f654a995b1b1eef63b0214b413\">\n\t\t\t\t\t\t\t\t<img\n\t\t\t\t\ttitle=\"Foto-1_1024x768\"\n\t\t\t\t\talt=\"Foto-1_1024x768\"\n\t\t\t\t\tsrc=\"https:\/\/www.slatina.hr\/portal\/wp-content\/gallery\/19-10-2023-gras-certifikat\/thumbs\/thumbs_Foto-1_1024x768.jpg?t=1697711856\"\n\t\t\t\t\twidth=\"240\"\n\t\t\t\t\theight=\"160\"\n\t\t\t\t\tstyle=\"max-width:100%;\"\n\t\t\t\t\/>\n\t\t\t<\/a>\n\t\t<\/div>\n\t\t\t\t\t\t\t<\/div>\n\t\t\t\n\t\t\t\t<div id=\"ngg-image-2\" class=\"ngg-gallery-thumbnail-box\n\t\t\t\t\t\t\t\t\t\t\t\"\n\t\t\t>\n\t\t\t\t\t\t<div class=\"ngg-gallery-thumbnail\">\n\t\t<a href=\"https:\/\/www.slatina.hr\/portal\/wp-content\/gallery\/19-10-2023-gras-certifikat\/Foto-2_1024x768.jpg?t=1697711856\"\n\t\t\ttitle=\"\"\n\t\t\tdata-src=\"https:\/\/www.slatina.hr\/portal\/wp-content\/gallery\/19-10-2023-gras-certifikat\/Foto-2_1024x768.jpg?t=1697711856\"\n\t\t\tdata-thumbnail=\"https:\/\/www.slatina.hr\/portal\/wp-content\/gallery\/19-10-2023-gras-certifikat\/thumbs\/thumbs_Foto-2_1024x768.jpg?t=1697711856\"\n\t\t\tdata-image-id=\"9609\"\n\t\t\tdata-image-name=\"Foto-2_1024x768.jpg\"\n\t\t\tdata-title=\"Foto-2_1024x768\"\n\t\t\tdata-description=\"\"\n\t\t\tdata-image-slug=\"foto-2_1024x768-3\"\n\t\t\t\t\t\t\t\t\t\t\t\t\t\t\t\t\t\t\t\tclass=\"ngg-fancybox\" rel=\"31c813f654a995b1b1eef63b0214b413\">\n\t\t\t\t\t\t\t\t<img\n\t\t\t\t\ttitle=\"Foto-2_1024x768\"\n\t\t\t\t\talt=\"Foto-2_1024x768\"\n\t\t\t\t\tsrc=\"https:\/\/www.slatina.hr\/portal\/wp-content\/gallery\/19-10-2023-gras-certifikat\/thumbs\/thumbs_Foto-2_1024x768.jpg?t=1697711856\"\n\t\t\t\t\twidth=\"240\"\n\t\t\t\t\theight=\"160\"\n\t\t\t\t\tstyle=\"max-width:100%;\"\n\t\t\t\t\/>\n\t\t\t<\/a>\n\t\t<\/div>\n\t\t\t\t\t\t\t<\/div>\n\t\t\t\n\t\t\t\t<div id=\"ngg-image-3\" class=\"ngg-gallery-thumbnail-box\n\t\t\t\t\t\t\t\t\t\t\t\"\n\t\t\t>\n\t\t\t\t\t\t<div class=\"ngg-gallery-thumbnail\">\n\t\t<a href=\"https:\/\/www.slatina.hr\/portal\/wp-content\/gallery\/19-10-2023-gras-certifikat\/Naslovna_1024x768.jpg?t=1697711856\"\n\t\t\ttitle=\"\"\n\t\t\tdata-src=\"https:\/\/www.slatina.hr\/portal\/wp-content\/gallery\/19-10-2023-gras-certifikat\/Naslovna_1024x768.jpg?t=1697711856\"\n\t\t\tdata-thumbnail=\"https:\/\/www.slatina.hr\/portal\/wp-content\/gallery\/19-10-2023-gras-certifikat\/thumbs\/thumbs_Naslovna_1024x768.jpg?t=1697711856\"\n\t\t\tdata-image-id=\"9610\"\n\t\t\tdata-image-name=\"Naslovna_1024x768.jpg\"\n\t\t\tdata-title=\"Naslovna_1024x768\"\n\t\t\tdata-description=\"\"\n\t\t\tdata-image-slug=\"naslovna_1024x768-2\"\n\t\t\t\t\t\t\t\t\t\t\t\t\t\t\t\t\t\t\t\tclass=\"ngg-fancybox\" rel=\"31c813f654a995b1b1eef63b0214b413\">\n\t\t\t\t\t\t\t\t<img\n\t\t\t\t\ttitle=\"Naslovna_1024x768\"\n\t\t\t\t\talt=\"Naslovna_1024x768\"\n\t\t\t\t\tsrc=\"https:\/\/www.slatina.hr\/portal\/wp-content\/gallery\/19-10-2023-gras-certifikat\/thumbs\/thumbs_Naslovna_1024x768.jpg?t=1697711856\"\n\t\t\t\t\twidth=\"240\"\n\t\t\t\t\theight=\"160\"\n\t\t\t\t\tstyle=\"max-width:100%;\"\n\t\t\t\t\/>\n\t\t\t<\/a>\n\t\t<\/div>\n\t\t\t\t\t\t\t<\/div>\n\t\t\t\n\t\n\t<br style=\"clear: both\" \/>\n\n\t\n\t\t<!-- Pagination -->\n\t\t<div class='ngg-clear'><\/div>\t<\/div>\n<\/p>\n","protected":false},"excerpt":{"rendered":"<p>Obljetnicu osnivanja Zbora Narodne garde Slatina polaganjem vijenca na spomenik poginulim hrvatskim braniteljima i paljenjem svije\u0107e na grobu Zlatka Ki\u0161a u Novoj Bukovici\u00a0 obilje\u017eilo je<span class=\"excerpt-hellip\"> [\u2026]<\/span><\/p>\n","protected":false},"author":1,"featured_media":12272,"comment_status":"closed","ping_status":"closed","sticky":false,"template":"","format":"standard","meta":{"ngg_post_thumbnail":0,"footnotes":""},"categories":[136],"tags":[],"class_list":["post-12270","post","type-post","status-publish","format-standard","has-post-thumbnail","hentry","category-grad-slatina"],"_links":{"self":[{"href":"https:\/\/www.slatina.hr\/portal\/wp-json\/wp\/v2\/posts\/12270","targetHints":{"allow":["GET"]}}],"collection":[{"href":"https:\/\/www.slatina.hr\/portal\/wp-json\/wp\/v2\/posts"}],"about":[{"href":"https:\/\/www.slatina.hr\/portal\/wp-json\/wp\/v2\/types\/post"}],"author":[{"embeddable":true,"href":"https:\/\/www.slatina.hr\/portal\/wp-json\/wp\/v2\/users\/1"}],"replies":[{"embeddable":true,"href":"https:\/\/www.slatina.hr\/portal\/wp-json\/wp\/v2\/comments?post=12270"}],"version-history":[{"count":0,"href":"https:\/\/www.slatina.hr\/portal\/wp-json\/wp\/v2\/posts\/12270\/revisions"}],"wp:featuredmedia":[{"embeddable":true,"href":"https:\/\/www.slatina.hr\/portal\/wp-json\/wp\/v2\/media\/12272"}],"wp:attachment":[{"href":"https:\/\/www.slatina.hr\/portal\/wp-json\/wp\/v2\/media?parent=12270"}],"wp:term":[{"taxonomy":"category","embeddable":true,"href":"https:\/\/www.slatina.hr\/portal\/wp-json\/wp\/v2\/categories?post=12270"},{"taxonomy":"post_tag","embeddable":true,"href":"https:\/\/www.slatina.hr\/portal\/wp-json\/wp\/v2\/tags?post=12270"}],"curies":[{"name":"wp","href":"https:\/\/api.w.org\/{rel}","templated":true}]}}