{"id":122531,"date":"2024-12-20T15:30:01","date_gmt":"2024-12-20T14:30:01","guid":{"rendered":"https:\/\/www.slatina.hr\/portal\/?p=122531"},"modified":"2024-12-20T15:30:01","modified_gmt":"2024-12-20T14:30:01","slug":"grad-slatina-se-pridruzuje-obiljezavanju-dana-zalosti-ovoga-vikenda","status":"publish","type":"post","link":"https:\/\/www.slatina.hr\/portal\/grad-slatina-se-pridruzuje-obiljezavanju-dana-zalosti-ovoga-vikenda\/","title":{"rendered":"Grad Slatina se pridru\u017euje obilje\u017eavanju Dana \u017ealosti ovoga vikenda"},"content":{"rendered":"<p>Zbog tragi\u010dnog doga\u0111aja koji se jutros dogodio u jednoj osnovnoj \u0161koli u zagreba\u010dkom naselju Pre\u010dko u kojemu je zbog napada no\u017eem od strane 19-godi\u0161njeg mu\u0161karca ozlije\u0111eno vi\u0161e osoba, a smrtno je stradalo sedmogodi\u0161nje dijete, subotu, 21. prosinca 2024. godine Vlada RH proglasila je Danom \u017ealosti.<\/p>\n<p>Grad Slatina izrazio je suosje\u0107anje sa \u017ertvama te se odlu\u010dio pridru\u017eiti Gradu Zagrebu i ostalim gradovima u obilje\u017eavanju Dana \u017ealosti spu\u0161tanjem zastava na pola koplja i isticanjem crnih zastava na objektima u kojima su smje\u0161tena gradska upravna tijela.<\/p>\n<p>Isto tako tim povodom na Adventu u Slatini danas (20.12.), sutra (21.12) i u nedjelju, 22. prosinca ne\u0107e svirati glazba, tako da DJ SIC ne\u0107e pu\u0161tati glazbu, a otkazuje se i planirani koncert grupe Jeans.<\/p>\n<p>Adventske ku\u0107ice bit \u0107e otvorene te \u0107e gra\u0111ani i dalje mo\u0107i posjetiti Advent u Slatini.<\/p>\n<p>(www.radioslatina.hr)<\/p>\n","protected":false},"excerpt":{"rendered":"<p>Zbog tragi\u010dnog doga\u0111aja koji se jutros dogodio u jednoj osnovnoj \u0161koli u zagreba\u010dkom naselju Pre\u010dko u kojemu je zbog napada no\u017eem od strane 19-godi\u0161njeg mu\u0161karca<span class=\"excerpt-hellip\"> [\u2026]<\/span><\/p>\n","protected":false},"author":5,"featured_media":122532,"comment_status":"closed","ping_status":"closed","sticky":false,"template":"","format":"standard","meta":{"ngg_post_thumbnail":0,"footnotes":""},"categories":[137,136],"tags":[],"class_list":["post-122531","post","type-post","status-publish","format-standard","has-post-thumbnail","hentry","category-naslovnica","category-grad-slatina"],"_links":{"self":[{"href":"https:\/\/www.slatina.hr\/portal\/wp-json\/wp\/v2\/posts\/122531","targetHints":{"allow":["GET"]}}],"collection":[{"href":"https:\/\/www.slatina.hr\/portal\/wp-json\/wp\/v2\/posts"}],"about":[{"href":"https:\/\/www.slatina.hr\/portal\/wp-json\/wp\/v2\/types\/post"}],"author":[{"embeddable":true,"href":"https:\/\/www.slatina.hr\/portal\/wp-json\/wp\/v2\/users\/5"}],"replies":[{"embeddable":true,"href":"https:\/\/www.slatina.hr\/portal\/wp-json\/wp\/v2\/comments?post=122531"}],"version-history":[{"count":1,"href":"https:\/\/www.slatina.hr\/portal\/wp-json\/wp\/v2\/posts\/122531\/revisions"}],"predecessor-version":[{"id":122533,"href":"https:\/\/www.slatina.hr\/portal\/wp-json\/wp\/v2\/posts\/122531\/revisions\/122533"}],"wp:featuredmedia":[{"embeddable":true,"href":"https:\/\/www.slatina.hr\/portal\/wp-json\/wp\/v2\/media\/122532"}],"wp:attachment":[{"href":"https:\/\/www.slatina.hr\/portal\/wp-json\/wp\/v2\/media?parent=122531"}],"wp:term":[{"taxonomy":"category","embeddable":true,"href":"https:\/\/www.slatina.hr\/portal\/wp-json\/wp\/v2\/categories?post=122531"},{"taxonomy":"post_tag","embeddable":true,"href":"https:\/\/www.slatina.hr\/portal\/wp-json\/wp\/v2\/tags?post=122531"}],"curies":[{"name":"wp","href":"https:\/\/api.w.org\/{rel}","templated":true}]}}