{"id":122073,"date":"2024-10-11T07:48:43","date_gmt":"2024-10-11T05:48:43","guid":{"rendered":"https:\/\/www.slatina.hr\/portal\/?p=122073"},"modified":"2024-10-11T07:48:43","modified_gmt":"2024-10-11T05:48:43","slug":"na-18-sjednici-slatinski-gradski-vijecnici-izglasali-rebalans-proracuna-ali-i-ukazali-na-niz-problema-u-gradu","status":"publish","type":"post","link":"https:\/\/www.slatina.hr\/portal\/na-18-sjednici-slatinski-gradski-vijecnici-izglasali-rebalans-proracuna-ali-i-ukazali-na-niz-problema-u-gradu\/","title":{"rendered":"Na 18. sjednici slatinski gradski vije\u0107nici izglasali rebalans prora\u010duna ali i ukazali na niz problema u Gradu"},"content":{"rendered":"<p>Ju\u010der (\u010detvrtak) je u gradskoj vije\u0107nici u zgradi Hrvatskog doma u Slatini odr\u017eana 18. sjednica Gradskog vije\u0107a kojoj se pod predsjedanjem predsjednika istoga Tome Tomi\u0107a odazvalo 9 vije\u0107nika, a uz koje su sjednici prisustvovali zamjenik gradona\u010delnika koji obna\u0161a du\u017enost gradona\u010delnika Ilija Nikoli\u0107, privremeni gradski pro\u010delnik Marin Kokori\u0107 i pro\u010delnik Krunoslav \u0160arabok, djelatnici Gradske uprave, predstavnici gradskih tvrtki i institucija te ostali zainteresirani gra\u0111ani.<\/p>\n<p>Nakon usvajanja predlo\u017eenog dnevnog reda uz dodatak jo\u0161 jedne to\u010dke predsjednik Komisije za mandatna pitanja Gradskog vije\u0107a Grada Slatine Ivica Pavin podnio je izvje\u0161\u0107e o dostavljenoj obavijesti o nastavljanju obna\u0161anja du\u017enosti vije\u0107nika Gradskog vije\u0107a te je konstatirao kako je Komisija utvrdila da je izabrani vije\u0107nik Denis Ostro\u0161i\u0107 30. rujna 2024. godine dostavio obavijest o prestanku mirovanja mandata, te su njegov nastavak obna\u0161anja du\u017enosti \u010dlana gradskog vije\u0107a prihva\u0107anjem spomenutog izvje\u0161\u0107a verificirali nazo\u010dni gradski vije\u0107nici. Budu\u0107i da Ostro\u0161i\u0107 nije nazo\u010dio sjednici predsjednik vije\u0107a Tomo Tomi\u0107 \u010destitke mu je uputio putem izravnog prijenosa sjednice na Radio Slatini.<\/p>\n<p>Vije\u0107nici su potom prihvatili zapisnik s prethodne sjednice te se \u201ebacili\u201c na aktualni sat koji je otvorio Klub vije\u0107nika HDZ-HSLS \u201evru\u0107im\u201c pitanjem vezanim uz \u201eslatinski kampus\u201c te ih je zanimalo je li tvrtka Ri-Petrol do dana\u0161njeg dana fakturirala neki ra\u010dun ili ra\u010dune gradskoj tvrtki Slatina plus i ako je, u kojem iznosu, te je gradski vije\u0107nik Igor Fazeka\u0161 i ovom prigodom ukazao na, kako je rekao, veliki problem zadu\u017eivanja Grada bez suglasnosti Gradskog vije\u0107a, a koji traje ve\u0107 \u010detiri godine.<\/p>\n<p>Odgovor je ponudio pro\u010delnik Stru\u010dne slu\u017ebe Krunoslav \u0160arabok koji je ujedno i na \u010delu tvrtke Slatina plus te naglasio kako tvrtka Slatina plus nije preuzela kampus \u0161to je konstatirano zapisni\u010dki budu\u0107i da je bilo nedostataka koje je trebalo ispraviti.<\/p>\n<p>\u2013 I da su neki ra\u010duni dolazili oni su se vra\u0107ali natrag po\u0161iljatelju jer nije bilo zakonske osnove za njihovim preuzimanjem, odnosno priznavanjem tih ra\u010duna. Dok ne budu ispunjeni svi oni uvjeti iz ugovora te zapisni\u010dki konstatirano da je kampus preuzet, onda imaju osnove, \u2013 rekao je \u0160arabok, a potom je svoj dio pri\u010de iznio Jozo Kalem, vlasnik tvrtke Ri-Petrol koji je tako\u0111er nazo\u010dio sjednici.<\/p>\n<p>Izrazio je \u017ealjenje \u0161to na ovaj na\u010din prisustvuje sjednici te naglasio kako je u ovaj grad od 2019. godine ulo\u017eio vi\u0161e od 18 milijuna eura. Pojasnio je kako mu je i dalje \u017eelja ulagati u Slatini i otvarati nova radna mjesta, te da osim na prostoru biv\u0161eg Gaja i \u0161ire, gdje trenuta\u010dno djeluju \u010detiri tvrtke, ula\u017ee u nove investicije kao \u0161to su elektrana na solarni pogon, a pri kraju su i radovi na obnovi robne ku\u0107e u samom sredi\u0161tu grada u sklopu koje osim prodajnog planira urediti i stambeni prostor sa 13 stanova.<\/p>\n<p>\u0160to se ti\u010de kampusa rekao je kako je 2019. godine na inicijativu Grada Slatine sklopljen ugovor o najmu studentskog centra u kojemu je sve precizirano pa i izgled objekta i ostali detalji. &nbsp;<\/p>\n<p>\u2013 Mi smo taj objekt zavr\u0161ili. Potpisali smo ugovor s tvrtkom Slatina plus, a kao jamac za obaveze Slatina plusa je Grad Slatina \u0161to je dokumentirano kod javnog bilje\u017enika. Ugovor je ovr\u0161ni, zna\u010di ima klauzulu ovrhe. Nakon toga smo mi tvrtki Slatina plus predali tri dijela kampusa, odnosno restoran, smje\u0161tajni dio i dje\u010dji vrti\u0107. U naknadnim pregovorima dogovoreno je da prve godine ne pla\u0107aju \u0161to smo potpisali jedan dodatak ugovora i nakon toga je to stupilo na snagu i tad smo fakturirali prvo simboli\u010dni, potom i puni iznos. Svi ra\u010duni su poslani po\u0161tom i ni jedan nije vra\u0107en, a od 1.1.2022. i uvo\u0111enja sustava e-Ra\u010dun putem spomenute aplikacije, a do dana\u0161njeg dana nije pla\u0107en ni jedan ra\u010dun, \u2013 rekao je Kalem te naglasio kako je dug Slatina plusa na dan 25.9.2024. godine 1.370.000,00 eura, a na koji je tvrtka Ri-Petrol platio 275.000,00 PDV-a. &nbsp;<\/p>\n<p>\u2013 U me\u0111uvremenu smo imali niz inicijativa prema Gradu i odgovornim ljudima kako bi se rije\u0161io nastali problem. I sada nudimo niz rje\u0161enja za rje\u0161avanje tog kampusa, ali od potpisanih obaveza se ne mo\u017ee pobje\u0107i, \u2013 zaklju\u010dio je Kalem.<\/p>\n<p>\u2013 Neosporno je da su potpisani ugovori i da imamo zapisnik o nedostacima koji su trebali biti ispravljeni da bi se dobile sve uporabne dozvole kako bi kampus mogao normalno raditi. Do dan danas nismo napravili zapisnik da su ti nedostaci ispravljeni, da su sve uporabne dozvole izdane sukladno potpisanim ugovorom. Ra\u010dune ako ste slali na Gradsku upravu nisu do\u0161li jer svi e-ra\u010duni koji dolaze na tvrtku Slatina plus dolaze na email Slatina plusa i ako se ra\u010dun ne preuzme on se automatski vra\u0107a po\u0161iljatelju, te bi bilo dobro da po\u0161aljete karticu otvorenog stanja da vidimo o \u010demu se tu radi, \u2013 dodao je \u0160arabok te istaknuo kako se razgovori i dalje vode kako bi se na\u0161lo rje\u0161enje ovog problema.<\/p>\n<p>\u2013 Taj problem ja osobno ne mogu rije\u0161iti, zna\u010di mora biti politi\u010dka volja, \u2013 zaklju\u010dio je \u0160arabok.<\/p>\n<p>\u2013 Mnogo puta smo u razgovorima poku\u0161ali rije\u0161iti ovaj problem koji ti\u0161ti grad Slatinu, i revizija je rekla svoje, dala nam neke smjernice. Svi nadzorni odbori i kroz sva izvje\u0161\u0107a Slatina plusa nisu evidentirani ti novci koje gospodin Kalem ka\u017ee da mu dugujemo. To nije evidentirano i ve\u0107 idu\u0107i tjedan \u0107u osobno tra\u017eiti jednu reviziju u tvrtki Slatina plus da vidimo \u0161to se desilo i ako ima nekakvih problema i \u010dudnih radnji bit \u0107e i posljedica, \u2013 rekao je zamjenik gradona\u010delnika koji obna\u0161a du\u017enost gradona\u010delnika Ilija Nikoli\u0107. &nbsp;<\/p>\n<p>Uslijedio je set pitanja vezanih uz poslovanje tvrtke Komrad \u010diji je direktor Mato Mili\u010di\u0107 izme\u0111u ostaloga istaknuo kako radovi na aglomeraciji teku planiranom dinamikom. Isto tako naglasio je da je unato\u010d zabrinutosti gra\u0111ana zbog kvalitete vode koja je povremeno zamu\u0107ena zbog starih cijevi i pucanja istih, voda ispravna te da se redovito kontrolira kako na izvoru tako i na brojnim lokacijama u Slatini i prigradskim naseljima. Dodao je da \u0107e se ve\u0107i dio starih cijevi aglomeracijom zamijeniti.<\/p>\n<p>Na pitanje o sufinanciranju djece s podru\u010dja Grada Slatine koja su upisana u novootvoreni vrti\u0107 u Novoj Bukovici, obna\u0161atelj du\u017enosti gradona\u010delnika Ilija Nikoli\u0107 rekao je kako je u isti upisano petero djece te \u0107e se odluka o mogu\u0107em sufinanciranju donijeti nakon \u0161to se prikupe podaci i o broju djece sa slatinskog podru\u010dja koja su upisana u vrti\u0107e u Sopju i \u010ca\u0111avici.<\/p>\n<p>Na posljednje od ukupno devet postavljenih pitanja odgovorio je privremeni pro\u010delnik Marin Kokori\u0107 te naglasio kako Grad Slatina planira prijaviti projekt na trenutno aktivni Poziv za podno\u0161enje projektnih prijedloga Interreg Ma\u0111arska-Hrvatska u suradnji s prijateljskim gradom Szigetvarom te da su razgovori u tijeku, a projekt bi se odnosio na temu razvijanja nove zelene turisti\u010dke rute koja \u0107e povezati ju\u017eni \u017delic i Papuk. Dodao je kako je nakon posljednjeg sastanka dogovorena dinamika pisanja projektnog prijedloga, a na pitanje Kluba vije\u0107nika SDP-Fokus koji nisu prisustvovali sjednici, pojasnio je i situaciju vezanu uz projekt sanacije ulica Mirna I i II \u010dija realizacija tako\u0111er ovisi o dinamici radova na aglomeraciji u tom dijelu grada.<\/p>\n<p>Nakon \u201eaktualca\u201c uslijedila je kratka pauza a potom su gradski vije\u0107nici jednoglasno prihvatili sva izvje\u0161\u0107a i donijeli odluke osim jedne to\u010dke koja nije usvojena jer se \u010deka spomenuta revizija, a radi se o razmatranju Informacije o radu i poslovanju Dru\u0161tva \u201eSLATINA PLUS\u201c d.o.o. za 2023. godinu.<\/p>\n<p>Tako je izme\u0111u ostaloga donesena Odluka o davanju koncesije za obavljanje dimnja\u010darskih poslova na podru\u010dju Grada Slatine, a iste \u0107e obavljati tvrtka Slatina kom \u010dije je izvje\u0161\u0107e o radu i poslovanju za 2023. godinu nakon kra\u0107e rasprave tako\u0111er prihva\u0107eno kao i ono tvrtke Komrad i Dje\u010djeg vrti\u0107a Suncokret.<\/p>\n<p>Na kraju sjednice odlukom gradskih vije\u0107nika pro\u0161ao je rebalans prora\u010duna, odnosno prve izmjene i dopune Prora\u010duna Grada Slatine za 2024. godinu i Projekcije Prora\u010duna za 2025. i 2026. godinu, koji je uve\u0107an za 20,64%, odnosno za 4.168.517,31 eura te umjesto planiranih 20.195.572,56 eura sada iznosi 24.364.089,87 eura. U obrazlo\u017eenju stoji kako je prora\u010dun uve\u0107an zbog planiranih investicija Grada vezanih uz nekoliko ve\u0107ih projekata kao \u0161to su izgradnja Podru\u010dnog objekta Dje\u010djeg vrti\u0107a u Sublova\u010dkoj, ure\u0111enje Staro\u0161kolskog igrali\u0161ta i izgradnja hostela sa sportsko-rekreacijskom dvoranom.<\/p>\n<p>(www.radioslatina.hr)<\/p>\nngg_shortcode_0_placeholder\n","protected":false},"excerpt":{"rendered":"<p>Ju\u010der (\u010detvrtak) je u gradskoj vije\u0107nici u zgradi Hrvatskog doma u Slatini odr\u017eana 18. sjednica Gradskog vije\u0107a kojoj se pod predsjedanjem predsjednika istoga Tome Tomi\u0107a<span class=\"excerpt-hellip\"> [\u2026]<\/span><\/p>\n","protected":false},"author":5,"featured_media":122111,"comment_status":"closed","ping_status":"closed","sticky":false,"template":"","format":"standard","meta":{"ngg_post_thumbnail":0,"footnotes":""},"categories":[137,136,11],"tags":[],"class_list":["post-122073","post","type-post","status-publish","format-standard","has-post-thumbnail","hentry","category-naslovnica","category-grad-slatina","category-gradskovijece"],"_links":{"self":[{"href":"https:\/\/www.slatina.hr\/portal\/wp-json\/wp\/v2\/posts\/122073","targetHints":{"allow":["GET"]}}],"collection":[{"href":"https:\/\/www.slatina.hr\/portal\/wp-json\/wp\/v2\/posts"}],"about":[{"href":"https:\/\/www.slatina.hr\/portal\/wp-json\/wp\/v2\/types\/post"}],"author":[{"embeddable":true,"href":"https:\/\/www.slatina.hr\/portal\/wp-json\/wp\/v2\/users\/5"}],"replies":[{"embeddable":true,"href":"https:\/\/www.slatina.hr\/portal\/wp-json\/wp\/v2\/comments?post=122073"}],"version-history":[{"count":1,"href":"https:\/\/www.slatina.hr\/portal\/wp-json\/wp\/v2\/posts\/122073\/revisions"}],"predecessor-version":[{"id":122112,"href":"https:\/\/www.slatina.hr\/portal\/wp-json\/wp\/v2\/posts\/122073\/revisions\/122112"}],"wp:featuredmedia":[{"embeddable":true,"href":"https:\/\/www.slatina.hr\/portal\/wp-json\/wp\/v2\/media\/122111"}],"wp:attachment":[{"href":"https:\/\/www.slatina.hr\/portal\/wp-json\/wp\/v2\/media?parent=122073"}],"wp:term":[{"taxonomy":"category","embeddable":true,"href":"https:\/\/www.slatina.hr\/portal\/wp-json\/wp\/v2\/categories?post=122073"},{"taxonomy":"post_tag","embeddable":true,"href":"https:\/\/www.slatina.hr\/portal\/wp-json\/wp\/v2\/tags?post=122073"}],"curies":[{"name":"wp","href":"https:\/\/api.w.org\/{rel}","templated":true}]}}