{"id":121488,"date":"2024-07-30T09:11:33","date_gmt":"2024-07-30T07:11:33","guid":{"rendered":"https:\/\/www.slatina.hr\/portal\/?p=121488"},"modified":"2024-07-30T09:11:33","modified_gmt":"2024-07-30T07:11:33","slug":"zaposlenicima-projekta-grada-slatine-slatino-zazeli-iii-podijeljeni-promotivni-materijali","status":"publish","type":"post","link":"https:\/\/www.slatina.hr\/portal\/zaposlenicima-projekta-grada-slatine-slatino-zazeli-iii-podijeljeni-promotivni-materijali\/","title":{"rendered":"Zaposlenicima projekta Grada Slatine \u201eSlatino, za\u017eeli III!\u201c podijeljeni promotivni materijali"},"content":{"rendered":"<p>Zaposlenicima u sklopu gradskog projekta \u201eSlatino, za\u017eeli III!\u201c (SF.3.4.11.01.0382) voditeljica istoga Marija Fumi\u0107 uru\u010dila je promotivne materijale, odnosno majice, jakne, notese, kemijske olovke, boce za vodu, ki\u0161obrane i reflektiraju\u0107e ruksake.<\/p>\n<p>\u2013 Ovako opremljenim zaposlenicima bit \u0107e lak\u0161e obavljanje posla u svim vremenskim prilikama, \u2013 istaknula je Fumi\u0107 te podsjetila kako se zaposlenici brinu o 130 korisnika starije \u017eivotne dobi.<\/p>\n<p>Na sastanku odr\u017eanom u prostorijama slatinske Gradske uprave nazo\u010dio je i zamjenik gradona\u010delnika koji obna\u0161a du\u017enost gradona\u010delnika Grada Slatine Ilija Nikoli\u0107 koji je naglasio kako \u0107e nabavljeni promo materijali, osim \u0161to \u0107e zaposlenicima olak\u0161ati posao, doprinijeti i boljoj vidljivosti na terenu, te podsjetio kako je ukupna vrijednost projekta \u201eSlatino, za\u017eeli III!\u201c \u010diji je nositelj Grad Slatina 1.039.500 EUR, a krajnji \u0107e korisnici kroz 33 mjeseca primati pomo\u0107 i podr\u0161ku koja im je neophodna.<\/p>\n<p>(www.radioslatina.hr)<\/p>\n<p><img loading=\"lazy\" decoding=\"async\" class=\"alignnone size-full wp-image-121504\" src=\"https:\/\/www.slatina.hr\/portal\/wp-content\/uploads\/2024\/07\/1654842601_hr-sufinancira-europska-unija-pos-pos.jpg\" alt=\"\" width=\"1687\" height=\"446\" srcset=\"https:\/\/www.slatina.hr\/portal\/wp-content\/uploads\/2024\/07\/1654842601_hr-sufinancira-europska-unija-pos-pos.jpg 1687w, https:\/\/www.slatina.hr\/portal\/wp-content\/uploads\/2024\/07\/1654842601_hr-sufinancira-europska-unija-pos-pos-768x203.jpg 768w, https:\/\/www.slatina.hr\/portal\/wp-content\/uploads\/2024\/07\/1654842601_hr-sufinancira-europska-unija-pos-pos-1536x406.jpg 1536w, https:\/\/www.slatina.hr\/portal\/wp-content\/uploads\/2024\/07\/1654842601_hr-sufinancira-europska-unija-pos-pos-150x40.jpg 150w, https:\/\/www.slatina.hr\/portal\/wp-content\/uploads\/2024\/07\/1654842601_hr-sufinancira-europska-unija-pos-pos-620x164.jpg 620w, https:\/\/www.slatina.hr\/portal\/wp-content\/uploads\/2024\/07\/1654842601_hr-sufinancira-europska-unija-pos-pos-480x127.jpg 480w\" sizes=\"auto, (max-width:767px) 480px, (max-width:1687px) 100vw, 1687px\" \/><\/p>\n<p><img loading=\"lazy\" decoding=\"async\" class=\"alignnone size-full wp-image-121505\" src=\"https:\/\/www.slatina.hr\/portal\/wp-content\/uploads\/2024\/07\/esf-op-ucinkoviti-ljudski-potencijali-logo-horizontalni-boja-rgb-300x90-1.jpg\" alt=\"\" width=\"300\" height=\"90\" srcset=\"https:\/\/www.slatina.hr\/portal\/wp-content\/uploads\/2024\/07\/esf-op-ucinkoviti-ljudski-potencijali-logo-horizontalni-boja-rgb-300x90-1.jpg 300w, https:\/\/www.slatina.hr\/portal\/wp-content\/uploads\/2024\/07\/esf-op-ucinkoviti-ljudski-potencijali-logo-horizontalni-boja-rgb-300x90-1-150x45.jpg 150w\" sizes=\"auto, (max-width:767px) 300px, 300px\" \/><\/p>\nngg_shortcode_0_placeholder\n","protected":false},"excerpt":{"rendered":"<p>Zaposlenicima u sklopu gradskog projekta \u201eSlatino, za\u017eeli III!\u201c (SF.3.4.11.01.0382) voditeljica istoga Marija Fumi\u0107 uru\u010dila je promotivne materijale, odnosno majice, jakne, notese, kemijske olovke, boce za<span class=\"excerpt-hellip\"> [\u2026]<\/span><\/p>\n","protected":false},"author":5,"featured_media":121507,"comment_status":"closed","ping_status":"closed","sticky":false,"template":"","format":"standard","meta":{"ngg_post_thumbnail":0,"footnotes":""},"categories":[137,136,234],"tags":[],"class_list":["post-121488","post","type-post","status-publish","format-standard","has-post-thumbnail","hentry","category-naslovnica","category-grad-slatina","category-projekt-slatino-zazeli-3"],"_links":{"self":[{"href":"https:\/\/www.slatina.hr\/portal\/wp-json\/wp\/v2\/posts\/121488","targetHints":{"allow":["GET"]}}],"collection":[{"href":"https:\/\/www.slatina.hr\/portal\/wp-json\/wp\/v2\/posts"}],"about":[{"href":"https:\/\/www.slatina.hr\/portal\/wp-json\/wp\/v2\/types\/post"}],"author":[{"embeddable":true,"href":"https:\/\/www.slatina.hr\/portal\/wp-json\/wp\/v2\/users\/5"}],"replies":[{"embeddable":true,"href":"https:\/\/www.slatina.hr\/portal\/wp-json\/wp\/v2\/comments?post=121488"}],"version-history":[{"count":1,"href":"https:\/\/www.slatina.hr\/portal\/wp-json\/wp\/v2\/posts\/121488\/revisions"}],"predecessor-version":[{"id":121506,"href":"https:\/\/www.slatina.hr\/portal\/wp-json\/wp\/v2\/posts\/121488\/revisions\/121506"}],"wp:featuredmedia":[{"embeddable":true,"href":"https:\/\/www.slatina.hr\/portal\/wp-json\/wp\/v2\/media\/121507"}],"wp:attachment":[{"href":"https:\/\/www.slatina.hr\/portal\/wp-json\/wp\/v2\/media?parent=121488"}],"wp:term":[{"taxonomy":"category","embeddable":true,"href":"https:\/\/www.slatina.hr\/portal\/wp-json\/wp\/v2\/categories?post=121488"},{"taxonomy":"post_tag","embeddable":true,"href":"https:\/\/www.slatina.hr\/portal\/wp-json\/wp\/v2\/tags?post=121488"}],"curies":[{"name":"wp","href":"https:\/\/api.w.org\/{rel}","templated":true}]}}