{"id":120915,"date":"2024-05-28T13:54:35","date_gmt":"2024-05-28T11:54:35","guid":{"rendered":"https:\/\/www.slatina.hr\/portal\/?p=120915"},"modified":"2024-05-28T13:54:35","modified_gmt":"2024-05-28T11:54:35","slug":"ivano-bocor-prvak-hrvatske-iz-povijesti-gostovao-u-slatinskoj-gradskoj-upravi","status":"publish","type":"post","link":"https:\/\/www.slatina.hr\/portal\/ivano-bocor-prvak-hrvatske-iz-povijesti-gostovao-u-slatinskoj-gradskoj-upravi\/","title":{"rendered":"Ivano Bocor prvak Hrvatske iz povijesti gostovao u slatinskoj Gradskoj upravi"},"content":{"rendered":"<p>Zamjenik gradona\u010delnika koji obna\u0161a du\u017enost gradona\u010delnika Grada Slatine Ilija Nikoli\u0107 danas je u svom uredu ugostio dr\u017eavnog prvaka Ivana Bocora i njegovu mentoricu Martinu Grundler Hrala.<\/p>\n<p>Ivano Bocor u\u010denik je 8. razreda slatinske Osnovne \u0161kole Josipa Kozarca koji trenuta\u010dno nosi titulu dvostrukog osnovno\u0161kolskog prvaka Hrvatske iz povijesti.<\/p>\n<p>Ovaj izuzetan mladi povjesni\u010dar i ove je godine, kao i pro\u0161le na dr\u017eavnom natjecanju iz povijesti pomeo svu konkurenciju i pobrao sve pohvale.<br \/>\nNa \u0161kolskom kao i \u017eupanijskom natjecanju rije\u0161io je 95% testa, dok je na dr\u017eavnom u Puli imao najbolji rezultat od 98% rije\u0161enosti sa samo jednom gre\u0161kom. Uz talent, marljivost i upornost ovog mladog \u010dovjeka \u017eeljnog znanja, za takav rezultat zaslu\u017ena je i dobra priprema te potpora obitelji (koja mu je dala mira za u\u010denje), kao i potpora njegove nastavnice povijesti i mentorice koja je s njim radila na svakodnevnoj bazi \u010dak i za vrijeme proljetnih praznika.<br \/>\nIvano je za dr\u017eavno natjecanje u\u010dio oko 6 sati dnevno punih mjesec dana, ukupno preko 130 sati, naravno uz sve ostale \u0161kolske i druge obveze tako da je za njega, kako je rekao, to bio lak zadatak.<\/p>\n<p><a href=\"https:\/\/www.radioslatina.hr\/?attachment_id=342029\" rel=\"attachment wp-att-342029 noopener\" target=\"_blank\"><img loading=\"lazy\" decoding=\"async\" class=\"alignnone size-full wp-image-342029\" src=\"https:\/\/www.radioslatina.hr\/wp-content\/uploads\/2024\/05\/IMG_0299_1024x683.jpg\" sizes=\"auto, (max-width: 1024px) 100vw, 1024px\" srcset=\"https:\/\/www.radioslatina.hr\/wp-content\/uploads\/2024\/05\/IMG_0299_1024x683.jpg 1024w, https:\/\/www.radioslatina.hr\/wp-content\/uploads\/2024\/05\/IMG_0299_1024x683-768x512.jpg 768w\" alt=\"\" width=\"1024\" height=\"683\" title=\"\"><\/a><\/p>\n<p>\u2013 Bilo je lagano, no imao sam ve\u0107u tremu nego pro\u0161le godine jer sam mislio da svi od mene o\u010dekuju da opet budem prvi. Znao sam da sam dobro napisao test, ali nisam znao kako su drugi napisali. S nestrpljenjem sam \u010dekao rezultate i na sre\u0107u ispalo je super, ponovno sam bio prvi \u0161to mi je drago jer zaista me zanima povijest i volim taj predmet, \u2013 rekao je Ivano koji je ina\u010de bio jedini Slavonac na dr\u017eavnom natjecanju iz povijesti za u\u010denike osnovnih \u0161kola u Puli. &nbsp;<\/p>\n<p>\u2013 Nije to bila sre\u0107a, ve\u0107 marljiv rad i trud, te mi je drago da imamo takvog u\u010denika u \u0161koli koji sa \u017earom upija nova znanja i to iz vi\u0161e podru\u010dja. Naime, uz povijest i sportske aktivnosti kojima se bavi Ivano je ove godine izborio i nastup na dr\u017eavnom natjecanju iz geografije. \u0160to se ti\u010de povijesti valja naglasiti da je tijekom priprema Ivano unaprijed odradio i nau\u010dio gradivo koje se tek sada u\u010di kroz redovni \u0161kolski kurikulum, \u2013 nadovezala se ponosna mentorica Martina Grundler Hrala, te dodala kako je tijekom objave rezultata srela savjetnika za nastavu povijesti i predsjednika dr\u017eavnog povjerenstva Hrvoja Kne\u017eevi\u0107a koji je ina\u010de i savjetnik za \u010detiri slavonske \u017eupanije, te primila pohvale za svoje mentorstvo \u201eMali ti je top, svaka \u010dast, daleko je bio najbolji od svih jer nitko nije s tolikom to\u010dno\u0161\u0107u rije\u0161io test\u201c.<\/p>\n<p>\u2013&nbsp; Ivano to sve tako lijepo prati, nevjerojatno je sustavan i organiziran, te je zbog toga i postigao toliko uspjeha do sada. Svi mo\u017eemo od njego puno toga nau\u010diti, \u2013 zaklju\u010dila je njegova mentorica Martina Grundler Hrala.<\/p>\n<p>S dr\u017eavnog natjecanja vratili su se sretni i veseli tim vi\u0161e \u0161to su im i u \u0161koli organizirali sve\u010dani do\u010dek. Budu\u0107i da su se vratili na Dan planeta Zemlje 22. travnja nastavnica geografije Brankica Safin do\u0161la je na ideju da Ivano posadi svoje drvo, tako da \u0107e posa\u0111eni bor u \u0161kolskom dvori\u0161tu podsje\u0107ati nove generacije u\u010denika na Ivanov uspjeh.<\/p>\n<p>Uz prigodan poklon \u010destitke na ostvarenom uspjehu Ivanu je uputio i zamjenik gradona\u010delnika koji obna\u0161a du\u017enost gradona\u010delnika Grada Slatine Ilija Nikoli\u0107.<\/p>\n<p>\u2013 Drago mi je \u0161to je Ivano postigao ovakav nevjerojatan uspjeh, svaka pohvala i \u010destitke na tome. Ivano je jedan svestran mladi\u0107 kojega poznam jo\u0161 od kako je kao klinac krenuo na nogomet. Ponosan sam na tvoj uspjeh i nadam se da \u0107e\u0161 i dalje u svom srednjo\u0161kolskom obrazovanju, a onda vjerujem i na fakultetu postizati dobre rezultate. Svijetla budu\u0107nost je pred tobom , \u2013 istaknuo je obna\u0161atelj du\u017enosti slatinskog gradona\u010delnika Ilija Nikoli\u0107 podsjetiv\u0161i na stipendije kojima Grad Slatina poma\u017ee \u0161kolovanje srednjo\u0161kolaca i studenata te darovitih u\u010denika. &nbsp;<\/p>\n<p>\u2013 Nadam se da \u0107e\u0161 na kraju svog \u0161kolovanja budu\u0107nost prona\u0107i u Slatini te doprinositi njenom rastu i razvoju, mo\u017eda i kao budu\u0107i gradona\u010delnik, \u2013 zaklju\u010dio je Nikoli\u0107.<\/p>\n<p>Kako smo doznali Ivano planira upisati XV. gimnaziju u Zagrebu, odnosno Prirodoslovnu-matemati\u010dku gimnaziju koja se smatra najboljom srednjom \u0161kolom u Hrvatskoj \u0161to potvr\u0111uje osvajanjem ve\u0107ine prvih, drugih i tre\u0107ih mjesta na dr\u017eavnim natjecanjima te brojnim medaljama na me\u0111unarodnim natjecanjima i olimpijadama, kao i na rezultatima dr\u017eavne mature. Upravo u takvo okru\u017eenje pripada i na\u0161 Ivano Bocor koji trenuta\u010dno jo\u0161 ne razmi\u0161lja \u0161to \u0107e u kona\u010dnici raditi u \u017eivotu ve\u0107 ide korak po korak u \u017eeljenom smjeru.<br \/>\nUz brojne nagrade, priznanja i osvojene medalje te dva Oscara znanja samo mu je nebo granica.<\/p>\n<p>(www.radioslatina.hr)<\/p>\nngg_shortcode_0_placeholder\n","protected":false},"excerpt":{"rendered":"<p>Zamjenik gradona\u010delnika koji obna\u0161a du\u017enost gradona\u010delnika Grada Slatine Ilija Nikoli\u0107 danas je u svom uredu ugostio dr\u017eavnog prvaka Ivana Bocora i njegovu mentoricu Martinu Grundler<span class=\"excerpt-hellip\"> [\u2026]<\/span><\/p>\n","protected":false},"author":5,"featured_media":120921,"comment_status":"closed","ping_status":"closed","sticky":false,"template":"","format":"standard","meta":{"ngg_post_thumbnail":0,"footnotes":""},"categories":[137,136],"tags":[],"class_list":["post-120915","post","type-post","status-publish","format-standard","has-post-thumbnail","hentry","category-naslovna","category-grad-slatina"],"_links":{"self":[{"href":"https:\/\/www.slatina.hr\/portal\/wp-json\/wp\/v2\/posts\/120915","targetHints":{"allow":["GET"]}}],"collection":[{"href":"https:\/\/www.slatina.hr\/portal\/wp-json\/wp\/v2\/posts"}],"about":[{"href":"https:\/\/www.slatina.hr\/portal\/wp-json\/wp\/v2\/types\/post"}],"author":[{"embeddable":true,"href":"https:\/\/www.slatina.hr\/portal\/wp-json\/wp\/v2\/users\/5"}],"replies":[{"embeddable":true,"href":"https:\/\/www.slatina.hr\/portal\/wp-json\/wp\/v2\/comments?post=120915"}],"version-history":[{"count":1,"href":"https:\/\/www.slatina.hr\/portal\/wp-json\/wp\/v2\/posts\/120915\/revisions"}],"predecessor-version":[{"id":120922,"href":"https:\/\/www.slatina.hr\/portal\/wp-json\/wp\/v2\/posts\/120915\/revisions\/120922"}],"wp:featuredmedia":[{"embeddable":true,"href":"https:\/\/www.slatina.hr\/portal\/wp-json\/wp\/v2\/media\/120921"}],"wp:attachment":[{"href":"https:\/\/www.slatina.hr\/portal\/wp-json\/wp\/v2\/media?parent=120915"}],"wp:term":[{"taxonomy":"category","embeddable":true,"href":"https:\/\/www.slatina.hr\/portal\/wp-json\/wp\/v2\/categories?post=120915"},{"taxonomy":"post_tag","embeddable":true,"href":"https:\/\/www.slatina.hr\/portal\/wp-json\/wp\/v2\/tags?post=120915"}],"curies":[{"name":"wp","href":"https:\/\/api.w.org\/{rel}","templated":true}]}}