{"id":120793,"date":"2024-05-08T08:57:01","date_gmt":"2024-05-08T06:57:01","guid":{"rendered":"https:\/\/www.slatina.hr\/portal\/?p=120793"},"modified":"2024-05-08T08:57:01","modified_gmt":"2024-05-08T06:57:01","slug":"zapocinje-izgradnja-reciklaznog-dvorista-u-gradu-slatini","status":"publish","type":"post","link":"https:\/\/www.slatina.hr\/portal\/zapocinje-izgradnja-reciklaznog-dvorista-u-gradu-slatini\/","title":{"rendered":"Zapo\u010dinje izgradnja recikla\u017enog dvori\u0161ta u gradu Slatini"},"content":{"rendered":"<p>U Gradskoj upravi Grada Slatine zamjenik gradona\u010delnika koji obna\u0161a du\u017enost gradona\u010delnika Ilija Nikoli\u0107 i ovla\u0161teni in\u017eenjer gra\u0111evinarstva \u017deljko \u0160aponja potpisali su ugovor o obavljanju stru\u010dnog nadzora&nbsp; na izgradnji recikla\u017enog dvori\u0161ta u Slatini.<\/p>\n<p>Nakon potpisivanja ugovora obavljeno je uvo\u0111enje u posao izvo\u0111a\u010da radova, tvrtke Hidroving gra\u0111evinarstvo iz Virovitice te je prijavljen po\u010detak radova nadle\u017enom upravnom odjelu Viroviti\u010dko-podravske \u017eupanije koji je izdao gra\u0111evinsku dozvolu.<\/p>\n<p>Uslijedio je obilazak lokacije budu\u0107eg recikla\u017enog dvori\u0161ta u Slatini, u Poduzetni\u010dkoj zoni Trnova\u010da, na gradskoj \u010destici smje\u0161tenoj izme\u0111u ceste i \u017eeljezni\u010dke pruge, a Izvo\u0111a\u010d \u0107e uskoro krenuti s pripremnim radovima odnosno uklanjanjem raslinja i geodetskim iskol\u010denjem gra\u0111evine.&nbsp;<\/p>\n<p>(www.radioslatina.hr)<\/p>\n<p>&nbsp;<\/p>\n<p><a href=\"https:\/\/www.radioslatina.hr\/?attachment_id=338586\" rel=\"attachment wp-att-338586 noopener\" target=\"_blank\"><img loading=\"lazy\" decoding=\"async\" class=\"alignnone size-full wp-image-338586\" src=\"https:\/\/www.radioslatina.hr\/wp-content\/uploads\/2024\/05\/logo-Financira-EU-NextGeneratioEU.png\" alt=\"\" width=\"692\" height=\"324\"><\/a><\/p>\nngg_shortcode_0_placeholder\n","protected":false},"excerpt":{"rendered":"<p>U Gradskoj upravi Grada Slatine zamjenik gradona\u010delnika koji obna\u0161a du\u017enost gradona\u010delnika Ilija Nikoli\u0107 i ovla\u0161teni in\u017eenjer gra\u0111evinarstva \u017deljko \u0160aponja potpisali su ugovor o obavljanju stru\u010dnog<span class=\"excerpt-hellip\"> [\u2026]<\/span><\/p>\n","protected":false},"author":5,"featured_media":120799,"comment_status":"closed","ping_status":"closed","sticky":false,"template":"","format":"standard","meta":{"ngg_post_thumbnail":0,"footnotes":""},"categories":[137,136,228],"tags":[],"class_list":["post-120793","post","type-post","status-publish","format-standard","has-post-thumbnail","hentry","category-naslovnica","category-grad-slatina","category-projekt-izgradnja-reciklaznog-dvorista"],"_links":{"self":[{"href":"https:\/\/www.slatina.hr\/portal\/wp-json\/wp\/v2\/posts\/120793","targetHints":{"allow":["GET"]}}],"collection":[{"href":"https:\/\/www.slatina.hr\/portal\/wp-json\/wp\/v2\/posts"}],"about":[{"href":"https:\/\/www.slatina.hr\/portal\/wp-json\/wp\/v2\/types\/post"}],"author":[{"embeddable":true,"href":"https:\/\/www.slatina.hr\/portal\/wp-json\/wp\/v2\/users\/5"}],"replies":[{"embeddable":true,"href":"https:\/\/www.slatina.hr\/portal\/wp-json\/wp\/v2\/comments?post=120793"}],"version-history":[{"count":1,"href":"https:\/\/www.slatina.hr\/portal\/wp-json\/wp\/v2\/posts\/120793\/revisions"}],"predecessor-version":[{"id":120800,"href":"https:\/\/www.slatina.hr\/portal\/wp-json\/wp\/v2\/posts\/120793\/revisions\/120800"}],"wp:featuredmedia":[{"embeddable":true,"href":"https:\/\/www.slatina.hr\/portal\/wp-json\/wp\/v2\/media\/120799"}],"wp:attachment":[{"href":"https:\/\/www.slatina.hr\/portal\/wp-json\/wp\/v2\/media?parent=120793"}],"wp:term":[{"taxonomy":"category","embeddable":true,"href":"https:\/\/www.slatina.hr\/portal\/wp-json\/wp\/v2\/categories?post=120793"},{"taxonomy":"post_tag","embeddable":true,"href":"https:\/\/www.slatina.hr\/portal\/wp-json\/wp\/v2\/tags?post=120793"}],"curies":[{"name":"wp","href":"https:\/\/api.w.org\/{rel}","templated":true}]}}