{"id":12067,"date":"2014-07-25T11:06:38","date_gmt":"2014-07-25T10:06:38","guid":{"rendered":"http:\/\/www.slatina.hr\/?p=12067"},"modified":"2014-07-25T11:06:38","modified_gmt":"2014-07-25T10:06:38","slug":"kako-su-radili-nasi-stari-i-slatinske-slike-sampanj-sampanj-za-dan-grada","status":"publish","type":"post","link":"https:\/\/www.slatina.hr\/portal\/kako-su-radili-nasi-stari-i-slatinske-slike-sampanj-sampanj-za-dan-grada\/","title":{"rendered":"&#8221;Kako su radili na\u0161i stari&#8221; i Slatinske slike &#8221;\u0160ampanj-\u0161ampanj&#8221; za Dan grada"},"content":{"rendered":"<p>Drugu godinu za redom u organizaciji grada Slatine, Savjetodavne slu\u017ebe i Turisti\u010dke zajednice grada Slatine odr\u017eat \u0107e se sajam &#8221;Kako su radili na\u0161i stari&#8221; u sklopu obilje\u017eavanja Dana grada.<\/p>\n<p>Sajam \u0107e se odr\u017eati 31.8. u Parku 136. brigade u Slatini, a sudjelovanje za sve izlaga\u010de je besplatno. U sklopu sajam biti \u0107e uprili\u010dene Slatinske slike pod nazivom: \u0160ampanj-\u0161ampanj, s kojima \u0107emo se kroz scenski program vratiti u 1864. godinu kada je u Slatini proizveden prvi \u0161ampanjac.<\/p>\n<p>I ove godine na sajmu posjetitelji \u0107e se mo\u0107i vratiti u pro\u0161lost kroz razna zaboravljena zanimanja: od gacanja gro\u017e\u0111a u drvenom buretu, preko starih zanata: postolari, kroja\u010di, frizeri sve do izlo\u017ebe starih pisa\u0107ih ma\u0161ina, nadalje posjetitelji \u0107e tako\u0111er mo\u0107i kupiti doma\u0107e proizvode: vo\u0107e, povr\u0107e, med i drugo. (slatina.hr)<\/p>\n","protected":false},"excerpt":{"rendered":"<p>Drugu godinu za redom u organizaciji grada Slatine, Savjetodavne slu\u017ebe i Turisti\u010dke zajednice grada Slatine odr\u017eat \u0107e se sajam &#8221;Kako su radili na\u0161i stari&#8221; u<span class=\"excerpt-hellip\"> [\u2026]<\/span><\/p>\n","protected":false},"author":1,"featured_media":12069,"comment_status":"closed","ping_status":"closed","sticky":false,"template":"","format":"standard","meta":{"ngg_post_thumbnail":0,"footnotes":""},"categories":[136],"tags":[],"class_list":["post-12067","post","type-post","status-publish","format-standard","has-post-thumbnail","hentry","category-grad-slatina"],"_links":{"self":[{"href":"https:\/\/www.slatina.hr\/portal\/wp-json\/wp\/v2\/posts\/12067","targetHints":{"allow":["GET"]}}],"collection":[{"href":"https:\/\/www.slatina.hr\/portal\/wp-json\/wp\/v2\/posts"}],"about":[{"href":"https:\/\/www.slatina.hr\/portal\/wp-json\/wp\/v2\/types\/post"}],"author":[{"embeddable":true,"href":"https:\/\/www.slatina.hr\/portal\/wp-json\/wp\/v2\/users\/1"}],"replies":[{"embeddable":true,"href":"https:\/\/www.slatina.hr\/portal\/wp-json\/wp\/v2\/comments?post=12067"}],"version-history":[{"count":0,"href":"https:\/\/www.slatina.hr\/portal\/wp-json\/wp\/v2\/posts\/12067\/revisions"}],"wp:featuredmedia":[{"embeddable":true,"href":"https:\/\/www.slatina.hr\/portal\/wp-json\/wp\/v2\/media\/12069"}],"wp:attachment":[{"href":"https:\/\/www.slatina.hr\/portal\/wp-json\/wp\/v2\/media?parent=12067"}],"wp:term":[{"taxonomy":"category","embeddable":true,"href":"https:\/\/www.slatina.hr\/portal\/wp-json\/wp\/v2\/categories?post=12067"},{"taxonomy":"post_tag","embeddable":true,"href":"https:\/\/www.slatina.hr\/portal\/wp-json\/wp\/v2\/tags?post=12067"}],"curies":[{"name":"wp","href":"https:\/\/api.w.org\/{rel}","templated":true}]}}